{"id":38852,"date":"2021-07-30T10:06:42","date_gmt":"2021-07-30T16:06:42","guid":{"rendered":"https:\/\/redsemlac.com\/semmexico\/?p=38852"},"modified":"2023-07-21T17:05:02","modified_gmt":"2023-07-21T22:05:02","slug":"tlalpan-tendra-las-puertas-abiertas-para-su-gente-alcaldesa-electa","status":"publish","type":"post","link":"https:\/\/redsemlac.com\/semmexico\/tlalpan-tendra-las-puertas-abiertas-para-su-gente-alcaldesa-electa\/","title":{"rendered":"Tlalpan tendr\u00e1 las puertas abiertas para su gente: alcaldesa electa"},"content":{"rendered":"\n<p class=\"wp-block-paragraph\"><\/p>\n\n\n\n<p class=\"wp-block-paragraph\">Foto: Roberto Hern\u00e1ndez | El Sol de M\u00e9xico<\/p>\n\n\n\n<p class=\"wp-block-paragraph\">En entrevista con El Sol de M\u00e9xico indica que trabajar\u00e1 para mejorar los servicios urbanos, la seguridad y el desabasto de agua<\/p>\n\n\n\n<p class=\"wp-block-paragraph\"><strong>Manuel Cosme&nbsp;<\/strong><strong><\/strong><\/p>\n\n\n\n<p class=\"wp-block-paragraph\">SemM\u00e9xico\/ El Sol de M\u00e9xico, Cd. de M\u00e9xico, 30 de julio, 2021.- A Tlalpan \u201cle hace falta fundamentalmente m\u00e1s seguridad, falta mejor distribuci\u00f3n del agua, entre otras cosas nos falta tener un Gobierno cercano a la gente\u201d, asegur\u00f3 Alfa Gonz\u00e1lez Magallanes, alcaldesa electa de esa demarcaci\u00f3n.(PRI\/PAN\/PRD\/)<\/p>\n\n\n\n<p class=\"wp-block-paragraph\">En entrevista con El Sol de M\u00e9xico destac\u00f3: \u201cEste va a ser un Gobierno de puertas abiertas, necesitamos que las personas que tienen tantas demandas y necesidades tengan la posibilidad de venir con la alcaldesa, de venir con su representante, porque finalmente para eso voy a trabajar, para ellos, y manifestarnos cu\u00e1les son esas problem\u00e1ticas para poderlos resolverlas y ponernos a trabajar en ellas inmediatamente.<\/p>\n\n\n\n<p class=\"wp-block-paragraph\">&nbsp;\u201cEs momento, ahora, de regresar a las calles, de recorrer el territorio y va a ser una de las acciones que vamos a hacer el primer d\u00eda, de regresar al territorio\u201d.<\/p>\n\n\n\n<p class=\"wp-block-paragraph\">Manifest\u00f3 que los anteriores gobiernos de Morena provocaron que los tlalpenses perdieran la confianza en sus autoridades por lo que \u201cahora, hay que trabajar para ellos, insisto, con los servicios urbanos, mejorando la seguridad en Tlalpan, mejorando la distribuci\u00f3n del agua, mejorando la calidad de vida para los ni\u00f1os, ni\u00f1as, nuestros adolescentes, para las mujeres, los adultos mayores, pero, de tal manera, que con este acercamiento que tengamos con estas acciones concretas, terminen ganando incluso aquellos que no votaron por nosotros.<\/p>\n\n\n\n<p class=\"wp-block-paragraph\">Se le pregunt\u00f3 si Tlalpan es una alcald\u00eda insegura y respondi\u00f3: \u201ces una alcald\u00eda donde han venido increment\u00e1ndose los delitos, yo dir\u00eda que no es una alcald\u00eda propiamente peligrosa, sino que todav\u00eda estamos a tiempo de controlar la delincuencia, de controlar el \u00edndice delictivo.<\/p>\n\n\n\n<p class=\"wp-block-paragraph\">-\u00bfC\u00f3mo va a mejorar la seguridad?<\/p>\n\n\n\n<p class=\"wp-block-paragraph\">-La seguridad la vamos a mejorar implementando acciones, como es el caso de Benito Ju\u00e1rez, que es una de las alcald\u00edas m\u00e1s seguras, que implementaron el programa Blindar.<\/p>\n\n\n\n<p class=\"wp-block-paragraph\">Nosotros tambi\u00e9n vamos a tener c\u00e1maras de videovigilancia que tengan reconocimiento facial, reconocimiento de las placas vehiculares, pero tambi\u00e9n, y principalmente, lo vamos a recuperar con la participaci\u00f3n de la ciudadan\u00eda, ella tiene que ser parte fundamental de esto, la comunicaci\u00f3n que se tenga importa; si no denuncian, si no presionan un bot\u00f3n, una aplicaci\u00f3n cualquiera que sea, no va a funcionar.<\/p>\n\n\n\n<p class=\"wp-block-paragraph\">Necesitamos nuevamente recuperar la confianza tambi\u00e9n en el personal de seguridad, hay que tener elementos mejor preparados; tambi\u00e9n, deben de portar una c\u00e1mara para que esto sea parte de evitar extorsiones, de evitar que est\u00e9n pase\u00e1ndose, de evitar que est\u00e9n fuera de su lugar en lugar de estar trabajando.<\/p>\n\n\n\n<p class=\"wp-block-paragraph\">\u00bfPero, Benito Ju\u00e1rez es una alcald\u00eda netamente urbana, y aunque en Tlalpan tambi\u00e9n hay zonas urbanas, hay otras rurales y no creo que ah\u00ed funcione el esquema de Benito Ju\u00e1rez?<\/p>\n\n\n\n<p class=\"wp-block-paragraph\">Lo que nosotros tratamos es aplicar estrategias que han tenido \u00e9xito en la ciudad, sin embargo, es cierto y en el caso de Benito Ju\u00e1rez es una alcald\u00eda distinta, como lo es Cuajimalpa, como es cada una de las 16 demarcaciones.<\/p>\n\n\n\n<p class=\"wp-block-paragraph\">Tlalpan es \u00fanica, podemos decir que hay tres Tlalpan en cuanto a sus caracter\u00edsticas en el territorio y la zona, este es uno de los problemas a los que nos vamos a enfrentar de c\u00f3mo, por ejemplo, implementar las c\u00e1maras en zonas boscosas, en donde no hay conexi\u00f3n de internet, en donde no hay se\u00f1al el\u00e9ctrica.<\/p>\n\n\n\n<p class=\"wp-block-paragraph\">Entonces, este es uno de los primeros temas que estamos ya estamos y viendo en este periodo de transici\u00f3n para platicar con estas empresas de telecomunicaciones, para ver c\u00f3mo s\u00ed podemos generar estos mecanismos que no se han hecho anteriormente.<\/p>\n\n\n\n<p class=\"wp-block-paragraph\">Sobre c\u00f3mo hacer llegar el agua a Tlalpan dijo: \u201cEs un asunto complejo. No podemos hablar de que todos los d\u00edas podemos garantizar el agua y mucho menos en la ciudad ni en el mundo, creo que ya estamos viviendo tambi\u00e9n condiciones en que vamos llegar a un momento de vivir con ciertos d\u00edas o ciertos periodos donde tendremos agua y otros no, que tenemos que racionar el agua.<\/p>\n\n\n\n<p class=\"wp-block-paragraph\">\u201cSin embargo, tambi\u00e9n que generar medidas de captaci\u00f3n de agua de lluvia, en donde lo hagamos no solamente para esas colonias de escasos recursos, sino que tambi\u00e9n en las oficinas de Gobierno vamos a implementar captaci\u00f3n de lluvia, para que el agua que se utiliza en las oficinas institucionales sea mejor para vivienda\u201d.<\/p>\n\n\n\n<p class=\"wp-block-paragraph\">De su programa de recuperaci\u00f3n econ\u00f3mica coment\u00f3: \u201cEstamos nosotros pensando en trabajar de la mano con el sector empresarial, con el sector privado, que todas las construcciones, por ejemplo, que todo lo que se contrate tenga mano de obra de las y los tlalpenses.<\/p>\n\n\n\n<p class=\"wp-block-paragraph\">\u201cPara la reactivaci\u00f3n econ\u00f3mica, tambi\u00e9n vamos a implementar un programa que se llama Empl\u00e9ate\u201d.<\/p>\n","protected":false},"excerpt":{"rendered":"<p>Foto: Roberto Hern\u00e1ndez | El Sol de M\u00e9xico En entrevista con El Sol de M\u00e9xico indica que trabajar\u00e1 para mejorar los servicios urbanos, la seguridad y el desabasto de agua Manuel Cosme&nbsp; SemM\u00e9xico\/ El Sol de M\u00e9xico, Cd. de M\u00e9xico, 30 de julio, 2021.- A Tlalpan \u201cle hace falta fundamentalmente m\u00e1s seguridad, falta mejor distribuci\u00f3n [&hellip;]<\/p>\n","protected":false},"author":3,"featured_media":38853,"comment_status":"open","ping_status":"open","sticky":false,"template":"","format":"standard","meta":{"_monsterinsights_skip_tracking":false,"footnotes":""},"categories":[692,141],"tags":[],"class_list":["post-38852","post","type-post","status-publish","format-standard","has-post-thumbnail","category-692","category-elecciones-2020-2021"],"_links":{"self":[{"href":"https:\/\/redsemlac.com\/semmexico\/wp-json\/wp\/v2\/posts\/38852","targetHints":{"allow":["GET"]}}],"collection":[{"href":"https:\/\/redsemlac.com\/semmexico\/wp-json\/wp\/v2\/posts"}],"about":[{"href":"https:\/\/redsemlac.com\/semmexico\/wp-json\/wp\/v2\/types\/post"}],"author":[{"embeddable":true,"href":"https:\/\/redsemlac.com\/semmexico\/wp-json\/wp\/v2\/users\/3"}],"replies":[{"embeddable":true,"href":"https:\/\/redsemlac.com\/semmexico\/wp-json\/wp\/v2\/comments?post=38852"}],"version-history":[{"count":0,"href":"https:\/\/redsemlac.com\/semmexico\/wp-json\/wp\/v2\/posts\/38852\/revisions"}],"wp:featuredmedia":[{"embeddable":true,"href":"https:\/\/redsemlac.com\/semmexico\/wp-json\/wp\/v2\/media\/38853"}],"wp:attachment":[{"href":"https:\/\/redsemlac.com\/semmexico\/wp-json\/wp\/v2\/media?parent=38852"}],"wp:term":[{"taxonomy":"category","embeddable":true,"href":"https:\/\/redsemlac.com\/semmexico\/wp-json\/wp\/v2\/categories?post=38852"},{"taxonomy":"post_tag","embeddable":true,"href":"https:\/\/redsemlac.com\/semmexico\/wp-json\/wp\/v2\/tags?post=38852"}],"curies":[{"name":"wp","href":"https:\/\/api.w.org\/{rel}","templated":true}]}}