{"id":38845,"date":"2021-07-30T10:00:43","date_gmt":"2021-07-30T16:00:43","guid":{"rendered":"https:\/\/redsemlac.com\/semmexico\/?p=38845"},"modified":"2023-07-21T17:05:02","modified_gmt":"2023-07-21T22:05:02","slug":"vamos-a-desmantelar-a-grupos-criminales-sandra-cuevas-alcaldesa-electa-de-cuauhtemoc","status":"publish","type":"post","link":"https:\/\/redsemlac.com\/semmexico\/vamos-a-desmantelar-a-grupos-criminales-sandra-cuevas-alcaldesa-electa-de-cuauhtemoc\/","title":{"rendered":"Vamos a desmantelar a grupos criminales: Sandra Cuevas, alcaldesa electa de Cuauht\u00e9moc"},"content":{"rendered":"\n<p class=\"wp-block-paragraph\">Foto: Roberto Hern\u00e1ndez<\/p>\n\n\n\n<p class=\"wp-block-paragraph\">En entrevista con El Sol de M\u00e9xico se\u00f1ala que sus prioridades ser\u00e1n la seguridad, reactivar la econom\u00eda,\u00a0\u00a0eliminar la corrupci\u00f3n y atender la violencia contra las mujeres<\/p>\n\n\n\n<p class=\"wp-block-paragraph\"><strong>Cecilia Nava&nbsp;<\/strong><strong><\/strong><\/p>\n\n\n\n<p class=\"wp-block-paragraph\">SemM\u00e9xico\/El Sol de M\u00e9xico, 29 de julio, 2021.- La nueva administraci\u00f3n de la alcald\u00eda Cuauht\u00e9moc trabajar\u00e1 para contrarrestar la inseguridad, \u201cvamos a llevar a cabo una estrategia de inteligencia y de investigaci\u00f3n para ir desmantelando a los grupos criminales que operan en la demarcaci\u00f3n\u201d, advirti\u00f3 la alcaldesa electa Sandra Xantall Cuevas Nieves.<\/p>\n\n\n\n<p class=\"wp-block-paragraph\">En entrevista con El Sol de M\u00e9xico, Cuevas Nieves, quien ha sido se\u00f1alada por ser gente cercana al senador Ricardo Monreal, asegur\u00f3 que fueron ella y la alianza Va por la Ciudad de M\u00e9xico (conformada por PRI,PAN y PRD), los que le arrebataron la demarcaci\u00f3n a Morena y no el legislador.<\/p>\n\n\n\n<p class=\"wp-block-paragraph\">&nbsp;\u201cPienso que el proceso electoral que se llev\u00f3 a cabo fue transparente, gan\u00f3 Sandra Cuevas, no gan\u00f3 otro partido, otro partido ll\u00e1mese Morena y no fue as\u00ed, porque Morena tuvo ya un distanciamiento con la sociedad, aqu\u00ed ganamos Va por M\u00e9xico, gan\u00f3 PRI, PAN y PRD (&#8230;) Morena tendr\u00e1 que resolver y asumir su irresponsabilidad (ante los habitantes de la alcald\u00eda Cuauht\u00e9moc), y nosotros asumir que somos ganadores\u201d, manifest\u00f3.<\/p>\n\n\n\n<p class=\"wp-block-paragraph\">La alcaldesa electa, una de las m\u00e1s j\u00f3venes con tan s\u00f3lo 35 a\u00f1os de edad, coment\u00f3 que iba a trabajar para que el agua no escasee, y que su principal estrategia ser\u00e1 evitar que las fugas se sigan generando en la demarcaci\u00f3n, por lo que investir\u00e1 en infraestructura hidr\u00e1ulica.<\/p>\n\n\n\n<p class=\"wp-block-paragraph\">Enf\u00e1tica, asegur\u00f3 que \u201cen 18 meses la alcald\u00eda Cuauht\u00e9moc va a ser considerada la mejor de la Ciudad de M\u00e9xico\u201d. Aqu\u00ed la entrevista que sostuvo con este diario.<\/p>\n\n\n\n<p class=\"wp-block-paragraph\">\u00bfQu\u00e9 le falta a la alcald\u00eda y cu\u00e1l ser\u00e1 la primera acci\u00f3n para recuperarla?<\/p>\n\n\n\n<p class=\"wp-block-paragraph\">Seguridad, vamos a reactivar la econom\u00eda, a eliminar la corrupci\u00f3n y a instalar m\u00e1s centros de salud para que pueda acudir la poblaci\u00f3n de escasos recursos econ\u00f3micos.<\/p>\n\n\n\n<p class=\"wp-block-paragraph\">La primera acci\u00f3n que vamos a llevar a cabo es la reactivaci\u00f3n y remodelaci\u00f3n de los mercados p\u00fablicos, tenemos 39 mercados en la Cuauht\u00e9moc, los cuales se van a poner de moda en los primeros 100 d\u00edas de mi gobierno.<\/p>\n\n\n\n<p class=\"wp-block-paragraph\">En materia de seguridad, \u00bfsu alcald\u00eda es peligrosa?<\/p>\n\n\n\n<p class=\"wp-block-paragraph\">Es una alcald\u00eda peligrosa, es una alcald\u00eda donde el crimen organizado ha tomado de guarida nuestra demarcaci\u00f3n, vamos a trabajar en materia de seguridad, vamos a llevar a cabo una estrategia de inteligencia y de investigaci\u00f3n para ir desmantelando a los grupos criminales que operan.<\/p>\n\n\n\n<p class=\"wp-block-paragraph\">En el tema de seguridad, vamos a trabajar de la mano con nuestras instituciones: la Fiscal\u00eda General de Justicia (FGJ) y la Secretar\u00eda de Seguridad Ciudadana (SSC), sin embargo, la alcald\u00eda tiene la facultad de contratar m\u00e1s elementos.<\/p>\n\n\n\n<p class=\"wp-block-paragraph\">Vamos a contratar a polic\u00edas que no act\u00faen de forma violenta, que act\u00faen bajo derechos humanos y, aunado a ello, que sean polic\u00edas que no pasen por sus cuotas con el crimen organizado. Va a ser una nueva polic\u00eda con perfil para que atienda las peticiones de los vecinos.<\/p>\n\n\n\n<p class=\"wp-block-paragraph\">\u00bfC\u00f3mo ser\u00e1 la recuperaci\u00f3n econ\u00f3mica en Cuauht\u00e9moc?<\/p>\n\n\n\n<p class=\"wp-block-paragraph\">Vamos a tener est\u00edmulos fiscales para los empresarios y para la industria restaurantera, es muy importante apoyar al empresario, acompa\u00f1arlo en todos los tr\u00e1mites que debe realizar, sin que paguen cuotas que no se justifican, y aunado a ello vamos a protegerlos para que no sigan siendo extorsionados por el crimen organizado.<\/p>\n\n\n\n<p class=\"wp-block-paragraph\">Tambi\u00e9n, vamos a contar con una nueva \u00e1rea jur\u00eddica de comercio exterior, en donde tenemos por objetivo importar toda la mercanc\u00eda que compran los comerciantes a costos menores.<\/p>\n\n\n\n<p class=\"wp-block-paragraph\">Adem\u00e1s, lograremos una gran derrama econ\u00f3mica a trav\u00e9s de una nueva forma de turismo, tanto nacional como internacional.<\/p>\n\n\n\n<p class=\"wp-block-paragraph\">\u00bfQu\u00e9 har\u00e1 en materia de servicios urbanos?<\/p>\n\n\n\n<p class=\"wp-block-paragraph\">Vamos a trabajar de la mano del vecino, desde las 5:30 de la ma\u00f1ana voy a caminar diario con mis directores generales una colonia distinta para que yo les vaya indicando todo lo que se debe cambiar: poda de \u00e1rboles, baches, el desazolve. Hay que brindar a los habitantes de Cuauht\u00e9moc una buena iluminaci\u00f3n para que tambi\u00e9n podamos disminuir la inseguridad que vivimos, ser\u00e9 una alcaldesa de tierra, una que nunca olvide que venimos a servirle a la gente.<\/p>\n\n\n\n<p class=\"wp-block-paragraph\">\u00bfProgramas para las mujeres?<\/p>\n\n\n\n<p class=\"wp-block-paragraph\">Comenzaremos por ser la primera alcald\u00eda refugio de toda la Ciudad de M\u00e9xico, cualquier mujer que sea violentada, ni\u00f1o o adulto mayor van a poder acudir a nuestra casa, a la casa que vamos a instalar, que va a estar totalmente habilitada con m\u00e9dicos, psic\u00f3logos y abogados, para que podamos salvaguardarlos.<\/p>\n\n\n\n<p class=\"wp-block-paragraph\">Tambi\u00e9n, presentar\u00e9 un proyecto de un nuevo circuito de marchas, si las mujeres quieren alzar la voz son bienvenidas, este circuito va de la Ciudad Judicial a la Secretar\u00eda Seguridad Ciudadana y finalizar\u00e1 en Palacio Nacional. Reactivar\u00e9, adem\u00e1s, la atenci\u00f3n al c\u00e1ncer de mama, con una organizaci\u00f3n de la Sociedad Civil.<\/p>\n","protected":false},"excerpt":{"rendered":"<p>Foto: Roberto Hern\u00e1ndez En entrevista con El Sol de M\u00e9xico se\u00f1ala que sus prioridades ser\u00e1n la seguridad, reactivar la econom\u00eda,\u00a0\u00a0eliminar la corrupci\u00f3n y atender la violencia contra las mujeres Cecilia Nava&nbsp; SemM\u00e9xico\/El Sol de M\u00e9xico, 29 de julio, 2021.- La nueva administraci\u00f3n de la alcald\u00eda Cuauht\u00e9moc trabajar\u00e1 para contrarrestar la inseguridad, \u201cvamos a llevar a [&hellip;]<\/p>\n","protected":false},"author":3,"featured_media":38846,"comment_status":"open","ping_status":"open","sticky":false,"template":"","format":"standard","meta":{"_monsterinsights_skip_tracking":false,"footnotes":""},"categories":[692,141],"tags":[],"class_list":["post-38845","post","type-post","status-publish","format-standard","has-post-thumbnail","category-692","category-elecciones-2020-2021"],"_links":{"self":[{"href":"https:\/\/redsemlac.com\/semmexico\/wp-json\/wp\/v2\/posts\/38845","targetHints":{"allow":["GET"]}}],"collection":[{"href":"https:\/\/redsemlac.com\/semmexico\/wp-json\/wp\/v2\/posts"}],"about":[{"href":"https:\/\/redsemlac.com\/semmexico\/wp-json\/wp\/v2\/types\/post"}],"author":[{"embeddable":true,"href":"https:\/\/redsemlac.com\/semmexico\/wp-json\/wp\/v2\/users\/3"}],"replies":[{"embeddable":true,"href":"https:\/\/redsemlac.com\/semmexico\/wp-json\/wp\/v2\/comments?post=38845"}],"version-history":[{"count":0,"href":"https:\/\/redsemlac.com\/semmexico\/wp-json\/wp\/v2\/posts\/38845\/revisions"}],"wp:featuredmedia":[{"embeddable":true,"href":"https:\/\/redsemlac.com\/semmexico\/wp-json\/wp\/v2\/media\/38846"}],"wp:attachment":[{"href":"https:\/\/redsemlac.com\/semmexico\/wp-json\/wp\/v2\/media?parent=38845"}],"wp:term":[{"taxonomy":"category","embeddable":true,"href":"https:\/\/redsemlac.com\/semmexico\/wp-json\/wp\/v2\/categories?post=38845"},{"taxonomy":"post_tag","embeddable":true,"href":"https:\/\/redsemlac.com\/semmexico\/wp-json\/wp\/v2\/tags?post=38845"}],"curies":[{"name":"wp","href":"https:\/\/api.w.org\/{rel}","templated":true}]}}