{"id":3884,"date":"2018-10-08T07:03:39","date_gmt":"2018-10-08T07:03:39","guid":{"rendered":"https:\/\/redsemlac.com\/semmexico\/?p=3884"},"modified":"2023-07-21T14:33:49","modified_gmt":"2023-07-21T19:33:49","slug":"palabra-de-antigona-justicia-para-sol","status":"publish","type":"post","link":"https:\/\/redsemlac.com\/semmexico\/palabra-de-antigona-justicia-para-sol\/","title":{"rendered":"Palabra de Ant\u00edgona #Justicia para Sol"},"content":{"rendered":"\n<p class=\"wp-block-paragraph\">Hay que derribar a la impunidad y pedir justicia a los cr\u00edmenes.<\/p>\n\n\n\n<h5 class=\"wp-block-heading\"> El resolutivo es una burla: 20 mil pesos de multa por una vida.<\/h5>\n\n\n\n<p class=\"wp-block-paragraph\"><a href=\"https:\/\/semmexico.com\/gallery-post.php?id=6064#\">Sara Lovera<\/a><\/p>\n\n\n\n<p class=\"wp-block-paragraph\">SemM\u00e9xico. Cd. de M\u00e9xico. 8 de octubre de 2018.- \u00bfCu\u00e1ntos cr\u00edmenes en M\u00e9xico quedan en la impunidad? Miles. Y tras esa falta de justicia, es posible que est\u00e9, adem\u00e1s de un sistema viciado y enredado, los intereses que se forjan en grupos de inter\u00e9s, de toda clase, en las&nbsp;comunidades, los municipios, los estados y las altas jerarqu\u00edas.<\/p>\n\n\n\n<p class=\"wp-block-paragraph\">La impunidad&nbsp;en el&nbsp;derecho internacional de los derechos humanos, se refiere a la imposibilidad de llevar a los violadores de los derechos humanos ante la justicia y, como tal, constituye en s\u00ed misma una negaci\u00f3n a sus v\u00edctimas de su derecho a ser reparadas.<\/p>\n\n\n\n<p class=\"wp-block-paragraph\">La impunidad es especialmente com\u00fan en pa\u00edses que carecen de una tradici\u00f3n del imperio de la ley,&nbsp;pa\u00edses&nbsp;que&nbsp;sufren&nbsp;corrupci\u00f3n pol\u00edtica o tienen arraigados sistemas de mecenazgo pol\u00edtico, o donde el poder judicial es d\u00e9bil o las fuerzas de seguridad est\u00e1n protegidas por jurisdicciones especiales o inmunidades. Las v\u00edctimas en este sistema frecuentemente son revictimizadas.<\/p>\n\n\n\n<p class=\"wp-block-paragraph\">Este es el caso del&nbsp;asesinato&nbsp;de la&nbsp;fot\u00f3grafa Mar\u00eda&nbsp;del Sol Cruz Jarqu\u00edn, jefa del departamento de Comunicaci\u00f3n Social Ind\u00edgena Intercultural de la Secretar\u00eda de Asuntos Ind\u00edgenas del gobierno del Estado de Oaxaca. Ella, en una clara violaci\u00f3n al proceso electoral, fue enviada a la ciudad de Juchit\u00e1n de Zaragoza desde finales del mes de abril de 2018 por el titular de esa dependencia, Francisco Javier Montero L\u00f3pez, para apoyar la campa\u00f1a pol\u00edtica de su hermano a la primera concejal\u00eda del ese Ayuntamiento, Hageo Montero L\u00f3pez, donde claramente se usaron los recursos p\u00fablicos.<\/p>\n\n\n\n<p class=\"wp-block-paragraph\">El crimen hasta ahora impune, tras 4 meses desde que ocurri\u00f3 (2 de junio de 2018), forma parte, dir\u00e1n, de las condiciones generales de violencia que en M\u00e9xico han originado 40 mil desapariciones, miles de muertos y muertas, mujeres hostigadas y asesinadas, sin que act\u00fae la justicia.&nbsp;M\u00e1s de 150 ocurridos en el proceso electoral.<\/p>\n\n\n\n<p class=\"wp-block-paragraph\">La pregunta es si ello tiene que aceptarse. El caso, donde la familia de la fot\u00f3grafa, especialmente su madre, ha ido y venido a decenas de reuniones con la fiscal\u00eda, para mostrar asuntos verdaderamente ofensivos: que Mar\u00eda del Sol existi\u00f3, que viv\u00eda en Oaxaca, que fue enviada bajo amenaza de perder su empleo, que ten\u00eda sus instrumentos de trabajo con ella \u2013desaparecidos-, que se encontraba en el lugar&nbsp;donde&nbsp;fue&nbsp;acribillada, junto con la candidata a segunda concejala de la coalici\u00f3n Todos por M\u00e9xico, Pamela Ter\u00e1n Pineda, y su chofer, Adelfo Guerra Jim\u00e9nez.<\/p>\n\n\n\n<p class=\"wp-block-paragraph\">Existen testigos, una historia inenarrable sobre el proceso electoral en Juchit\u00e1n de Zaragoza, donde en los despachos de la Fiscal\u00eda, se opina que la madre de Ma. del Sol Cruz Jarqu\u00edn, tendr\u00eda que esperar, \u201ctener paciencia\u201d, estar&nbsp;durante largas&nbsp;jornadas esperando a que algo suceda,&nbsp;y recibe como informes,&nbsp;incongruencias, no investigaci\u00f3n,&nbsp;a pesar de&nbsp;que hay videos, circunstancias, historia, e intereses inconfesables para defender al ex Secretario de Asuntos Ind\u00edgenas, quien no recibe reconvenci\u00f3n alguna.&nbsp;<\/p>\n\n\n\n<p class=\"wp-block-paragraph\">Tampoco entre las autoridades electorales, porque enviarla para apoyar a un candidato, sin ser parte, sin tener inter\u00e9s, sin su anuencia, forzada por su jefe, eso que es absoluta corrupci\u00f3n, es para esas autoridades una cosa menor. Una amiga, especialista en procesos electorales, dice que la Fiscal\u00eda Especializada para la Atenci\u00f3n de Delitos Electorales, (FEPADE)&nbsp;\u200bno tiene dientes y que los delitos electorales se consideran cosa menor.&nbsp;<\/p>\n\n\n\n<p class=\"wp-block-paragraph\">La tarde del lunes 8 de octubre, el Tribunal Estatal Electoral de Oaxaca,&nbsp;con argumentos&nbsp;de&nbsp;los Magistrados&nbsp;Miguel \u00c1ngel Carballido D\u00edaz, V\u00edctor Manuel Jim\u00e9nez Viloria y Wilfrido L\u00f3pez V\u00e1squez, aprob\u00f3&nbsp;por unanimidad dar vista al gobernador Alejandro Murat Hinojosa para que determine sanciones al ex secretario de Asuntos Ind\u00edgenas, Francisco Javier Montero L\u00f3pez y multar con 20 mil pesos al entonces candidato de la coalici\u00f3n Todos por M\u00e9xico (PRI-PVEM-PNA), Hageo Montero L\u00f3pez.<\/p>\n\n\n\n<p class=\"wp-block-paragraph\">As\u00ed hablan de justicia&nbsp;los integrantes del Tribunal, de esa manera calibran&nbsp;los hechos que&nbsp;desencadenaron el&nbsp;asesinato de la joven fot\u00f3grafa; insensibles,&nbsp;miserables, fuera de toda l\u00f3gica, un asunto tan grave no los conmueve. Es como si vivi\u00e9ramos en un mundo imposible, donde los intereses est\u00e1n por encima de&nbsp;las vidas humanas. C\u00f3mo es que resolvi\u00f3&nbsp;que&nbsp;el ex secretario de Asuntos Ind\u00edgenas,&nbsp;debe ser sancionado, -quien sabe a&nbsp;que&nbsp;se refieren- este hombre&nbsp;vive&nbsp;tranquilo,&nbsp;sigue mandando&nbsp;en la dependencia donde renunci\u00f3, pero, ojo&nbsp;no se ha nombrado un sustituto.&nbsp;El gobernador Murat no lo sancion\u00f3, ante la&nbsp;evidencia,y ahora&nbsp;resulta que se da esta resoluci\u00f3n&nbsp;que&nbsp;lo obliga, tras 4 meses del crimen. Se trata de la&nbsp;resoluci\u00f3n PES\/32\/2018.<\/p>\n\n\n\n<p class=\"wp-block-paragraph\">En su calidad de mam\u00e1 de Mar\u00eda del Sol Cruz Jarqu\u00edn, la periodista Soledad Jarqu\u00edn Edgar pregunt\u00f3 a los magistrados si ellos estar\u00edan de acuerdo con una resoluci\u00f3n que exime a los partidos pol\u00edticos PRI, PVEM y PNA y&nbsp;determina&nbsp;una multa de poca monta, s\u00ed una de las v\u00edctimas del 2 de junio hubiera sido una de sus hijas.<\/p>\n\n\n\n<p class=\"wp-block-paragraph\">En Oaxaca hay muchas madres&nbsp;reclamando&nbsp;la impunidad del asesinato de sus hijas, ya sea en raz\u00f3n de g\u00e9nero o v\u00edctimas, como Ma. del Sol, de otros intereses que la autoridad pasa de largo, le son indiferentes, no ve ni oye.<\/p>\n\n\n\n<p class=\"wp-block-paragraph\">Esta resoluci\u00f3n ser\u00e1 impugnada. Pero su sola publicaci\u00f3n anuncia de qu\u00e9 tama\u00f1o es la actitud limitada y pedestre de los magistrados. Este hecho me recuerda los dolores que hemos vivido por a\u00f1os. Me recuerda c\u00f3mo durante varias d\u00e9cadas las mujeres de Eureka que encabez\u00f3 Rosario Ibarra de Piedra, buscaron &nbsp;justicia para sus hijos e hijas.<\/p>\n\n\n\n<p class=\"wp-block-paragraph\">Me recuerda la crueldad de un entramado donde no se investiga, donde quien sufre el oprobio tiene que enfrentar a unas autoridades policiales y judiciales que no hacen su trabajo, teniendo las pruebas frente a sus ojos.<\/p>\n\n\n\n<p class=\"wp-block-paragraph\">Al lado de estos hechos, tampoco tiene la sociedad fuerza real para provocar la justicia. Son tantos los casos, que las instancias sociales de defensa de los&nbsp;Derechos&nbsp;Humanos, tambi\u00e9n son enredadas en un enorme edificio burocr\u00e1tico y hostil; juicios de a\u00f1os, expedientes acumulados en mesas de tr\u00e1mite, absurdos y repetidos amparos que levantan los criminales, justificaciones sistem\u00e1ticas para impedir la justicias.<\/p>\n\n\n\n<p class=\"wp-block-paragraph\">Ah\u00ed est\u00e1n los cr\u00edmenes como \u00e9ste. Haciendo estragos nuestros corazones. \u00bfY eso cambiar\u00e1 pronto? Pues en Oaxaca, apenas el s\u00e1bado pasado,&nbsp;las v\u00edctimas de toda clase de cr\u00edmenes y atropellos&nbsp;fueron reunidas por&nbsp;los operadores del gobierno electo, el que ha prometido paz y concordia a partir del primero de diciembre de 2018. Y ah\u00ed las madres, en ese Foro Escucha, oy\u00e9ndose&nbsp;a s\u00ed&nbsp;mismas, desahogando sus penas, en una masa informe, donde lo que importa es llamar a la prensa, para que anote que se las est\u00e1 escuchando.<\/p>\n\n\n\n<p class=\"wp-block-paragraph\">En el foro el invitado principal fue un \u201cmonse\u00f1or\u201d reci\u00e9n ungido por la jerarqu\u00eda eclesi\u00e1stica, como arzobispo de Antequera Oaxaca, Pedro V\u00e1zquez Villalobos, quien habl\u00f3 como desde el p\u00falpito, llamando a la no venganza, la respuesta fue&nbsp;tremenda. Y ah\u00ed tambi\u00e9n habl\u00f3 el oaxaque\u00f1o Adelfo Regino Montes, futuro titular del Instituto Nacional de Pueblos Ind\u00edgenas, recordado en estos lares por ser opositor a la igualdad entre hombres y mujeres e impedir la paridad electoral en los pueblos originarios. O sea, como dijeran las madres, se trata de una de las acciones de&nbsp;\u201csimulaci\u00f3n\u201d, m\u00e1s dolorosas, en esta regi\u00f3n donde hay poderes f\u00e1cticos en la zona del Istmo, intocables y con los que ya se hacen \u201cacuerdos\u201d, mientras la impunidad est\u00e1 ah\u00ed, como una \u00e1guila todo poderosa.&nbsp;<\/p>\n\n\n\n<p class=\"wp-block-paragraph\">La reconciliaci\u00f3n es una palabra que hiere y no puede estar por encima de la justicia concreta, la reparaci\u00f3n, la investigaci\u00f3n de los cr\u00edmenes, que como el de Sol se evaden, por vaya usted a saber qu\u00e9 intereses oscuros y conocidos.&nbsp;<\/p>\n\n\n\n<p class=\"wp-block-paragraph\">Adem\u00e1s en Oaxaca, lo que no puede admitirse es el&nbsp;silencio. No al silencio. Seguimos.&nbsp;<\/p>\n\n\n\n<p class=\"wp-block-paragraph\"><a href=\"mailto:saraloveralopez@gmail.com\" target=\"_blank\" rel=\"noreferrer noopener\">saraloveralopez@gmail.com<\/a><\/p>\n","protected":false},"excerpt":{"rendered":"<p>Hay que derribar a la impunidad y pedir justicia a los cr\u00edmenes. El resolutivo es una burla: 20 mil pesos de multa por una vida. Sara Lovera SemM\u00e9xico. Cd. de M\u00e9xico. 8 de octubre de 2018.- \u00bfCu\u00e1ntos cr\u00edmenes en M\u00e9xico quedan en la impunidad? Miles. Y tras esa falta de justicia, es posible que est\u00e9, [&hellip;]<\/p>\n","protected":false},"author":3,"featured_media":3824,"comment_status":"open","ping_status":"open","sticky":false,"template":"","format":"standard","meta":{"_monsterinsights_skip_tracking":false,"footnotes":""},"categories":[689,35,95,69],"tags":[],"class_list":["post-3884","post","type-post","status-publish","format-standard","has-post-thumbnail","category-689","category-opinion","category-palabra-de-antigona","category-sara-lovera"],"_links":{"self":[{"href":"https:\/\/redsemlac.com\/semmexico\/wp-json\/wp\/v2\/posts\/3884","targetHints":{"allow":["GET"]}}],"collection":[{"href":"https:\/\/redsemlac.com\/semmexico\/wp-json\/wp\/v2\/posts"}],"about":[{"href":"https:\/\/redsemlac.com\/semmexico\/wp-json\/wp\/v2\/types\/post"}],"author":[{"embeddable":true,"href":"https:\/\/redsemlac.com\/semmexico\/wp-json\/wp\/v2\/users\/3"}],"replies":[{"embeddable":true,"href":"https:\/\/redsemlac.com\/semmexico\/wp-json\/wp\/v2\/comments?post=3884"}],"version-history":[{"count":0,"href":"https:\/\/redsemlac.com\/semmexico\/wp-json\/wp\/v2\/posts\/3884\/revisions"}],"wp:featuredmedia":[{"embeddable":true,"href":"https:\/\/redsemlac.com\/semmexico\/wp-json\/wp\/v2\/media\/3824"}],"wp:attachment":[{"href":"https:\/\/redsemlac.com\/semmexico\/wp-json\/wp\/v2\/media?parent=3884"}],"wp:term":[{"taxonomy":"category","embeddable":true,"href":"https:\/\/redsemlac.com\/semmexico\/wp-json\/wp\/v2\/categories?post=3884"},{"taxonomy":"post_tag","embeddable":true,"href":"https:\/\/redsemlac.com\/semmexico\/wp-json\/wp\/v2\/tags?post=3884"}],"curies":[{"name":"wp","href":"https:\/\/api.w.org\/{rel}","templated":true}]}}