{"id":38822,"date":"2021-07-30T09:39:44","date_gmt":"2021-07-30T15:39:44","guid":{"rendered":"https:\/\/redsemlac.com\/semmexico\/?p=38822"},"modified":"2023-07-21T17:05:03","modified_gmt":"2023-07-21T22:05:03","slug":"martha-sanchez-nestor-debatir-y-dialogar-en-un-mundo-de-colores","status":"publish","type":"post","link":"https:\/\/redsemlac.com\/semmexico\/martha-sanchez-nestor-debatir-y-dialogar-en-un-mundo-de-colores\/","title":{"rendered":"Martha S\u00e1nchez N\u00e9stor: Debatir y dialogar en un mundo de colores"},"content":{"rendered":"\n<p class=\"wp-block-paragraph\">* Esta ma\u00f1ana falleci\u00f3, deja un legado ejemplar en&nbsp;la lucha por los derechos humanos de las mujeres ind\u00edgenas de M\u00e9xico<\/p>\n\n\n\n<p class=\"wp-block-paragraph\">* Se opuso sistem\u00e1ticamente a la militarizaci\u00f3n del pa\u00eds<\/p>\n\n\n\n<p class=\"wp-block-paragraph\">Soledad Jarqu\u00edn Edgar<\/p>\n\n\n\n<p class=\"wp-block-paragraph\">SemM\u00e9xico, Oaxaca, 30 de julio, 2021.- Esta ma\u00f1ana falleci\u00f3 Martha S\u00e1nchez N\u00e9stor. Reproducimos una entrevista realizada en 2017, en la serie \u00bfYo feminista? Para recordar a la feminista que abri\u00f3 camino para sus hermanas.<\/p>\n\n\n\n<p class=\"wp-block-paragraph\">Martha S\u00e1nchez N\u00e9stor, naci\u00f3 un 4 de febrero de 1974 en la poblaci\u00f3n de&nbsp;Xochistlahuaca, Guerrero -\u201cCerro de las Flores\u201d, como se traduce al castellano del n\u00e1huatl el nombre de la poblaci\u00f3n que colinda con Oaxaca-, y suljaa\u2019 (llanura de flores) como se traduce de la lengua \u00f1oomdaa (lengua amuzga), hace poco m\u00e1s de cuatro d\u00e9cadas, en una familia donde&nbsp;la influencia de la casa materna le da a su vida responsabilidad, alegr\u00eda, carencias, sonrisas, estudios, prohibiciones de visitar los pueblos cercanos, de ir a los bailes, de ir a los r\u00edos, rigidez de formaci\u00f3n para ser una \u201cbuena mujer\u201d, violencia familiar y honestidad fortalecida.<\/p>\n\n\n\n<p class=\"wp-block-paragraph\">Es feminista porque a trav\u00e9s del feminismo reconoce las desigualdades entre mujeres y hombres y, lo mejor, porque ah\u00ed encontr\u00f3 la forma de ser actora de la transformaci\u00f3n en el cambio colectivo, una constante b\u00fasqueda de justicia social para todos y todas.<\/p>\n\n\n\n<p class=\"wp-block-paragraph\">De ah\u00ed surge Martha S\u00e1nchez N\u00e9stor quien sostiene que los feminismos le implican siempre desaf\u00edos propios, \u201cmirar con equilibrio lo que se requiere accionar en el campo de la igualdad de g\u00e9nero, de la igualdad social y en la lucha de las mujeres tan diversas en el mundo, mi camino sumado al de miles, el equilibrio colectivo, la otra forma de hacer feminismos de mujeres de pueblos ind\u00edgenas y ahora afromexicanos\u201d.<\/p>\n\n\n\n<p class=\"wp-block-paragraph\">A pesar de las carencias econ\u00f3micas, S\u00e1nchez N\u00e9stor estudi\u00f3 una carrera t\u00e9cnica, con el tiempo tom\u00f3 cursos sobre derechos humanos y sobre el marco jur\u00eddicos en derechos de los pueblos ind\u00edgenas, sobre todo cuando muy pronto, descubre las desigualdades sociales.<\/p>\n\n\n\n<p class=\"wp-block-paragraph\">En su andar se encontr\u00f3 con Nellys&nbsp;Palomo S\u00e1nchez -feminista que recorri\u00f3 las zonas ind\u00edgenas y afromexicanos de Guerrero, Oaxaca y Chiapas, donde trabaj\u00f3 incansable para denunciar y documentar la violaci\u00f3n a los derechos humanos de las mujeres-, entonces Martha S\u00e1nchez determin\u00f3 ser feminista.<\/p>\n\n\n\n<p class=\"wp-block-paragraph\">Fue Nellys Palomo su inyecci\u00f3n de energ\u00eda permanente, \u201cme mostr\u00f3 el camino o nos encontramos\u201d, ella la acerc\u00f3 a los eventos feministas, a escuchar otras voces feministas, le mostr\u00f3 los documentos de que deb\u00eda leer, a sentir su ser feminista en el mundo ind\u00edgena para buscar lo que all\u00e1 no estaba aun resuelto para el \u201cbuen vivir\u201d.<\/p>\n\n\n\n<p class=\"wp-block-paragraph\">En ese camino se encontr\u00f3 con otras mujeres, como Sof\u00eda Robles, y Fel\u00edcitas Mart\u00ednez Solano, con quienes impulsaron la Coordinadora Nacional de Mujeres Ind\u00edgenas, otras con quienes integraron el Movimiento durante 500 a\u00f1os de&nbsp;resistencia ind\u00edgena y la&nbsp;Asamblea Nacional Ind\u00edgena Plural por la Autonom\u00eda.<\/p>\n\n\n\n<p class=\"wp-block-paragraph\">Martha S\u00e1nchez tiene a sus maestras:&nbsp;la Comandanta Ramona, Br\u00edgida Chautla, Mirna Cunningham, Tarcila Rivera, la misma Sof\u00eda Robles, quien con los a\u00f1os fue la primera presidenta municipal de Santa Mar\u00eda Tlahuitoltepec; despu\u00e9s vendr\u00edan otras como Patricia Mercado, Marta Lamas, Marcela Lagarde, Margarita Guti\u00e9rrez, Gisela Espinosa y muchas m\u00e1s.<\/p>\n\n\n\n<p class=\"wp-block-paragraph\">En Chilpancingo, Guerrero, inici\u00f3 diversas actividades los d\u00edas 8 de Marzo (D\u00eda Internacional de la Mujer) y uni\u00f3 sus esfuerzos con otras mujeres organizadas como Mujeres Guerrerenses por la Democracia, Milenio Feministas, universitarias, militantes de los partidos pol\u00edticos. M\u00e1s tarde con el Instituto de Liderazgo Simone de Beauvoir, de Petateras, del Enlace Continental, Alianza de Mujeres Ind\u00edgenas de Centroam\u00e9rica y M\u00e9xico, del CIESAS y muchas otras organizaciones.<\/p>\n\n\n\n<p class=\"wp-block-paragraph\">Para Martha S\u00e1nchez, el feminismo le permiti\u00f3 cambios fundamentales en su vida como la autonom\u00eda en la construcci\u00f3n de un plan de vida, desde lo personal hasta lo comunitario, desde lo familiar, social y lo nacional, \u201ccambi\u00e9 mi forma de pensarme y decidirme a ser mujer en el \u00e1mbito social, familiar y ser mujer con liderazgo ind\u00edgena en el pa\u00eds, cambio mi forma de pensarme en la maternidad, el matrimonio, la libertad, la participaci\u00f3n social y pol\u00edtica, en tantas cosas\u201d.<\/p>\n\n\n\n<p class=\"wp-block-paragraph\">El feminismo es una de las luchas que no se abandonan y como tal ha dado avances importantes: entre los tres principales enumera la Ley de acceso de las mujeres a una vida libre de violencia; los avances en el reconocimiento al cuidado de la salud materna y prevenci\u00f3n de los factores sociales de la muerte materna con la lucha del reconocimiento por la medicina ind\u00edgena y la parter\u00eda, y el reconocimiento de la diversidad de experiencias de lo femenino,&nbsp;&nbsp;y el avance en los derechos pol\u00edticos de las mujeres y la ciudadan\u00eda mas plena de todas las mujeres.<\/p>\n\n\n\n<p class=\"wp-block-paragraph\">Reconocida por su trabajo en M\u00e9xico como en el extranjero, Martha S\u00e1nchez sostiene que entre sus preocupaciones destacan los efectos de la militarizaci\u00f3n del pa\u00eds, la violencia en contra de los cuerpos, vida y decisi\u00f3n de las mujeres, en general, y, en particular, de las mujeres ind\u00edgenas.<\/p>\n\n\n\n<p class=\"wp-block-paragraph\">Otra de sus preocupaciones es la muerte materna, la salud materna es una garant\u00eda que a\u00fan no se puede ofrecer a las mujeres, pese a que es prevenible. Me preocupa, a\u00f1ade, que, pese a los avances de la cuota de g\u00e9nero, a la paridad pol\u00edtica, en estas elecciones siga siendo una acci\u00f3n que se decida solo en manos de partidos pol\u00edticos y la ciudadan\u00eda de las mujeres se quede a medias as\u00ed como la inclusi\u00f3n de las y los ind\u00edgenas no sea una realidad en \u00e9sta democracia.<\/p>\n\n\n\n<p class=\"wp-block-paragraph\">Me preocupa que los derechos ind\u00edgenas no est\u00e9n cristalizados con pleno respeto a los territorios, recursos naturales, la vida colectiva, la no criminalizaci\u00f3n de las y los luchadores sociales de las polic\u00edas comunitarias como Nestora Salgado hoy presa pol\u00edtica, apunta con toda seriedad.<\/p>\n\n\n\n<p class=\"wp-block-paragraph\">Entre las distinciones obtenidas destacan el Premio al M\u00e9rito Civil Indigenista \u201cCuauht\u00e9moc\u201d, as\u00ed como el \u201cAntonia Nava\u201d, otorgado por el Gobierno de su estado y el reconocimiento Women Deliver, entregado a cien l\u00edderes del mundo por su compromiso con otras mujeres, que junto con su trabajo le dan muchas satisfacciones, pero reconoce que falta mucho para lograr resultados, que cambien las estructuras y en esa tarea quiere estar Martha S\u00e1nchez N\u00e9stor.<\/p>\n\n\n\n<p class=\"wp-block-paragraph\">Por ello propone la importancia de seguir sumando a este feminismo a las ind\u00edgenas del pa\u00eds y reconstruyendo los feminismos, \u201cque la pluralidad sirva como base para sumar en lo com\u00fan, me siento contenta porque jam\u00e1s traiciono mis principios, porque soy mujer con la frente en alto frente a su familia, amigas, organizaciones, sociedad y gobierno, siempre abonando sin poner por delante los intereses personales, sino las demandas de los pueblos ind\u00edgenas y afromexicanos, siempre sirviendo nunca sirvi\u00e9ndome del poder desde las organizaciones hasta este encargo que tengo\u201d.<\/p>\n\n\n\n<p class=\"wp-block-paragraph\">Se propone, incluso, seguir abonando para cumplir con los objetivos del primer decenio internacional del pueblo afrodescendiente, como tambi\u00e9n hay que seguir haci\u00e9ndolo en el segundo decenio de los pueblos ind\u00edgenas, porque hay mucho que seguir mejorando despu\u00e9s de la Segunda Conferencia Mundial de Pueblos Ind\u00edgenas, y en Guerrero, apunta, ni se diga tenemos grandes desaf\u00edos y mucho en que seguir contribuyendo con todas las partes.<\/p>\n\n\n\n<p class=\"wp-block-paragraph\">Tareas en las que el feminismo est\u00e1 presente, hay mucho que seguir dialogando y debatiendo para construir ese mundo de colores y de derechos que creemos es posible y necesario.<\/p>\n\n\n\n<p class=\"wp-block-paragraph\">Para la feminista Martha S\u00e1nchez N\u00e9stor uno de los trabajos que m\u00e1s satisfacciones le ha dado es la creaci\u00f3n del Programa de Mujeres Ind\u00edgenas, en una organizaci\u00f3n feminista, el programa tiene presencia en cinco estados y una visi\u00f3n de articulaci\u00f3n nacional a trav\u00e9s del Instituto de Liderazgo Simone de Beauvoir. Trabajo desarrollado a partir de 2010. Pero tambi\u00e9n tiene para ella un gran significado la creaci\u00f3n de la Coordinadora Guerrerense de Mujeres Ind\u00edgenas en 2004 y haber sido, en su momento, representante de la sociedad civil ante el Consejo Asesor de ONUMujeres.<\/p>\n\n\n\n<p class=\"wp-block-paragraph\">Y a pesar de sus muy altos vuelos, la actual funcionaria del gobierno de Guerrero, no quita los pies de sobre la tierra. Para ella \u201csu feminismo\u201d tiene profundas ra\u00edces con las mujeres ind\u00edgenas con quienes ha logrado dialogar y seguir recreando el feminismo que fortalece el liderazgo individual pero que forja acciones colectivas, por sus derechos y una agenda de las mujeres y de los pueblos ind\u00edgenas y de los pueblos de la naci\u00f3n pluricultural.<\/p>\n\n\n\n<p class=\"wp-block-paragraph\">Una agenda, reitera, comprometida con la lucha de los pueblos originarios y la demanda central del respeto pleno a las mujeres ind\u00edgenas; de la no violencia en nombre de la tradici\u00f3n, eso nunca mas; jam\u00e1s un M\u00e9xico sin Nosotras las Mujeres Ind\u00edgenas; la participaci\u00f3n con respeto, dignidad; la defensora inalienable de los derechos humanos para forjar justicia e igualdad social; aliada con muchas m\u00e1s mujeres de todas las voces y todos los colores.<\/p>\n\n\n\n<p class=\"wp-block-paragraph\">Sostiene que los institutos de mujeres son instituciones importantes, logradas por las feministas y como parte de lo logrado no debemos perderlas. Lo que tenemos que hacer es defenderlas, mejorar sus decretos, mejorar el mecanismo de participaci\u00f3n de mujeres con perfil o perfil con mujeres con liderazgo, con respeto a la diversidad, con agendas y plataformas realistas y no solo electorales o electoreras, con di\u00e1logo abierto y proceso de inclusi\u00f3n, pese a las adversidades en el camino.<\/p>\n\n\n\n<p class=\"wp-block-paragraph\">Entonces propone que en M\u00e9xico tendr\u00edan que crearse tambi\u00e9n instancias propias para atender la problem\u00e1tica de las ind\u00edgenas, porque M\u00e9xico es un pa\u00eds rico en diversidad por la presencia de pueblos ind\u00edgenas. Sus referentes, dice los tiene en Guatemala y otras naciones de las Am\u00e9ricas.<\/p>\n\n\n\n<p class=\"wp-block-paragraph\">Lo cierto es que es necesario continuar el trabajo para incrementar la participaci\u00f3n de las mujeres, que las mujeres pidan cuentas y construyan tambi\u00e9n de manera propositiva estos espacios, y que acepten los desaf\u00edos estructurales que les corresponden a las dem\u00e1s dependencias y a los tomadores de decisiones en los gobiernos, distintos no solo a las mujeres.<\/p>\n\n\n\n<p class=\"wp-block-paragraph\">Por \u00faltimo, la feminista Martha S\u00e1nchez habla sobre su actual compromiso en el Gobierno del Estado de Guerrero, como Secretar\u00eda de Asuntos Ind\u00edgenas y Afromexicanos, cargo que asumi\u00f3 en noviembre de 2014 hasta que termin\u00f3 el gobierno.<\/p>\n\n\n\n<p class=\"wp-block-paragraph\">No soy una mujer que cree en los techos de cristal, dice sin tapujos. \u201cMe gusta la participaci\u00f3n pol\u00edtica, los avances y sus desaf\u00edos, porque quise poner a la orden de los pueblos ind\u00edgenas y afromexicanos lo que aprend\u00ed, dentro y fuera, porque a mis 41 a\u00f1os estoy lista para brindar lo mejor de mi lucha a las personas, a los colectivos, y sostener una relaci\u00f3n de respeto y de autonom\u00eda con el gobernador de Guerrero que me invit\u00f3 a colaborar en su gabinete.<\/p>\n\n\n\n<p class=\"wp-block-paragraph\">Acept\u00e9 porque soy ind\u00edgena guerrerense forjada en la lucha de las organizaciones, feministas y ciudadanas, porque en mis planes ya estaba volver definitivamente a Guerrero de tiempo completo y lo fui pensando en mi formaci\u00f3n y mientras trabajaba en el Instituto de Liderazgo Simone de Beauvoir.<\/p>\n\n\n\n<p class=\"wp-block-paragraph\">Es importante que las mujeres y tambi\u00e9n las ind\u00edgenas estemos en la toma de decisiones de la entidad, para construir pol\u00edticas p\u00fablicas, sociales con nuestra cosmovisi\u00f3n, desde adentro o al menos intentarlo, y ver qu\u00e9 tanto sucede en ese \u00e1mbito sin supeditar los principios de lucha que tenemos.<\/p>\n\n\n\n<p class=\"wp-block-paragraph\">Emocionada relata que tiene muchas tareas que lograr como subir la interlocuci\u00f3n y dignificar a la Secretar\u00eda de Asuntos Ind\u00edgenas;&nbsp;&nbsp;frente a los pueblos diversificar los recursos, la estrategia de financiamiento, la coinversi\u00f3n, la construcci\u00f3n de reglas de operaci\u00f3n menos asistencialistas, construir la unidad de g\u00e9nero al interior, buscar mejores oportunidades como camino a garantizar los derechos de los pueblos a trav\u00e9s de los programas de becas a estudiantes, de apoyos emergentes, de defensor\u00eda y asesor\u00eda jur\u00eddica, de proyectos productivos, de apoyo a la cultura y por supuesto de fortalecimiento a los liderazgos diversos de los pueblos ind\u00edgenas en esa b\u00fasqueda de un desarrollo propio, y muchas cosas mas como la participaci\u00f3n desde mi llegada en el proceso pol\u00edtico de la defensa de la libertad de una mujer emblem\u00e1tica como Nestora Salgado y de todo esto, apunta, alg\u00fan d\u00eda nos podr\u00e1 compartir.<\/p>\n\n\n\n<p class=\"wp-block-paragraph\">Fechas<\/p>\n\n\n\n<p class=\"wp-block-paragraph\">El 18 de noviembre de 2014 tom\u00f3 protesta como Secretar\u00eda&nbsp;de Asuntos Ind\u00edgenas y Afromexicanos<\/p>\n\n\n\n<p class=\"wp-block-paragraph\">En 1997 realiz\u00f3 la marcha No est\u00e1n solas, en apoyo<strong>&nbsp;<\/strong>a las demandas del EZLN.&nbsp;<\/p>\n\n\n\n<p class=\"wp-block-paragraph\">En 1997 crea la comisi\u00f3n de las mujeres del Consejo Guerrerense 500 a\u00f1os de resistencia ind\u00edgena un espacio mixto.&nbsp;<\/p>\n\n\n\n<p class=\"wp-block-paragraph\">Ese mismo a\u00f1o participa en la Coordinadora Nacional de Mujeres Ind\u00edgenas.&nbsp;<\/p>\n\n\n\n<p class=\"wp-block-paragraph\">2002 fue coordinadora del Enlace Continental de Mujeres Ind\u00edgenas regi\u00f3n norte (Estados Unidos, Canad\u00e1 y M\u00e9xico)&nbsp;<\/p>\n\n\n\n<p class=\"wp-block-paragraph\">2004 Coordinadora General de la Asamblea Nacional Ind\u00edgena Plural por la Autonom\u00eda (ANIPA) espacio mixto.&nbsp;<\/p>\n\n\n\n<p class=\"wp-block-paragraph\">Tambi\u00e9n en 2004 coordin\u00f3 la Alianza de Mujeres Ind\u00edgenas de Centroam\u00e9rica y M\u00e9xico<\/p>\n\n\n\n<p class=\"wp-block-paragraph\">2010 haber sido la fundadora del Programa de Mujeres Ind\u00edgenas del Instituto de Liderazgo \u201cSimone de Beauvoir, A.C.\u201d<\/p>\n\n\n\n<p class=\"wp-block-paragraph\">En&nbsp;&nbsp;2001, en su estado natal, Guerrero funda el Fondo Yulcuncue en Xochistlahuaca que benefici\u00f3 a 600 mujeres y la Coordinadora Guerrerense de Mujeres Ind\u00edgenas.<\/p>\n","protected":false},"excerpt":{"rendered":"<p>* Esta ma\u00f1ana falleci\u00f3, deja un legado ejemplar en&nbsp;la lucha por los derechos humanos de las mujeres ind\u00edgenas de M\u00e9xico * Se opuso sistem\u00e1ticamente a la militarizaci\u00f3n del pa\u00eds Soledad Jarqu\u00edn Edgar SemM\u00e9xico, Oaxaca, 30 de julio, 2021.- Esta ma\u00f1ana falleci\u00f3 Martha S\u00e1nchez N\u00e9stor. Reproducimos una entrevista realizada en 2017, en la serie \u00bfYo feminista? [&hellip;]<\/p>\n","protected":false},"author":3,"featured_media":38823,"comment_status":"open","ping_status":"open","sticky":false,"template":"","format":"standard","meta":{"_monsterinsights_skip_tracking":false,"footnotes":""},"categories":[692,54],"tags":[],"class_list":["post-38822","post","type-post","status-publish","format-standard","has-post-thumbnail","category-692","category-mujeres"],"_links":{"self":[{"href":"https:\/\/redsemlac.com\/semmexico\/wp-json\/wp\/v2\/posts\/38822","targetHints":{"allow":["GET"]}}],"collection":[{"href":"https:\/\/redsemlac.com\/semmexico\/wp-json\/wp\/v2\/posts"}],"about":[{"href":"https:\/\/redsemlac.com\/semmexico\/wp-json\/wp\/v2\/types\/post"}],"author":[{"embeddable":true,"href":"https:\/\/redsemlac.com\/semmexico\/wp-json\/wp\/v2\/users\/3"}],"replies":[{"embeddable":true,"href":"https:\/\/redsemlac.com\/semmexico\/wp-json\/wp\/v2\/comments?post=38822"}],"version-history":[{"count":0,"href":"https:\/\/redsemlac.com\/semmexico\/wp-json\/wp\/v2\/posts\/38822\/revisions"}],"wp:featuredmedia":[{"embeddable":true,"href":"https:\/\/redsemlac.com\/semmexico\/wp-json\/wp\/v2\/media\/38823"}],"wp:attachment":[{"href":"https:\/\/redsemlac.com\/semmexico\/wp-json\/wp\/v2\/media?parent=38822"}],"wp:term":[{"taxonomy":"category","embeddable":true,"href":"https:\/\/redsemlac.com\/semmexico\/wp-json\/wp\/v2\/categories?post=38822"},{"taxonomy":"post_tag","embeddable":true,"href":"https:\/\/redsemlac.com\/semmexico\/wp-json\/wp\/v2\/tags?post=38822"}],"curies":[{"name":"wp","href":"https:\/\/api.w.org\/{rel}","templated":true}]}}