{"id":38818,"date":"2021-07-30T08:52:09","date_gmt":"2021-07-30T14:52:09","guid":{"rendered":"https:\/\/redsemlac.com\/semmexico\/?p=38818"},"modified":"2023-07-21T17:05:03","modified_gmt":"2023-07-21T22:05:03","slug":"martha-sanchez-nestor-partio-a-la-luz","status":"publish","type":"post","link":"https:\/\/redsemlac.com\/semmexico\/martha-sanchez-nestor-partio-a-la-luz\/","title":{"rendered":"Martha S\u00e1nchez N\u00e9stor, parti\u00f3 a la luz"},"content":{"rendered":"\n<p class=\"wp-block-paragraph\">Una de 100 l\u00edderes del mundo, defensora de los derechos de las mujeres ind\u00edgenas<\/p>\n\n\n\n<p class=\"wp-block-paragraph\">Sara Lovera<\/p>\n\n\n\n<p class=\"wp-block-paragraph\">SemM\u00e9xico, Cd. de M\u00e9xico, 30 de julio, 2021.- Esta ma\u00f1ana se inform\u00f3 que la dirigente ind\u00edgena feminista Martha S\u00e1nchez N\u00e9stor muri\u00f3 a causa del Covid. Querida y respetada mujer de Guerrero, tremenda mujer ind\u00edgena que dio batallas por los derechos colectivos ind\u00edgenas y de las mujeres, postul\u00f3 al cargo de la presidencia de Conapred&nbsp;&nbsp;recientemente.<\/p>\n\n\n\n<p class=\"wp-block-paragraph\">La triste noticia, de la&nbsp;&nbsp;partida. Martha S\u00e1nchez N\u00e9stor, de 47 a\u00f1os, ha invadido de desaliento a una comunidad de mujeres en Guerrero y en el mundo, por su destacado papel en organizaciones nacionales e internacionales, en la defensa de la dignidad de las mujeres ind\u00edgenas. Su familia y amigas est\u00e1n consternadas.<\/p>\n\n\n\n<p class=\"wp-block-paragraph\">Naci\u00f3 en Xochistlahuaca, Guerrero en 1974 y desde los 20 a\u00f1os comenz\u00f3 a recorrer las comunidades ind\u00edgenas para esparcir los derechos humanos de las mujeres, formar promotoras de la no violencia y no discriminaci\u00f3n, la salud intercultural, la participaci\u00f3n pol\u00edtica, la creaci\u00f3n de cooperativas y el establecimiento de redes entre mujeres de distintas etnias.<\/p>\n\n\n\n<p class=\"wp-block-paragraph\">Fue\u00a0\u00a0una l\u00edder ind\u00edgena amuzga y feminista. Dirigi\u00f3 la Asamblea Nacional Ind\u00edgena Plural por la Autonom\u00eda (ANIPA) y form\u00f3 la Coordinaci\u00f3n Guerrerense de Mujeres Ind\u00edgenas, tambi\u00e9n\u00a0\u00a0fund\u00f3 la Casa de Salud en Ometepec desde donde realiz\u00f3 un trabajo de formaci\u00f3n de j\u00f3venes, capacitaci\u00f3n de promotoras de salud y capacitaci\u00f3n de parteras ind\u00edgenas.\u00a0<\/p>\n\n\n\n<figure class=\"wp-block-image size-large\"><a href=\"https:\/\/redsemlac.com\/semmexico\/wp-content\/uploads\/2021\/07\/Captura-de-Pantalla-2021-07-30-a-las-9.54.22.png\"><img decoding=\"async\" src=\"https:\/\/redsemlac.com\/semmexico\/wp-content\/uploads\/2021\/07\/Captura-de-Pantalla-2021-07-30-a-las-9.54.22-1024x669.png\" alt=\"\" class=\"wp-image-38819\"\/><\/a><\/figure>\n\n\n\n<p class=\"wp-block-paragraph\">Inici\u00f3 su trabajo de defensa de los derechos ind\u00edgenas en 1994 cuando encontr\u00f3 un empleo como secretaria del Consejo Guerrerense de 500 A\u00f1os de Resistencia Ind\u00edgena. Sus recorridos por las comunidades al lado de sus compa\u00f1eros, asistiendo a asambleas campesinas, organizando movilizaciones, hicieron que dejara la m\u00e1quina, y al mismo tiempo descubriera que las mujeres era invisibles y que ten\u00edan derechos; cuatro a\u00f1os despu\u00e9s, fund\u00f3 la Comisi\u00f3n de la Mujer con una fuerte influencia de feminista, pero tambi\u00e9n teniendo como referente a la Comandanta Ramona del Ej\u00e9rcito Zapatista de Liberaci\u00f3n Nacional desde donde impuls\u00f3 la Ley de Derechos y Cultura Ind\u00edgenas.<\/p>\n\n\n\n<p class=\"wp-block-paragraph\">Martha siempre fue&nbsp;&nbsp;incansable. Fue&nbsp;&nbsp;fundadora del Consejo de la Naci\u00f3n Amuzga y de la Cooperativa de Tejedoras \u201cFlores de la Tierra Amuzga\u201d. Con su liderazgo nato construy\u00f3 la convergencia de mujeres ind\u00edgenas no s\u00f3lo en Guerrero y en M\u00e9xico, sino en otros pa\u00edses. Fue Coordinadora de la Alianza de Mujeres Ind\u00edgenas de Centroam\u00e9rica y M\u00e9xico. Su vocaci\u00f3n para formar nuevos cuadros de mujeres que tuvieran su propia voz para defender sus derechos, la llev\u00f3 a ser Coordinadora de Proyectos de Mujeres Ind\u00edgenas del Instituto de Liderazgo Simone de Beauvouir.&nbsp;<\/p>\n\n\n\n<p class=\"wp-block-paragraph\">Fue fundadora del Grupo Plural por la Equidad de G\u00e9nero y el Adelanto de las Mujeres en Guerrero que impuls\u00f3 la agenda ciudadana con perspectiva de g\u00e9nero; y ocup\u00f3 la Secretar\u00eda de Asuntos Ind\u00edgenas y Afromexicanos de Guerrero en el 2014 en el Gobierno interino de Rogelio Ortega y fue integrante del grupo de notables formado por el Gobierno de la Ciudad de M\u00e9xico para redactar el borrador de la primera Constituci\u00f3n de la Ciudad de M\u00e9xico. En 2005 recibi\u00f3 el m\u00e9rito civil \u201cAntonia Nava de Catal\u00e1n\u201d; en 2006 fue galardonada con el premio civil indigenista \u201cCuauht\u00e9moc\u201d. A nivel internacional, la organizaci\u00f3n Women Deliver la reconoci\u00f3 como una de las 100 Mujeres L\u00edderes de Mundo m\u00e1s comprometidas con la salud de mujeres y ni\u00f1as; y la Revista Forbes la incluy\u00f3 en junio del 2016 en la lista de las 100 mujeres m\u00e1s influyentes en M\u00e9xico.<\/p>\n","protected":false},"excerpt":{"rendered":"<p>Una de 100 l\u00edderes del mundo, defensora de los derechos de las mujeres ind\u00edgenas Sara Lovera SemM\u00e9xico, Cd. de M\u00e9xico, 30 de julio, 2021.- Esta ma\u00f1ana se inform\u00f3 que la dirigente ind\u00edgena feminista Martha S\u00e1nchez N\u00e9stor muri\u00f3 a causa del Covid. Querida y respetada mujer de Guerrero, tremenda mujer ind\u00edgena que dio batallas por los [&hellip;]<\/p>\n","protected":false},"author":3,"featured_media":38820,"comment_status":"open","ping_status":"open","sticky":false,"template":"","format":"standard","meta":{"_monsterinsights_skip_tracking":false,"footnotes":""},"categories":[692,54],"tags":[],"class_list":["post-38818","post","type-post","status-publish","format-standard","has-post-thumbnail","category-692","category-mujeres"],"_links":{"self":[{"href":"https:\/\/redsemlac.com\/semmexico\/wp-json\/wp\/v2\/posts\/38818","targetHints":{"allow":["GET"]}}],"collection":[{"href":"https:\/\/redsemlac.com\/semmexico\/wp-json\/wp\/v2\/posts"}],"about":[{"href":"https:\/\/redsemlac.com\/semmexico\/wp-json\/wp\/v2\/types\/post"}],"author":[{"embeddable":true,"href":"https:\/\/redsemlac.com\/semmexico\/wp-json\/wp\/v2\/users\/3"}],"replies":[{"embeddable":true,"href":"https:\/\/redsemlac.com\/semmexico\/wp-json\/wp\/v2\/comments?post=38818"}],"version-history":[{"count":0,"href":"https:\/\/redsemlac.com\/semmexico\/wp-json\/wp\/v2\/posts\/38818\/revisions"}],"wp:featuredmedia":[{"embeddable":true,"href":"https:\/\/redsemlac.com\/semmexico\/wp-json\/wp\/v2\/media\/38820"}],"wp:attachment":[{"href":"https:\/\/redsemlac.com\/semmexico\/wp-json\/wp\/v2\/media?parent=38818"}],"wp:term":[{"taxonomy":"category","embeddable":true,"href":"https:\/\/redsemlac.com\/semmexico\/wp-json\/wp\/v2\/categories?post=38818"},{"taxonomy":"post_tag","embeddable":true,"href":"https:\/\/redsemlac.com\/semmexico\/wp-json\/wp\/v2\/tags?post=38818"}],"curies":[{"name":"wp","href":"https:\/\/api.w.org\/{rel}","templated":true}]}}