{"id":38815,"date":"2021-07-29T15:20:09","date_gmt":"2021-07-29T21:20:09","guid":{"rendered":"https:\/\/redsemlac.com\/semmexico\/?p=38815"},"modified":"2023-07-21T17:05:03","modified_gmt":"2023-07-21T22:05:03","slug":"el-dueno-del-perro","status":"publish","type":"post","link":"https:\/\/redsemlac.com\/semmexico\/el-dueno-del-perro\/","title":{"rendered":"El due\u00f1o del perro"},"content":{"rendered":"\n<p class=\"wp-block-paragraph\"><strong>Mois\u00e9s S\u00e1nchez Lim\u00f3n<\/strong><\/p>\n\n\n\n<p class=\"wp-block-paragraph\">SemM\u00e9xico, Cd. de M\u00e9xico, 29 de julio, 2021.<strong>&#8211;&nbsp;<\/strong>La voluntad del Duce Andr\u00e9s Manuel se ha cumplido, a pie juntillas, en la bancada de la mayor\u00eda morena en C\u00e1mara de Diputados la LXIV legislatura que est\u00e1 por fenecer el \u00faltimo d\u00eda de agosto pr\u00f3ximo.<\/p>\n\n\n\n<p class=\"wp-block-paragraph\">Priistas que poco o nada sobresalieron en cargos de primer nivel en gobiernos tricolores o verdes, convertidos al morenismo buscan las candilejas de la ef\u00edmera fama que no se presume cuando hay disciplina servil.<\/p>\n\n\n\n<p class=\"wp-block-paragraph\">\u201c(\u2026) ni una coma quitaremos a las iniciativas del se\u00f1orpresidente\u201d, asumi\u00f3 el licenciado Mois\u00e9s Ignacio Mier Velazco, ex distinguido priista poblano, hoy reelecto coordinador de los diputados federales de Morena en la entrante LXV Legislatura federal.<\/p>\n\n\n\n<p class=\"wp-block-paragraph\">\u00a1Por supuesto!, praxis que no se presume, en la delicada responsabilidad que implica ocupar un cargo de elecci\u00f3n popular, pero que han asumido legisladores como el tambi\u00e9n ex priista pero chiapaneco Ra\u00fal Eduardo Bonifaz Moedano, actual vicepresidente de la mesa directiva cameral en San L\u00e1zaro.<\/p>\n\n\n\n<p class=\"wp-block-paragraph\">Y es que, cuando el Duce, Su Alteza Seren\u00edsima, ha abierto el burladero para que el populacho se distraiga en una adelantada faena de quienes disputan el privilegio del dedazo que determinar\u00e1 qui\u00e9n ungido candidato buscar\u00e1 sucederlo en Palacio Nacional, cada oficioso busca servir al o la posible.<\/p>\n\n\n\n<p class=\"wp-block-paragraph\">Pero, el Duce ha equivocado la estrategia, err\u00f3 en esa parte del libreto sexenal y abri\u00f3 una batalla muy temprana dentro de la burbuja de Palacio y aunque aludi\u00f3 a personajes cuya sola menci\u00f3n como presidenciable parece broma de mal gusto, ha dejado en el escenario a tres personajes; el resto, sabedor de que no tiene tama\u00f1o para disputar la nominaci\u00f3n ha soltado a su jaur\u00eda rentable.<\/p>\n\n\n\n<p class=\"wp-block-paragraph\">Tal vez y solo tal vez, el objetivo del licenciado presidenta sea el escenario del desgaste pol\u00edtico de los tres personajes, para, en v\u00edspera de la hora de la verdad, sacar el as debajo de la manga e incurrir en eso que no quiere ser pero lo es y hasta se presumi\u00f3 como destapador de corcholatas con su personal corcholata.<\/p>\n\n\n\n<p class=\"wp-block-paragraph\">\u00bfAcaso ser\u00e9 yo, Su Alteza Seren\u00edsima?, se habr\u00e1 escuchado en la oficina principal del edificio contra esquina de Palacio Nacional y la Suprema Corte de Justicia de la Naci\u00f3n. Y, en eco de la pregunta que no se pregunta, entonces los oficiosos abrieron las hostilidades contra los que asumen enemigos en la carrera por la Presidencia.<\/p>\n\n\n\n<p class=\"wp-block-paragraph\">As\u00ed, esta churrigueresca carrera por la sucesi\u00f3n presidencial ha contaminado al Congreso de la Uni\u00f3n.<\/p>\n\n\n\n<p class=\"wp-block-paragraph\">Mire usted. Si fue o no estrategia del Duce ignorar a Ricardo Monreal \u00c1vila como presidenciable, el s\u00f3lo hecho de no citarlo en esa baraja donde cabe todo el mundo, todo e incluso hasta los secretarios de la Defensa Nacional y de Marina, reconoci\u00f3 en el coordinador de la bancada senatorial de Morena al mejor prospecto para sucederle. El presidenciable de mayor peso y, por ende, al que se debe desbarrancar desprestigi\u00e1ndolo, atac\u00e1ndolo con pueriles operativos pol\u00edticos.<\/p>\n\n\n\n<p class=\"wp-block-paragraph\">Porque Ricardo alz\u00f3 el brazo y dijo: \u201cestar\u00e9 en la boleta electoral de 2024\u201d. Elemental en un pol\u00edtico de su estatura que no necesita de amanuenses ni panegiristas para defenderse y promocionarse, porque de esto de hacer pol\u00edtica sabe un rato.<\/p>\n\n\n\n<p class=\"wp-block-paragraph\">Ah\u00ed est\u00e1 Ernesto Zedillo que busc\u00f3 descarrilarlo de la carrera por el gobierno de Zacatecas. Incluso, recordar\u00e1 usted, el propio Duce supo de esa postura de Monreal cuando le neg\u00f3 la candidatura de Morena a la jefatura de Gobierno de la Ciudad de M\u00e9xico. Ricardo aire\u00f3 p\u00fablicamente la posibilidad de irse de Morena y vea usted d\u00f3nde est\u00e1.<\/p>\n\n\n\n<p class=\"wp-block-paragraph\">Hoy, \u00a1caray!, los enemigos de Ricardo, ll\u00e1meles malquerientes y oficiosos operadores de la vecina o el vecino de enfrente, se treparon en la ruta que ha seguido la convocatoria y celebraci\u00f3n de periodo extraordinario en el Congreso de la Uni\u00f3n.<\/p>\n\n\n\n<p class=\"wp-block-paragraph\">El tema evidenci\u00f3 las ganas de ser y no poder, de personajes oficiosos de la 4T que buscan sobresalir en escenarios de mediocridad legislativa en la ventanilla de Oficial\u00eda de Partes en que, como mayor\u00eda, convirtieron a la C\u00e1mara de Diputados.<\/p>\n\n\n\n<p class=\"wp-block-paragraph\">De p\u00e9sima capacidad en la estrategia legislativa, el diputado federal morenista Ra\u00fal Eduardo Bonifaz Moedano, hizo el papelazo. Le platico.<\/p>\n\n\n\n<p class=\"wp-block-paragraph\">Es suplente de Zoe Alejandro Robledo Aburto, quien solicit\u00f3 licencia para irse al gabinete de Su Alteza Seren\u00edsima y hoy se gana la chuleta como director del IMSS,<\/p>\n\n\n\n<p class=\"wp-block-paragraph\">Bonifaz Moedano, se encumbr\u00f3 como priista y hasta fue asesor del entonces gobernador Manuel Velasco Coello, quien gan\u00f3 la gubernatura abanderado por la alianza PRI, PVEM, Nueva Alianza, y hoy es un declarado socio de Morena. Bueno.<\/p>\n\n\n\n<p class=\"wp-block-paragraph\">\u00bfQu\u00e9 hizo Bonifaz Moedano? Dec\u00eda: el papelazo cuando pretendi\u00f3 culpar a Ricardo Monreal de haber echado a perder la negociaci\u00f3n que dizque ten\u00edan \u00e9l y su jefe Mier Velazco con el presidente de la mesa directiva senatorial, \u00d3scar Eduardo Ram\u00edrez Aguilar.<\/p>\n\n\n\n<p class=\"wp-block-paragraph\">\u201cTodo iba bien con el presidente de la mesa directiva hasta que lleg\u00f3 Monreal y ech\u00f3 a perder todo\u201d, dijo Bonifaz, palabras m\u00e1s, palabras menos.<\/p>\n\n\n\n<p class=\"wp-block-paragraph\">\u00a1Caray! Monreal no forma parte de la Comisi\u00f3n Permanente del Congreso de la Uni\u00f3n pero en su papel de presidente de la Junta de Coordinaci\u00f3n Pol\u00edtica del Senado, negociaba con los coordinadores de las bancadas e integrantes de la Permanente, para convocar a periodo extraordinario y lograr, entre otros asuntos pendientes, la ampliaci\u00f3n del periodo de la entrada en vigor de la reforma al modelo outsourcing, por tratarse de un tema delicado.<\/p>\n\n\n\n<p class=\"wp-block-paragraph\">Sin duda, esa intervenci\u00f3n del presidenciable Monreal caus\u00f3 prurito entre quienes atienden intereses personales y de grupo futurista y consideraron el momento para acusarlo de interferir y bloquear la tarea de la Permanente.<\/p>\n\n\n\n<p class=\"wp-block-paragraph\">Lo cierto es que, Bonifaz en especial, es parte del grupo que pretende controlar el trabajo legislativo y convocar a periodo extraordinario para atender cuitas personales, como la insistencia de enjuiciar al fiscal General de Morelos, Uriel Carmona G\u00e1ndara, quien tiene fuero am\u00e9n de una suspensi\u00f3n de amparo definitivo.<\/p>\n\n\n\n<p class=\"wp-block-paragraph\">\u00bfLa idea? Mostrarse eficientes, puntuales legisladores prestos a atender el chasquido de los dedos o el deseo expuesto por su Alteza Seren\u00edsima y garantizar privilegios, puestos de primer nivel y, \u00a1claro!, el control de la C\u00e1mara de Diputados.<\/p>\n\n\n\n<p class=\"wp-block-paragraph\">S\u00f3lo hay que recordar que Mier Velazco es plurinominal y Bonifaz suplente, quien adem\u00e1s acept\u00f3 haber presentado una propuesta de agenda legislativa para el periodo extraordinario, sin incluir el desafuero de los diputados Mauricio Toledo y Sa\u00fal Huerta junto con el fiscal Uriel Carmona.<\/p>\n\n\n\n<p class=\"wp-block-paragraph\">Peeero\u2026 Luego declar\u00f3 que \u201cla sustancia de este empe\u00f1o radica en desahogar los asuntos de desafuero\u201d contra los citados porque, adujo, su bancada no va a permitir que la impunidad prevalezca.<\/p>\n\n\n\n<p class=\"wp-block-paragraph\">En serio, no se r\u00eda. Son las ganas de querer y no poder. \u00a1Qu\u00e9 pena! Y todo en el af\u00e1n de madrear a Ricardo Monreal; con esos contrincantes, Ricardo debe carcajearse.<\/p>\n\n\n\n<p class=\"wp-block-paragraph\">Y, lea usted lo que refiere Nacho Mier, reelecto coordinador de los diputados federales de Morena para la LXV Legislatura. En su cuenta de twitter transit\u00f3 en esa ruta del golpe bajo:<\/p>\n\n\n\n<p class=\"wp-block-paragraph\">\u201cLa impunidad tiene cara de pretextos. Todos los diputados de Morena votaron a favor del extraordinario, incluyendo desafueros. De la oposici\u00f3n 12 votaron en contra, y dos senador@s se abstuvieron. Hay que voltear la mirada hacia all\u00e1, vale la pena\u201d.<\/p>\n\n\n\n<p class=\"wp-block-paragraph\">A\u00fan m\u00e1s, en entrevista redonde\u00f3 el mensaje al Senado e insolente puntualiz\u00f3:<\/p>\n\n\n\n<p class=\"wp-block-paragraph\">\u201cHemos dicho ya que si no tiene posibilidades de sesionar la Comisi\u00f3n Permanente en el Senado de la Rep\u00fablica, siempre se ha establecido como sede alterna la propia C\u00e1mara de los Diputados, el sal\u00f3n de plenos o el Sal\u00f3n Verde. Yo hago un llamado desde ac\u00e1 para que, siendo consecuentes, se vengan para ac\u00e1 y ac\u00e1 puedan sesionar\u201d.&nbsp;<\/p>\n\n\n\n<p class=\"wp-block-paragraph\">La Comisi\u00f3n Permanente sesionar\u00e1 este jueves, adelant\u00f3 la cita de la semana entrante y seguramente dar\u00e1 fecha del extraordinario para viernes y s\u00e1bado, es decir, ma\u00f1ana y pasado ma\u00f1ana, d\u00edas en los que se desahogar\u00e1 la agenda acordada y cada quien con su cada cual.<\/p>\n\n\n\n<p class=\"wp-block-paragraph\">La resultante, d\u00edgame si me equivoco, es como los pleitos de vecindad cuyo personaje principal es el due\u00f1o del perro. Digo.<\/p>\n\n\n\n<p class=\"wp-block-paragraph\"><a href=\"mailto:sanchezlimon@gmail.com\" target=\"_blank\" rel=\"noreferrer noopener\">sanchezlimon@gmail.com<\/a><\/p>\n\n\n\n<p class=\"wp-block-paragraph\"><a href=\"http:\/\/www.entresemana.mx\/\" target=\"_blank\" rel=\"noreferrer noopener\">www.entresemana.mx<\/a><\/p>\n\n\n\n<p class=\"wp-block-paragraph\"><strong>@msanchezlimon&nbsp; @msanchezlimon1<\/strong><\/p>\n","protected":false},"excerpt":{"rendered":"<p>Mois\u00e9s S\u00e1nchez Lim\u00f3n SemM\u00e9xico, Cd. de M\u00e9xico, 29 de julio, 2021.&#8211;&nbsp;La voluntad del Duce Andr\u00e9s Manuel se ha cumplido, a pie juntillas, en la bancada de la mayor\u00eda morena en C\u00e1mara de Diputados la LXIV legislatura que est\u00e1 por fenecer el \u00faltimo d\u00eda de agosto pr\u00f3ximo. Priistas que poco o nada sobresalieron en cargos de [&hellip;]<\/p>\n","protected":false},"author":3,"featured_media":15805,"comment_status":"open","ping_status":"open","sticky":false,"template":"","format":"standard","meta":{"_monsterinsights_skip_tracking":false,"footnotes":""},"categories":[692,105,83,35],"tags":[],"class_list":["post-38815","post","type-post","status-publish","format-standard","has-post-thumbnail","category-692","category-entresemana","category-moises-sanchez-limon","category-opinion"],"_links":{"self":[{"href":"https:\/\/redsemlac.com\/semmexico\/wp-json\/wp\/v2\/posts\/38815","targetHints":{"allow":["GET"]}}],"collection":[{"href":"https:\/\/redsemlac.com\/semmexico\/wp-json\/wp\/v2\/posts"}],"about":[{"href":"https:\/\/redsemlac.com\/semmexico\/wp-json\/wp\/v2\/types\/post"}],"author":[{"embeddable":true,"href":"https:\/\/redsemlac.com\/semmexico\/wp-json\/wp\/v2\/users\/3"}],"replies":[{"embeddable":true,"href":"https:\/\/redsemlac.com\/semmexico\/wp-json\/wp\/v2\/comments?post=38815"}],"version-history":[{"count":0,"href":"https:\/\/redsemlac.com\/semmexico\/wp-json\/wp\/v2\/posts\/38815\/revisions"}],"wp:featuredmedia":[{"embeddable":true,"href":"https:\/\/redsemlac.com\/semmexico\/wp-json\/wp\/v2\/media\/15805"}],"wp:attachment":[{"href":"https:\/\/redsemlac.com\/semmexico\/wp-json\/wp\/v2\/media?parent=38815"}],"wp:term":[{"taxonomy":"category","embeddable":true,"href":"https:\/\/redsemlac.com\/semmexico\/wp-json\/wp\/v2\/categories?post=38815"},{"taxonomy":"post_tag","embeddable":true,"href":"https:\/\/redsemlac.com\/semmexico\/wp-json\/wp\/v2\/tags?post=38815"}],"curies":[{"name":"wp","href":"https:\/\/api.w.org\/{rel}","templated":true}]}}