{"id":38811,"date":"2021-07-29T13:46:51","date_gmt":"2021-07-29T19:46:51","guid":{"rendered":"https:\/\/redsemlac.com\/semmexico\/?p=38811"},"modified":"2023-07-21T17:05:03","modified_gmt":"2023-07-21T22:05:03","slug":"es-hora-de-invertirle-al-problema-del-agua-en-azcapotzalco-margarita-saldana","status":"publish","type":"post","link":"https:\/\/redsemlac.com\/semmexico\/es-hora-de-invertirle-al-problema-del-agua-en-azcapotzalco-margarita-saldana\/","title":{"rendered":"Es hora de invertirle al problema del agua en Azcapotzalco: Margarita Salda\u00f1a"},"content":{"rendered":"\n<p class=\"wp-block-paragraph\">Foto Roberto Hern\u00e1ndez | El Sol de M\u00e9xico<\/p>\n\n\n\n<p class=\"wp-block-paragraph\">Anunci\u00f3 que plantear\u00e1 la reactivaci\u00f3n de estancias infantiles, que fueron suspendidas con el objetivo de tener un total de 10<\/p>\n\n\n\n<p class=\"wp-block-paragraph\"><strong>Aabye Vargas&nbsp;<\/strong><\/p>\n\n\n\n<p class=\"wp-block-paragraph\">SemM\u00e9xico\/El Sol de M\u00e9xico, Cd. de M\u00e9xico, 29 de julio, 2021.- La alcaldesa electa de Azcapotzalco, Margarita Salda\u00f1a, asegur\u00f3 que es \u201chora de que se le invierta al problema de agua\u201d, en espec\u00edfico a la infraestructura hidr\u00e1ulica, la cual ha estado abandonada y ocasiona que alrededor de 40 por ciento del l\u00edquido se pierda por fugas en las tuber\u00edas.<\/p>\n\n\n\n<p class=\"wp-block-paragraph\">En entrevista con El Sol de M\u00e9xico, la alcaldesa indic\u00f3 que la distribuci\u00f3n a trav\u00e9s de pipas \u201ces un mejoralito\u201d, por lo que hay que solucionar el problema de fondo, y adelant\u00f3 que proyecta un programa de peque\u00f1as cisternas de abastecimiento de agua para vecinos de la alcald\u00eda en las zonas en donde m\u00e1s se sufre desabasto; sin embargo, todav\u00eda est\u00e1 analizando la propuesta.<\/p>\n\n\n\n<p class=\"wp-block-paragraph\">&nbsp;\u201cA la infraestructura hidr\u00e1ulica se le ha dejado de invertir en muchos a\u00f1os, es hora de que se le invierta realmente al problema de agua. (&#8230;) Las pipas son un \u2018mejoralito\u2019, mientras no tengamos una soluci\u00f3n de fondo, las pipas sirven para no dejar a las personas sin agua, pero yo creo que nadie quiere que el agua le llegue por pipa o que le pongan un tambo para acarrear agua.<\/p>\n\n\n\n<p class=\"wp-block-paragraph\">\u201cTenemos que exigir a la Jefa de Gobierno, Claudia Sheinbaum, que haya una fuerte inversi\u00f3n, pero no s\u00f3lo en infraestructura de agua, sino tambi\u00e9n en drenaje y alcantarillado, pues hay fracturas que hace que no fluya el agua en el drenaje, que tambi\u00e9n crea problemas de inundaciones\u201d, se\u00f1al\u00f3 Salda\u00f1a.<\/p>\n\n\n\n<p class=\"wp-block-paragraph\">Adem\u00e1s, puntualiz\u00f3 que tendr\u00e1n acercamiento con el Sistema de Aguas de la Ciudad de M\u00e9xico (Sacmex) para que les brinde un diagn\u00f3stico de la situaci\u00f3n de c\u00f3mo llega el l\u00edquido y por qu\u00e9 escasea, as\u00ed como una revisi\u00f3n a los m\u00e1s de 25 pozos que hay en la demarcaci\u00f3n, pues muchas pipas privadas se abastecen a trav\u00e9s de \u00e9stas.<\/p>\n\n\n\n<p class=\"wp-block-paragraph\"><strong>EMPLEO Y SEGURIDAD<\/strong><\/p>\n\n\n\n<p class=\"wp-block-paragraph\">Para reactivar la econom\u00eda, la alcaldesa electa se\u00f1al\u00f3 que est\u00e1n en pl\u00e1ticas para pactar convenios con todas las c\u00e1maras, como la Confederaci\u00f3n Patronal de la Rep\u00fablica Mexicana (Coparmex) y la C\u00e1mara Nacional de la Industria de la Transformaci\u00f3n (Canacintra), as\u00ed como comerciantes de mercados p\u00fablicos, con el objetivo de generar empleos para los habitantes de la alcald\u00eda.<\/p>\n\n\n\n<p class=\"wp-block-paragraph\">\u201cQueremos que exista un convenio con nosotros, que nos manden su bolsa de trabajo y nosotros la podamos ofrecer a la ciudadan\u00eda, con el fin de redirigirla y darle seguimiento hasta colocarlos en un empleo\u201d, precis\u00f3 Margarita Salda\u00f1a.<\/p>\n\n\n\n<p class=\"wp-block-paragraph\">Tambi\u00e9n se\u00f1al\u00f3 que su administraci\u00f3n apoyar\u00e1 a todos los empresarios en la demarcaci\u00f3n, as\u00ed como con la \u201ctramitolog\u00eda\u201d para los que quieran emprender un negocio no tengan obst\u00e1culos burocr\u00e1ticos, con el objetivo de que abran r\u00e1pido y no sean v\u00edctimas de extorsi\u00f3n, clausurados o sancionados con grandes multas por no estar en regla.<\/p>\n\n\n\n<p class=\"wp-block-paragraph\">En cuanto al problema de la inseguridad en la demarcaci\u00f3n, el cual va al alza, indic\u00f3 que se planea tener una polic\u00eda de proximidad, cercana a la gente, as\u00ed como obtener m\u00e1s patrullas y estar en constante contacto con las c\u00e1maras del C5, as\u00ed como alarmas vecinales, e implementar una retroalimentaci\u00f3n con todos los comit\u00e9s vecinales.<\/p>\n\n\n\n<p class=\"wp-block-paragraph\"><strong>LOS MISMOS PROBLEMAS DE HACE 19 A\u00d1OS<\/strong><\/p>\n\n\n\n<p class=\"wp-block-paragraph\">Margarita Salda\u00f1a, de extracci\u00f3n panista, estuvo al frente de esa demarcaci\u00f3n entre 2000 y 2003 y ve que no ha habido mejoras en la alcald\u00eda desde que dej\u00f3 el cargo, pues tiene los mismos problemas, y subray\u00f3 que los niveles de inseguridad han incrementado con los gobiernos de izquierda.<\/p>\n\n\n\n<p class=\"wp-block-paragraph\">\u201cLa recibo como cuando entr\u00e9 (hace 21 a\u00f1os), con problemas de ambulantaje serios, problemas de servicios, como que los \u00e1rboles se caen con viento o lluvia, falta de alumbrado, desabasto de agua; se dejaron de hacer muchas cosas, como en materia de vialidad\u201d, precis\u00f3 la alcaldesa electa.<\/p>\n\n\n\n<p class=\"wp-block-paragraph\">Y asegur\u00f3 que Morena perdi\u00f3 la alcald\u00eda en las pasadas elecciones \u2013en la cual el alcalde Vidal Llarenas busc\u00f3 su reelecci\u00f3n\u2013 debido a que hubo falta de servicios y empat\u00eda con los habitantes, adem\u00e1s de que no se supo manejar la pandemia y tampoco se apoy\u00f3 econ\u00f3micamente a los empresarios, pues la administraci\u00f3n saliente pens\u00f3 que \u201cera malo\u201d.<\/p>\n\n\n\n<p class=\"wp-block-paragraph\">Adem\u00e1s, la alcaldesa electa adelant\u00f3 que buscar\u00e1 reactivar las estancias infantiles que el Gobierno Federal fren\u00f3, y asegur\u00f3 que plantear\u00e1n el reinicio de actividades en 10 de \u00e9stas, as\u00ed como establecer de nuevo escuelas de tiempo completo, una vez que mejore la emergencia sanitaria provocada por el Covid.19<\/p>\n\n\n\n<p class=\"wp-block-paragraph\">\u201cPor lo menos que estuvieran 10 estancias infantiles activadas. Adem\u00e1s, ver escuelas de tiempo completo, en donde pueden estar los padres de familia tranquilos de que sus hijos est\u00e9n seguros hasta las cuatro o seis de la tarde, dependiendo del esquema\u201d, indic\u00f3.<\/p>\n\n\n\n<p class=\"wp-block-paragraph\">Y se\u00f1al\u00f3 que se revisar\u00e1n los grandes desarrollos inmobiliarios instalados en la alcald\u00eda, as\u00ed como una revisi\u00f3n completa en la urbe para ver la posibilidad de instalaci\u00f3n de ciclov\u00edas, pues es una demanda ciudadana; sin embarg\u00f3, se\u00f1al\u00f3, cuidar\u00e1n que \u00e9stas no hagan un caos y que verdaderamente sirva para la movilidad de los ciudadanos.<\/p>\n","protected":false},"excerpt":{"rendered":"<p>Foto Roberto Hern\u00e1ndez | El Sol de M\u00e9xico Anunci\u00f3 que plantear\u00e1 la reactivaci\u00f3n de estancias infantiles, que fueron suspendidas con el objetivo de tener un total de 10 Aabye Vargas&nbsp; SemM\u00e9xico\/El Sol de M\u00e9xico, Cd. de M\u00e9xico, 29 de julio, 2021.- La alcaldesa electa de Azcapotzalco, Margarita Salda\u00f1a, asegur\u00f3 que es \u201chora de que se [&hellip;]<\/p>\n","protected":false},"author":3,"featured_media":38812,"comment_status":"open","ping_status":"open","sticky":false,"template":"","format":"standard","meta":{"_monsterinsights_skip_tracking":false,"footnotes":""},"categories":[692,141],"tags":[],"class_list":["post-38811","post","type-post","status-publish","format-standard","has-post-thumbnail","category-692","category-elecciones-2020-2021"],"_links":{"self":[{"href":"https:\/\/redsemlac.com\/semmexico\/wp-json\/wp\/v2\/posts\/38811","targetHints":{"allow":["GET"]}}],"collection":[{"href":"https:\/\/redsemlac.com\/semmexico\/wp-json\/wp\/v2\/posts"}],"about":[{"href":"https:\/\/redsemlac.com\/semmexico\/wp-json\/wp\/v2\/types\/post"}],"author":[{"embeddable":true,"href":"https:\/\/redsemlac.com\/semmexico\/wp-json\/wp\/v2\/users\/3"}],"replies":[{"embeddable":true,"href":"https:\/\/redsemlac.com\/semmexico\/wp-json\/wp\/v2\/comments?post=38811"}],"version-history":[{"count":0,"href":"https:\/\/redsemlac.com\/semmexico\/wp-json\/wp\/v2\/posts\/38811\/revisions"}],"wp:featuredmedia":[{"embeddable":true,"href":"https:\/\/redsemlac.com\/semmexico\/wp-json\/wp\/v2\/media\/38812"}],"wp:attachment":[{"href":"https:\/\/redsemlac.com\/semmexico\/wp-json\/wp\/v2\/media?parent=38811"}],"wp:term":[{"taxonomy":"category","embeddable":true,"href":"https:\/\/redsemlac.com\/semmexico\/wp-json\/wp\/v2\/categories?post=38811"},{"taxonomy":"post_tag","embeddable":true,"href":"https:\/\/redsemlac.com\/semmexico\/wp-json\/wp\/v2\/tags?post=38811"}],"curies":[{"name":"wp","href":"https:\/\/api.w.org\/{rel}","templated":true}]}}