{"id":38808,"date":"2021-07-29T13:43:43","date_gmt":"2021-07-29T19:43:43","guid":{"rendered":"https:\/\/redsemlac.com\/semmexico\/?p=38808"},"modified":"2023-07-21T17:05:04","modified_gmt":"2023-07-21T22:05:04","slug":"evelyn-parra-alcaldesa-electa-de-venustiano-carranza-va-contra-la-violencia-de-genero","status":"publish","type":"post","link":"https:\/\/redsemlac.com\/semmexico\/evelyn-parra-alcaldesa-electa-de-venustiano-carranza-va-contra-la-violencia-de-genero\/","title":{"rendered":"Evelyn Parra, alcaldesa electa de Venustiano Carranza, va contra la violencia de g\u00e9nero"},"content":{"rendered":"\n<p class=\"wp-block-paragraph\">Foto Roberto Hern\u00e1ndez | El Sol de M\u00e9xico<\/p>\n\n\n\n<p class=\"wp-block-paragraph\">Venustiano Carranza es una opci\u00f3n para los inversionistas porque en su territorio tiene al aeropuerto.<\/p>\n\n\n\n<p class=\"wp-block-paragraph\"><strong>Maleny Navarro&nbsp;<\/strong><strong><\/strong><\/p>\n\n\n\n<p class=\"wp-block-paragraph\">SemM\u00e9xico\/ El Sol de M\u00e9xico, 29 de julio, 2021.- Al frente de la alcald\u00eda Venustiano Carranza, su pr\u00f3xima titular, Evelyn Parra \u00c1lvarez, (PT\/Morena)ofreci\u00f3 gobernar de la mano con las habitantes de la demarcaci\u00f3n para empoderarlas y que encuentren las oportunidades econ\u00f3micas, educativas, deportivas y culturales para sus familias e hijos. \u00abVoy a trabajar para erradicar la violencia contra las mujeres\u00bb, asegur\u00f3.<\/p>\n\n\n\n<p class=\"wp-block-paragraph\">En entrevista con El Sol de M\u00e9xico, traz\u00f3 a grandes rasgos cu\u00e1les son sus proyectos de gobierno: seguridad y reactivaci\u00f3n econ\u00f3mica con la meta de desarrollar individual y socialmente a los habitantes de esa demarcaci\u00f3n y en esto, confi\u00f3 tener la ayuda del sector femenino de la poblaci\u00f3n.<\/p>\n\n\n\n<p class=\"wp-block-paragraph\">Bajo esa gu\u00eda, la alcaldesa electa anunci\u00f3 que en materia de seguridad crear\u00e1 la polic\u00eda violeta, que ser\u00e1 integrada con elementos femeninos para que sean \u201cmujeres cuidando a mujeres de Venustiano Carranza\u201d.<\/p>\n\n\n\n<p class=\"wp-block-paragraph\">Tambi\u00e9n, adelant\u00f3 el plan de establecer la Casa Violeta, que ser\u00e1 un refugio para las mujeres, donde se les proteja realmente cuando sean agredidas y est\u00e9n vulnerables en su casa. En esos locales, inform\u00f3, se les proporcionar\u00e1 apoyo psicol\u00f3gico, jur\u00eddico y de salud que necesiten, a fin de erradicar la violencia en contra de ellas.<\/p>\n\n\n\n<p class=\"wp-block-paragraph\">Con las nuevas facultades que da la Constituci\u00f3n a los alcaldes para presentar iniciativas, insisti\u00f3 en enfocarse mucho en las mujeres y se manifest\u00f3 a favor de modificar la legislaci\u00f3n para eliminar trabas y puedan tener oportunidades econ\u00f3micas, \u201cporque una mujer econ\u00f3micamente autosuficiente ya se empodera\u201d.<\/p>\n\n\n\n<p class=\"wp-block-paragraph\">En otro tema, reconoci\u00f3 que a esa alcald\u00eda le hace falta m\u00e1s seguridad, precis\u00f3 que no es peligrosa, pero que se deben de atender algunas colonias que tienen un \u00edndice delictivo alto, como la Morelos, y reconoci\u00f3 el apoyo prestado por la Guardia Nacional, con cuyos mandos se ha tenido buena comunicaci\u00f3n y coordinaci\u00f3n.<\/p>\n\n\n\n<p class=\"wp-block-paragraph\">Opin\u00f3 que la presencia y recorridos de los efectivos de esa corporaci\u00f3n federal en zonas de la alcald\u00eda inhiben la delincuencia, porque impone, hay una reducci\u00f3n de los niveles delictivos y el vecino se siente m\u00e1s seguro.<\/p>\n\n\n\n<p class=\"wp-block-paragraph\">Al hablar de otros problemas, mencion\u00f3 a las colonias Moctezuma, en sus diferentes secciones, Pe\u00f1\u00f3n de los Ba\u00f1os y Aquiles Serd\u00e1n como aquellas en las que se presenta el desabasto de agua y que una demanda de la poblaci\u00f3n es que les llegue directo a la llave de sus hogares y no a trav\u00e9s de pipas.<strong><\/strong><\/p>\n\n\n\n<p class=\"wp-block-paragraph\">Afirm\u00f3 que hay pozos en el territorio de Venustiano Carranza, pero que se requieren plantas potabilizadoras para que el l\u00edquido salga limpio, apto para consumo humano, porque sin esa infraestructura sale de color amarillo y maloliente.<\/p>\n\n\n\n<p class=\"wp-block-paragraph\">Agreg\u00f3 que el tema ya lo pl\u00e1tica con funcionarios del Sistema de Aguas de la Ciudad de M\u00e9xico (Sacmex), porque cuenta con los recursos necesarios para hacerlo y calcul\u00f3 que en un a\u00f1o es posible que se cuente con ese equipo para atender la demanda de las personas.<\/p>\n\n\n\n<p class=\"wp-block-paragraph\">Entre sus proyectos, est\u00e1 la formaci\u00f3n de paseos comerciales, de inversi\u00f3n p\u00fablica y privada y cultural en los camellones de algunas avenidas de Venustiano Carranza cercanas a grandes centros comerciales.<\/p>\n\n\n\n<p class=\"wp-block-paragraph\">Se le pregunt\u00f3: \u00bfqu\u00e9 atrae a la gente? y respondi\u00f3: \u00abPrimero, la seguridad, que haya polic\u00edas, que haya videoc\u00e1maras de vigilancia; despu\u00e9s que sean limpios (honestos), que la gente se sienta parte de ellos y sobre todo que nos visiten\u00bb.<\/p>\n\n\n\n<p class=\"wp-block-paragraph\">Como parte de la reactivaci\u00f3n econ\u00f3mica de la demarcaci\u00f3n, la alcaldesa electa habl\u00f3 de un proyecto de fomento al empleo, por lo que se est\u00e1 en pl\u00e1ticas con las empresas asentadas en su territorio para que contraten a vecinos de la misma y que los beneficios sean para ellos.<\/p>\n\n\n\n<p class=\"wp-block-paragraph\">Expres\u00f3 que Venustiano Carranza es una opci\u00f3n atractiva para los inversionistas, porque se ubica en una zona muy importante de la capital, donde se encuentra el Aeropuerto Internacional de la Ciudad de M\u00e9xico (AICM) y los mercados m\u00e1s grandes de Latinoam\u00e9rica, como son La Merced, Sonora y Jamaica.<\/p>\n\n\n\n<p class=\"wp-block-paragraph\">Calific\u00f3 que la presencia del AICM en la alcald\u00eda es algo fundamental, porque, entre otras cosas, es fuente de empleo para los habitantes de colonias cercanas, por ejemplo, el Pe\u00f1\u00f3n de los Ba\u00f1os, Moctezuma y Pensador Mexicano.<\/p>\n\n\n\n<p class=\"wp-block-paragraph\">De momento, la terminal a\u00e9rea local no se ha visto afectada por la construcci\u00f3n del aeropuerto de Santa Luc\u00eda, pero una vez que entre en operaciones negociar\u00e1 con las autoridades federales y de la ciudad para conocer los proyectos que se tienen a futuro.<\/p>\n\n\n\n<p class=\"wp-block-paragraph\">Asimismo, dijo que la demarcaci\u00f3n ha recibido mucha inversi\u00f3n privada en la construcci\u00f3n de vivienda, porque representa una opci\u00f3n buena a quien busca casa, establecerse y desarrollarse, pues tiene todos los servicios para la poblaci\u00f3n.<\/p>\n\n\n\n<p class=\"wp-block-paragraph\">Pronostic\u00f3 que la demarcaci\u00f3n crecer\u00e1 mucho, porque se implementar\u00e1n estrategias para promoverla.<\/p>\n","protected":false},"excerpt":{"rendered":"<p>Foto Roberto Hern\u00e1ndez | El Sol de M\u00e9xico Venustiano Carranza es una opci\u00f3n para los inversionistas porque en su territorio tiene al aeropuerto. Maleny Navarro&nbsp; SemM\u00e9xico\/ El Sol de M\u00e9xico, 29 de julio, 2021.- Al frente de la alcald\u00eda Venustiano Carranza, su pr\u00f3xima titular, Evelyn Parra \u00c1lvarez, (PT\/Morena)ofreci\u00f3 gobernar de la mano con las habitantes [&hellip;]<\/p>\n","protected":false},"author":3,"featured_media":38809,"comment_status":"open","ping_status":"open","sticky":false,"template":"","format":"standard","meta":{"_monsterinsights_skip_tracking":false,"footnotes":""},"categories":[692,141],"tags":[],"class_list":["post-38808","post","type-post","status-publish","format-standard","has-post-thumbnail","category-692","category-elecciones-2020-2021"],"_links":{"self":[{"href":"https:\/\/redsemlac.com\/semmexico\/wp-json\/wp\/v2\/posts\/38808","targetHints":{"allow":["GET"]}}],"collection":[{"href":"https:\/\/redsemlac.com\/semmexico\/wp-json\/wp\/v2\/posts"}],"about":[{"href":"https:\/\/redsemlac.com\/semmexico\/wp-json\/wp\/v2\/types\/post"}],"author":[{"embeddable":true,"href":"https:\/\/redsemlac.com\/semmexico\/wp-json\/wp\/v2\/users\/3"}],"replies":[{"embeddable":true,"href":"https:\/\/redsemlac.com\/semmexico\/wp-json\/wp\/v2\/comments?post=38808"}],"version-history":[{"count":0,"href":"https:\/\/redsemlac.com\/semmexico\/wp-json\/wp\/v2\/posts\/38808\/revisions"}],"wp:featuredmedia":[{"embeddable":true,"href":"https:\/\/redsemlac.com\/semmexico\/wp-json\/wp\/v2\/media\/38809"}],"wp:attachment":[{"href":"https:\/\/redsemlac.com\/semmexico\/wp-json\/wp\/v2\/media?parent=38808"}],"wp:term":[{"taxonomy":"category","embeddable":true,"href":"https:\/\/redsemlac.com\/semmexico\/wp-json\/wp\/v2\/categories?post=38808"},{"taxonomy":"post_tag","embeddable":true,"href":"https:\/\/redsemlac.com\/semmexico\/wp-json\/wp\/v2\/tags?post=38808"}],"curies":[{"name":"wp","href":"https:\/\/api.w.org\/{rel}","templated":true}]}}