{"id":38787,"date":"2021-07-23T13:19:00","date_gmt":"2021-07-23T19:19:00","guid":{"rendered":"https:\/\/redsemlac.com\/semmexico\/?p=38787"},"modified":"2023-07-21T17:04:34","modified_gmt":"2023-07-21T22:04:34","slug":"michoacan-es-tierra-amigable-reconocen-voceros-y-expendedores-de-periodicos-de-mexico","status":"publish","type":"post","link":"https:\/\/redsemlac.com\/semmexico\/michoacan-es-tierra-amigable-reconocen-voceros-y-expendedores-de-periodicos-de-mexico\/","title":{"rendered":"Michoac\u00e1n \u201ces tierra amigable\u201d, reconocen voceros y expendedores de peri\u00f3dicos de M\u00e9xico"},"content":{"rendered":"\n<p class=\"wp-block-paragraph\">Redacci\u00f3n<\/p>\n\n\n\n<p class=\"wp-block-paragraph\">SemM\u00e9xico. Morelia, Michoac\u00e1n, a 23 de julio de 2021.- Voceros y Expendedores de Peri\u00f3dicos y Revistas de M\u00e9xico, celebraron en Morelia su XI Asamblea Nacional, donde fueron reconocidos por el coordinador general de Comunicaci\u00f3n Social, Ad\u00e1n Garc\u00eda Cervantes por \u201cdefender y fortalecer esta noble labor de comunicar desde los medios impresos\u201d.<\/p>\n\n\n\n<p class=\"wp-block-paragraph\">\u201cCada vez que ustedes distribuyen una edici\u00f3n de cualquier peri\u00f3dico o revista, defienden y fortalecen esta profesi\u00f3n que se niega a morir frente al embate digital\u201d, apunt\u00f3.<\/p>\n\n\n\n<p class=\"wp-block-paragraph\">Al encabezar la ceremonia donde se realiz\u00f3 la renovaci\u00f3n de la mesa directiva de la Uni\u00f3n de Voceadores y Expendedores de Peri\u00f3dicos y Revisas, el titular de la CGCS afirm\u00f3 que los voceros son aliados de la poblaci\u00f3n al brindarnos herramientas que desaf\u00edan el intelecto con cada peri\u00f3dico o revista impresa, \u201cy que nos hace recordar que nunca los avances tecnol\u00f3gicos podr\u00e1n romper con la emoci\u00f3n de poder tocar, leer, observar y hasta oler las p\u00e1ginas de papel en cada impresi\u00f3n que llega a nuestras manos\u201d, manifest\u00f3.<\/p>\n\n\n\n<p class=\"wp-block-paragraph\">Al tomar la palabra, H\u00e9ctor Cruz Molina Cepeda, nuevo Secretario General del Comit\u00e9 Ejecutivo Nacional, destac\u00f3 y reconoci\u00f3 la calidez con la que han sido recibidos en Michoac\u00e1n para llevar a cabo, por primera vez en Morelia, su Congreso Nacional.<\/p>\n\n\n\n<p class=\"wp-block-paragraph\">\u201cLa recepci\u00f3n que ha tenido Michoac\u00e1n ha sido fascinante, por eso una felicitaci\u00f3n al Gobernador Silvano Aureoles Conejo; en todos los municipios donde tenemos uniones asociadas sabr\u00e1n de esta cordialidad que recibimos, que Michoac\u00e1n es tierra amigable\u201d, expres\u00f3.<\/p>\n\n\n\n<p class=\"wp-block-paragraph\">Luego de ello, Ad\u00e1n Garc\u00eda realiz\u00f3 la toma de protesta del nuevo Comit\u00e9 Ejecutivo Nacional de Voceros para el periodo 2021-2024.<\/p>\n\n\n\n<p class=\"wp-block-paragraph\">Durante la ceremonia se entregaron reconocimientos por labor, trayectoria y 26, 27, 35 y 54 a\u00f1os de servicio a: Roberto Ayala Garc\u00eda, Mar\u00eda Bel\u00e9n Ch\u00e1vez Morales, Honorio Santos Zavala, Sara Cort\u00e9s Serv\u00edn, \u00c1ngel D\u00edaz Aguilar, Modesto Ram\u00edrez Ayala, Joaqu\u00edn Garc\u00eda P\u00e9rez y a Mar\u00eda Teresa Mendoza Renter\u00eda.<\/p>\n","protected":false},"excerpt":{"rendered":"<p>Redacci\u00f3n SemM\u00e9xico. Morelia, Michoac\u00e1n, a 23 de julio de 2021.- Voceros y Expendedores de Peri\u00f3dicos y Revistas de M\u00e9xico, celebraron en Morelia su XI Asamblea Nacional, donde fueron reconocidos por el coordinador general de Comunicaci\u00f3n Social, Ad\u00e1n Garc\u00eda Cervantes por \u201cdefender y fortalecer esta noble labor de comunicar desde los medios impresos\u201d. \u201cCada vez que [&hellip;]<\/p>\n","protected":false},"author":3,"featured_media":38788,"comment_status":"open","ping_status":"open","sticky":false,"template":"","format":"standard","meta":{"_monsterinsights_skip_tracking":false,"footnotes":""},"categories":[692,51],"tags":[],"class_list":["post-38787","post","type-post","status-publish","format-standard","has-post-thumbnail","category-692","category-ejecutivo"],"_links":{"self":[{"href":"https:\/\/redsemlac.com\/semmexico\/wp-json\/wp\/v2\/posts\/38787","targetHints":{"allow":["GET"]}}],"collection":[{"href":"https:\/\/redsemlac.com\/semmexico\/wp-json\/wp\/v2\/posts"}],"about":[{"href":"https:\/\/redsemlac.com\/semmexico\/wp-json\/wp\/v2\/types\/post"}],"author":[{"embeddable":true,"href":"https:\/\/redsemlac.com\/semmexico\/wp-json\/wp\/v2\/users\/3"}],"replies":[{"embeddable":true,"href":"https:\/\/redsemlac.com\/semmexico\/wp-json\/wp\/v2\/comments?post=38787"}],"version-history":[{"count":0,"href":"https:\/\/redsemlac.com\/semmexico\/wp-json\/wp\/v2\/posts\/38787\/revisions"}],"wp:featuredmedia":[{"embeddable":true,"href":"https:\/\/redsemlac.com\/semmexico\/wp-json\/wp\/v2\/media\/38788"}],"wp:attachment":[{"href":"https:\/\/redsemlac.com\/semmexico\/wp-json\/wp\/v2\/media?parent=38787"}],"wp:term":[{"taxonomy":"category","embeddable":true,"href":"https:\/\/redsemlac.com\/semmexico\/wp-json\/wp\/v2\/categories?post=38787"},{"taxonomy":"post_tag","embeddable":true,"href":"https:\/\/redsemlac.com\/semmexico\/wp-json\/wp\/v2\/tags?post=38787"}],"curies":[{"name":"wp","href":"https:\/\/api.w.org\/{rel}","templated":true}]}}