{"id":38783,"date":"2021-07-29T13:14:02","date_gmt":"2021-07-29T19:14:02","guid":{"rendered":"https:\/\/redsemlac.com\/semmexico\/?p=38783"},"modified":"2023-07-21T17:05:04","modified_gmt":"2023-07-21T22:05:04","slug":"sera-ley-la-ile-en-el-estado-de-mexico-que-tiene-el-primer-lugar-en-muerte-de-mujeres-por-aborto-clandestino","status":"publish","type":"post","link":"https:\/\/redsemlac.com\/semmexico\/sera-ley-la-ile-en-el-estado-de-mexico-que-tiene-el-primer-lugar-en-muerte-de-mujeres-por-aborto-clandestino\/","title":{"rendered":"Ser\u00e1 Ley la ILE en el Estado de M\u00e9xico que tiene el primer lugar en muerte de mujeres por aborto clandestino"},"content":{"rendered":"\n<p class=\"wp-block-paragraph\">63 mil&nbsp;&nbsp;mexiquenses obligadas a acudir a la Ciudad de M\u00e9xico; en 9 a\u00f1os murieron m\u00e1s de 90 mil ni\u00f1as y mujeres por esa causa<\/p>\n\n\n\n<p class=\"wp-block-paragraph\">Sera Ley la Interrupci\u00f3n Legal del Embarazo en el Estado de M\u00e9xico asegura movimiento feminista y amplio de mujeres&nbsp;<\/p>\n\n\n\n<p class=\"wp-block-paragraph\">Elda Montiel&nbsp;<\/p>\n\n\n\n<p class=\"wp-block-paragraph\">SemM\u00e9xico, Cd. de M\u00e9xico, 29 de julio 2021.- Mujeres feministas, de 47 colectivas, grupos, abogadas y profesionistas y el&nbsp;&nbsp;movimiento&nbsp;&nbsp;amplio de mujeres del Estado de M\u00e9xico demandaron&nbsp;&nbsp;al Congreso local aprobar la Ley para la Interrupci\u00f3n Legal del Embarazo ILE antes del 15 de agosto, cuando termina la actual legislatura.<\/p>\n\n\n\n<p class=\"wp-block-paragraph\">Aseguraron que por la prohibici\u00f3n 63 mil mexiquenses han tenido de recurrir a los servicios de aborto seguro a la ciudad de M\u00e9xico&nbsp;&nbsp;y que entre 2010 y 2018 murieron&nbsp;&nbsp;90 mil 562 ni\u00f1as y mujeres de 10 a 40 a\u00f1os por complicaciones en abortos inseguros, y&nbsp;&nbsp;el Estado de M\u00e9xico es la entidad con la mayor mortalidad por abortos clandestinos en todo el pa\u00eds.<\/p>\n\n\n\n<p class=\"wp-block-paragraph\">Consideraron que&nbsp;&nbsp;la actual legislatura&nbsp;&nbsp;ha sido&nbsp;&nbsp;omisa ante el problema del aborto, y se ha resistido a legislar sobre la Interrupci\u00f3n Legal del Embarazo. Podr\u00eda ser el Estado de M\u00e9xico la quinta entidad en liberalizarlo, con servicios de salud&nbsp;&nbsp;seguros, como sucede en&nbsp;&nbsp;la Ciudad de M\u00e9xico, Oaxaca y pr\u00f3ximamente en Hidalgo y Veracruz. Piden que la ILE se para&nbsp;&nbsp;interrumpir el embarazo antes de las 12 semanas de gestaci\u00f3n.<\/p>\n\n\n\n<p class=\"wp-block-paragraph\">As\u00ed lo dijeron representantes de grupos y colectivas en conferencia de prensa virtual este d\u00eda, donde se ley\u00f3 un pronunciamiento dirigido al gobernador del estado, Alfredo del Mazo Maza, al diputado Maurilio Hern\u00e1ndez Gonz\u00e1lez, presidente de la Junta de Coordinaci\u00f3n Pol\u00edtica de la&nbsp;&nbsp;LX Legislatura&nbsp;&nbsp;y a Mar\u00eda Isabel S\u00e1nchez Holgu\u00edn, secretaria de las Mujeres.&nbsp;<\/p>\n\n\n\n<p class=\"wp-block-paragraph\">Afirmaron que ya es tiempo de que el Estado de M\u00e9xico sea el quinto estado que apruebe legalmente la Interrupci\u00f3n del embarazo, ya que la iniciativa est\u00e1 en el Congreso desde el 2019 sin resolverse. Informaron que la petici\u00f3n la se dirige&nbsp;&nbsp;a la fracci\u00f3n parlamentaria de Morena, partido que debe cumplir&nbsp;&nbsp;con su palabra de cambio y no dejen pasar el momento hist\u00f3rico.&nbsp;<\/p>\n\n\n\n<p class=\"wp-block-paragraph\">Precisaron que en el Estado de M\u00e9xico entre el 2010 y el 2018, murieron 90 mil 562 mujeres de 10 a 40 a\u00f1os por complicaciones relacionadas con el aborto inseguro, siendo el Estado de M\u00e9xico la entidad con mayor mortalidad por aborto con 12.5 por ciento del total.&nbsp;<\/p>\n\n\n\n<p class=\"wp-block-paragraph\">Tambi\u00e9n es la entidad con mayor n\u00famero de egresos hospitalarios por complicaciones relacionadas con el aborto inseguro, aportando con 10.7 por ciento de los 93,786 casos registrados a nivel nacional.<\/p>\n\n\n\n<p class=\"wp-block-paragraph\">Las colectivas, activistas feministas y organizaciones civiles exhortan a las y los legisladores a que pongan por delante los derechos de las mujeres como son los derechos humanos y que el Estado tenga pol\u00edticas p\u00fablicas de avanzada y no basadas en&nbsp;&nbsp;&nbsp;creencias y cuestiones morales.&nbsp;<\/p>\n\n\n\n<p class=\"wp-block-paragraph\">\u201cEs momento de que las mujeres accedan a la justicia social al ejercer sus derechos sexuales y reproductivos plenamente\u201d.<\/p>\n\n\n\n<p class=\"wp-block-paragraph\">Explicaron&nbsp;&nbsp;que las leyes restrictivas sobre el aborto no disminuyen ni evitan su pr\u00e1ctica, pero s\u00ed obligan al desplazamiento fuera de la entidad o a recurrir a procedimientos peligrosos que ponen en riesgo la vida y violenta los derechos sexuales y derechos reproductivos de las mujeres del Estado de M\u00e9xico.<\/p>\n\n\n\n<p class=\"wp-block-paragraph\">Aid\u00e9 Garc\u00eda Hern\u00e1ndez por Cat\u00f3licas al Derecho a Decidir destac\u00f3 la iniciativa como una Ley humanitaria, moderna y moderada y cuestiono el que las y los legisladores no se atrevan a votar la Ley y advirti\u00f3 que tienen dos semanas para aprobarla.&nbsp;&nbsp;<\/p>\n\n\n\n<p class=\"wp-block-paragraph\">Ema Obrador Rodr\u00edguez Dom\u00ednguez de AMAN AC dijo que Morena tiene los votos suficientes para aprobar la iniciativa y que no es una invitaci\u00f3n a que las mujeres aborten es un tema de conciencia para que no se criminalice a las mujeres.<\/p>\n\n\n\n<p class=\"wp-block-paragraph\">Dijo que la iniciativa que reforma el C\u00f3digo Penal y la Ley de Salud tiene que verse como un problema de salud p\u00fablica que tiene que atenderse e informo a nombre de todas las organizaciones que seguir\u00e1n haciendo foros este s\u00e1bado, d\u00e1ndoles voz a las feministas de a pie.<\/p>\n\n\n\n<p class=\"wp-block-paragraph\">Aid\u00e9 Garc\u00eda dijo que no est\u00e1n de acuerdo en esperar los resultados de un parlamento abierto, porque est\u00e9 es&nbsp;&nbsp;una simulaci\u00f3n,&nbsp;&nbsp;cuando lo \u00fanico que se necesita es la voluntad pol\u00edtica de las y los legisladores, por lo que les pidi\u00f3 cerrar con dignidad el periodo de la LX Legislatura con la aprobaci\u00f3n de la ILE la pr\u00f3xima semana.&nbsp;&nbsp;<\/p>\n\n\n\n<p class=\"wp-block-paragraph\">Asimismo, se\u00f1al\u00f3 que cuentan con aliadas en la Secretaria de la Mujer y otras funcionarias p\u00fablicas.<\/p>\n\n\n\n<p class=\"wp-block-paragraph\">Organizaciones que firman la petici\u00f3n:&nbsp;<\/p>\n\n\n\n<p class=\"wp-block-paragraph\">AMAM, Brujas de La Paz, Cat\u00f3licas por el Derecho a Decidir AC, SOCIALIS AC, Las Constituyentes MX Feministas, Cari\u00e1tides Violetas, Colectivas Asteria, Colectiva Lunas Tlalnepantla, Colectiva MIAU, Colectiva Mujeres Despiertas, Colectiva Mujeres de la Sal,&nbsp;&nbsp;Colectiva Violetas en Resistencia, Colectivo Feminista de Tec\u00e1mac, Colectivo M\u00e9xico Solidario AC,&nbsp;&nbsp;#ComoNi\u00f1as,&nbsp;&nbsp;CONCISEM Contralor\u00eda Ciudadana por la Igualdad Sustantiva del Estado de M\u00e9xico.<\/p>\n\n\n\n<p class=\"wp-block-paragraph\">Combate Feminista, Corazones Diversos del Estado de M\u00e9xico AC, Democracia y Sexualidad, Ipas CAM, Las Nietas, Las Sabinas, Red de Mujeres y Organizaciones Feministas del Estado de M\u00e9xico, Mar\u00edas Acompa\u00f1antes, Marie Stopes, Observatorio para la Gobernanza, Desarrollo Comunitario y la Ciudadan\u00eda para las Mujeres, Posdata Yo Si Te Creo, Red de Abogadas Feministas de M\u00e9xico REDAFEM, Red por los Derechos Sexuales y Reproductivos Ddeser, Red Violeta, Sexpresate, Sumando Igualdad, Violetas Soreciendo.<\/p>\n\n\n\n<p class=\"wp-block-paragraph\">Colectiva Coatlicue, Nos Queremos Vivas Neza, Mujeres Ecatepenses por los Derechos Humanos, Brujas P\u00farpuras de la Periferia, Colectiva Rosas Negras, Centro de Estudio y Liderazgo de las Mujeres SIUAJ AC, Red de Polit\u00f3logas y Administradoras P\u00fablicas de la UAEM, Mujeres Embajadoras de Paz, M\u00e1s Sue\u00f1os AC.<\/p>\n\n\n\n<div data-wp-interactive=\"core\/file\" class=\"wp-block-file\"><object data-wp-bind--hidden=\"!state.hasPdfPreview\" hidden class=\"wp-block-file__embed\" data=\"https:\/\/redsemlac.com\/semmexico\/wp-content\/uploads\/2021\/07\/29-de-julio-Pronunciamiento-estado-de-Mexico.pdf\" type=\"application\/pdf\" style=\"width:100%;height:600px\" aria-label=\"Incrustado de Incrustado de 29-de-julio-Pronunciamiento-estado-de-Mexico..\"><\/object><a href=\"https:\/\/redsemlac.com\/semmexico\/wp-content\/uploads\/2021\/07\/29-de-julio-Pronunciamiento-estado-de-Mexico.pdf\">29-de-julio-Pronunciamiento-estado-de-Mexico<\/a><a href=\"https:\/\/redsemlac.com\/semmexico\/wp-content\/uploads\/2021\/07\/29-de-julio-Pronunciamiento-estado-de-Mexico.pdf\" class=\"wp-block-file__button\" download>Descarga<\/a><\/div>\n\n\n\n<p class=\"wp-block-paragraph\"><\/p>\n\n\n\n<p class=\"wp-block-paragraph\"><\/p>\n","protected":false},"excerpt":{"rendered":"<p>63 mil&nbsp;&nbsp;mexiquenses obligadas a acudir a la Ciudad de M\u00e9xico; en 9 a\u00f1os murieron m\u00e1s de 90 mil ni\u00f1as y mujeres por esa causa Sera Ley la Interrupci\u00f3n Legal del Embarazo en el Estado de M\u00e9xico asegura movimiento feminista y amplio de mujeres&nbsp; Elda Montiel&nbsp; SemM\u00e9xico, Cd. de M\u00e9xico, 29 de julio 2021.- Mujeres feministas, [&hellip;]<\/p>\n","protected":false},"author":3,"featured_media":38785,"comment_status":"open","ping_status":"open","sticky":false,"template":"","format":"standard","meta":{"_monsterinsights_skip_tracking":false,"footnotes":""},"categories":[692,54],"tags":[],"class_list":["post-38783","post","type-post","status-publish","format-standard","has-post-thumbnail","category-692","category-mujeres"],"_links":{"self":[{"href":"https:\/\/redsemlac.com\/semmexico\/wp-json\/wp\/v2\/posts\/38783","targetHints":{"allow":["GET"]}}],"collection":[{"href":"https:\/\/redsemlac.com\/semmexico\/wp-json\/wp\/v2\/posts"}],"about":[{"href":"https:\/\/redsemlac.com\/semmexico\/wp-json\/wp\/v2\/types\/post"}],"author":[{"embeddable":true,"href":"https:\/\/redsemlac.com\/semmexico\/wp-json\/wp\/v2\/users\/3"}],"replies":[{"embeddable":true,"href":"https:\/\/redsemlac.com\/semmexico\/wp-json\/wp\/v2\/comments?post=38783"}],"version-history":[{"count":0,"href":"https:\/\/redsemlac.com\/semmexico\/wp-json\/wp\/v2\/posts\/38783\/revisions"}],"wp:featuredmedia":[{"embeddable":true,"href":"https:\/\/redsemlac.com\/semmexico\/wp-json\/wp\/v2\/media\/38785"}],"wp:attachment":[{"href":"https:\/\/redsemlac.com\/semmexico\/wp-json\/wp\/v2\/media?parent=38783"}],"wp:term":[{"taxonomy":"category","embeddable":true,"href":"https:\/\/redsemlac.com\/semmexico\/wp-json\/wp\/v2\/categories?post=38783"},{"taxonomy":"post_tag","embeddable":true,"href":"https:\/\/redsemlac.com\/semmexico\/wp-json\/wp\/v2\/tags?post=38783"}],"curies":[{"name":"wp","href":"https:\/\/api.w.org\/{rel}","templated":true}]}}