{"id":38780,"date":"2021-07-29T13:10:58","date_gmt":"2021-07-29T19:10:58","guid":{"rendered":"https:\/\/redsemlac.com\/semmexico\/?p=38780"},"modified":"2023-07-21T17:05:04","modified_gmt":"2023-07-21T22:05:04","slug":"detener-la-violencia-de-genero-requiere-ley-dinero-y-no-solo-acciones-punitivas","status":"publish","type":"post","link":"https:\/\/redsemlac.com\/semmexico\/detener-la-violencia-de-genero-requiere-ley-dinero-y-no-solo-acciones-punitivas\/","title":{"rendered":"Detener la violencia de g\u00e9nero requiere ley, dinero y no s\u00f3lo acciones punitivas"},"content":{"rendered":"\n<p class=\"wp-block-paragraph\">Termin\u00f3 el foro para la \u201cPresentaci\u00f3n y an\u00e1lisis de la iniciativa en materia de trabajo reeducativo con hombres que ejercen violencias contra mujeres\u201d<\/p>\n\n\n\n<p class=\"wp-block-paragraph\">La pr\u00f3xima legislatura debe llamar a parlamento abierto: Martha Tagle Mart\u00ednez<\/p>\n\n\n\n<p class=\"wp-block-paragraph\">&nbsp;Libertad L\u00f3pez<\/p>\n\n\n\n<p class=\"wp-block-paragraph\">SemM\u00e9xico, Cd. de M\u00e9xico, 29 de julio, 2021.- Congresistas, especialistas y activistas demandaron m\u00e1s presupuesto para reconvertir a los hombres, ejecutores de las violencias contra las mujeres. Destacaron que s\u00f3lo&nbsp;&nbsp;de enero a mayo&nbsp;&nbsp;de 2021,&nbsp;&nbsp;423 mujeres han sido asesinadas por razones de g\u00e9nero, con una impunidad del 90 por ciento lo que coloca a&nbsp;&nbsp;M\u00e9xico en una condici\u00f3n de urgencia.<\/p>\n\n\n\n<p class=\"wp-block-paragraph\">Ello durante la tercera y \u00faltima mesa del foro para la \u201cpresentaci\u00f3n y an\u00e1lisis de la iniciativa legislativa en materia de trabajo reeducativo con hombres que ejercen violencias contra las mujeres\u201d realizado de manera virtual.<\/p>\n\n\n\n<p class=\"wp-block-paragraph\">Ah\u00ed&nbsp;&nbsp;la diputada Martha Tagle Mart\u00ednez de Movimiento Ciudadano MC, destac\u00f3&nbsp;&nbsp;que para&nbsp;&nbsp;detener la violencia de g\u00e9nero se requiere&nbsp;&nbsp;la voluntad de todas las personas y todas las instituciones. Y anunci\u00f3 que la iniciativa deber\u00e1 discutirse en la pr\u00f3xima legislatura que inicia el primero de septiembre.&nbsp;<\/p>\n\n\n\n<p class=\"wp-block-paragraph\">Y explico vehemente que hablar de la violencia no solo es hablar de quien la sufre, sino particularmente de quienes la ejercen: los hombres.&nbsp;<\/p>\n\n\n\n<p class=\"wp-block-paragraph\">Promotora del foro, afirm\u00f3 respecto de los hombres que la problem\u00e1tica se ahonda cuando no se&nbsp;&nbsp;trabar con ellos.&nbsp;&nbsp;Esta actitud y omisi\u00f3n s\u00f3lo alienta a la violencia y a los&nbsp;&nbsp;hombres que la ejercen y agreg\u00f3 que \u201clas mujeres no queremos hacernos cargo de lo que le corresponde a los hombres, pero todas y todos debemos trabajar para ponerle un alto a la violencia de g\u00e9nero\u201d.<\/p>\n\n\n\n<p class=\"wp-block-paragraph\">En su turno, la diputada federal electa, Jessica Ortega De La Cruz, dijo que la reforma debe ser armonizada, ser transversal y vinculante. Consider\u00f3&nbsp;&nbsp;que esta iniciativa es oportuna y necesaria por las \u201ccifras aterradoras\u201d de violencia contra las mujeres.<\/p>\n\n\n\n<p class=\"wp-block-paragraph\">La diputada Tagle Mart\u00ednez precis\u00f3 que una vez que se haya completado la propuesta con las participaciones de la ciudadan\u00eda y expertos, ser\u00e1 presentada de manera formal ante la C\u00e1mara de Diputados para que sea discutida en la pr\u00f3xima Legislatura. \u201cHaremos votos para que su discusi\u00f3n sea a trav\u00e9s de un parlamento abierto\u201d.<\/p>\n\n\n\n<p class=\"wp-block-paragraph\">La tambi\u00e9n activista feminista,&nbsp;&nbsp;dijo estar convencida de que el poder lo tiene la ciudadan\u00eda, porque es quien pone los temas en donde se tiene que trabajar y avanzar. \u201cEsta iniciativa requiere presupuesto y un redise\u00f1o de pol\u00edtica p\u00fablica para que se concrete; representa el trabajo de muchos a\u00f1os\u201d.<\/p>\n\n\n\n<p class=\"wp-block-paragraph\"><strong><em>Participaci\u00f3n de especialistas<\/em><\/strong><\/p>\n\n\n\n<p class=\"wp-block-paragraph\">Mauro Vargas Ur\u00edas, director general de Gendes AC, se\u00f1al\u00f3 que a lo largo de estas mesas se hicieron aportaciones para enriquecer una reforma legal que permita que la reeducaci\u00f3n sea un instrumento para prevenir, atender y sancionar las violencias. Se busca complementar pol\u00edticas de igualdad y \u201cresignificar la manera en que nos construimos como hombres\u201d para despejar aspectos t\u00f3xicos y nocivos para avanzar a posibilidades creativas, constructivas, emp\u00e1ticas, solidarias y respetuosas que permitan lograr la igualdad efectiva.<\/p>\n\n\n\n<p class=\"wp-block-paragraph\">Agreg\u00f3 que esos procesos deben pasar por espacios constituidos con herramientas t\u00e9cnicas y metodol\u00f3gicas adecuadas con profesionales capacitados para guiarlos y acompa\u00f1arlos en el cambio en personas concretas, \u201cy tal cual como est\u00e1 ahorita la ley no permite generar condiciones para garantizar su cabal desarrollo\u201d.<\/p>\n\n\n\n<p class=\"wp-block-paragraph\">Se busca que, a partir de ciertos lineamientos, se aseguren elementos te\u00f3ricos, conceptuales, metodol\u00f3gicos, t\u00e9cnicos y operativos para que lo que se tenga que reformar, tanto en la Ley General de Acceso de las Mujeres a una Vida Libre de Violencia como en los instrumentos que la complementan, se pueda hacer valer\u201d.<\/p>\n\n\n\n<p class=\"wp-block-paragraph\">Mario F\u00f3cil Ortega, de Women on Boards, explic\u00f3 que se han incrementado los feminicidios durante 2021, y de enero a mayo 423 mujeres han sido asesinadas por razones de g\u00e9nero. M\u00e9xico no disminuye la marca de diez mujeres asesinadas cada d\u00eda y el problema m\u00e1s grave es que el 90 por ciento de los delitos no se denuncia. \u201cSomos una cultura que sigue normalizando la violencia en raz\u00f3n de g\u00e9nero\u201d, se\u00f1al\u00f3.<\/p>\n\n\n\n<p class=\"wp-block-paragraph\">Consider\u00f3 que debe haber un cambio cultural para avanzar a una vida libre de violencia contra las mujeres, y para lograrlo, dijo, es necesario modificar las acciones de justica; tambi\u00e9n, erradicar creencias, pr\u00e1cticas y conductas que llevan a la violencia contra las mujeres, y trabajar en la prevenci\u00f3n y sanciones. \u201cEsta iniciativa ataca de ra\u00edz los problemas\u201d, sostuvo.<\/p>\n\n\n\n<p class=\"wp-block-paragraph\">Isabella Esquivel Ventura, consejera jur\u00eddica de Gendes AC, se pronunci\u00f3 por construir un sistema de justicia m\u00e1s amplio, que vaya m\u00e1s all\u00e1 de la parte punitiva, que tiene un papel, pero no es el mejor, pues no garantiza que una sentencia de c\u00e1rcel para alguien que ha ejercido violencia despu\u00e9s tenga una reinserci\u00f3n social efectiva.<\/p>\n\n\n\n<p class=\"wp-block-paragraph\">Destac\u00f3 la importancia de estas reflexiones para compartir experiencias, y \u201csaber por d\u00f3nde empezar, por d\u00f3nde seguir, en d\u00f3nde nos vamos a atorar \u2014ya se mencion\u00f3 el tema de los presupuestos y ah\u00ed tenemos mucho que hacer\u2014 pero, sobre todo, incluir el componente de que no haya una reproducci\u00f3n de la violencia que tratamos de erradicar y a las que queremos abonar en su prevenci\u00f3n, atenci\u00f3n y erradicaci\u00f3n\u201d.<\/p>\n\n\n\n<p class=\"wp-block-paragraph\">En su turno, la diputada federal electa, Jessica Ortega De La Cruz, dijo que la reforma debe ser armonizada, transversal y vinculante y que esta iniciativa es oportuna y necesaria por las \u201ccifras aterradoras\u201d de violencia hacia las mujeres.<\/p>\n\n\n\n<p class=\"wp-block-paragraph\">Plante\u00f3 cambiar la ley electoral para que, del 5 por ciento de recursos con que cuentan los partidos para capacitaci\u00f3n, se destine una parte al tema de las masculinidades positivas en tr\u00e1nsito dentro de las organizaciones pol\u00edticas, \u201cporque ah\u00ed se genera un alto n\u00famero de violencias hacia mujeres que queremos construir carrera pol\u00edtica\u201d. Se pronunci\u00f3 por generar un observatorio con perspectiva de g\u00e9nero que vigile la transparencia de recursos y su aplicaci\u00f3n responsable.<\/p>\n","protected":false},"excerpt":{"rendered":"<p>Termin\u00f3 el foro para la \u201cPresentaci\u00f3n y an\u00e1lisis de la iniciativa en materia de trabajo reeducativo con hombres que ejercen violencias contra mujeres\u201d La pr\u00f3xima legislatura debe llamar a parlamento abierto: Martha Tagle Mart\u00ednez &nbsp;Libertad L\u00f3pez SemM\u00e9xico, Cd. de M\u00e9xico, 29 de julio, 2021.- Congresistas, especialistas y activistas demandaron m\u00e1s presupuesto para reconvertir a los [&hellip;]<\/p>\n","protected":false},"author":3,"featured_media":38781,"comment_status":"open","ping_status":"open","sticky":false,"template":"","format":"standard","meta":{"_monsterinsights_skip_tracking":false,"footnotes":""},"categories":[692,50],"tags":[],"class_list":["post-38780","post","type-post","status-publish","format-standard","has-post-thumbnail","category-692","category-congreso"],"_links":{"self":[{"href":"https:\/\/redsemlac.com\/semmexico\/wp-json\/wp\/v2\/posts\/38780","targetHints":{"allow":["GET"]}}],"collection":[{"href":"https:\/\/redsemlac.com\/semmexico\/wp-json\/wp\/v2\/posts"}],"about":[{"href":"https:\/\/redsemlac.com\/semmexico\/wp-json\/wp\/v2\/types\/post"}],"author":[{"embeddable":true,"href":"https:\/\/redsemlac.com\/semmexico\/wp-json\/wp\/v2\/users\/3"}],"replies":[{"embeddable":true,"href":"https:\/\/redsemlac.com\/semmexico\/wp-json\/wp\/v2\/comments?post=38780"}],"version-history":[{"count":0,"href":"https:\/\/redsemlac.com\/semmexico\/wp-json\/wp\/v2\/posts\/38780\/revisions"}],"wp:featuredmedia":[{"embeddable":true,"href":"https:\/\/redsemlac.com\/semmexico\/wp-json\/wp\/v2\/media\/38781"}],"wp:attachment":[{"href":"https:\/\/redsemlac.com\/semmexico\/wp-json\/wp\/v2\/media?parent=38780"}],"wp:term":[{"taxonomy":"category","embeddable":true,"href":"https:\/\/redsemlac.com\/semmexico\/wp-json\/wp\/v2\/categories?post=38780"},{"taxonomy":"post_tag","embeddable":true,"href":"https:\/\/redsemlac.com\/semmexico\/wp-json\/wp\/v2\/tags?post=38780"}],"curies":[{"name":"wp","href":"https:\/\/api.w.org\/{rel}","templated":true}]}}