{"id":38777,"date":"2021-07-29T13:06:06","date_gmt":"2021-07-29T19:06:06","guid":{"rendered":"https:\/\/redsemlac.com\/semmexico\/?p=38777"},"modified":"2023-07-21T17:05:04","modified_gmt":"2023-07-21T22:05:04","slug":"otorgan-medalla-rosario-castellanos-a-la-doctora-silvia-ramos-hernandez","status":"publish","type":"post","link":"https:\/\/redsemlac.com\/semmexico\/otorgan-medalla-rosario-castellanos-a-la-doctora-silvia-ramos-hernandez\/","title":{"rendered":"Otorgan Medalla Rosario Castellanos a la doctora Silvia Ramos Hern\u00e1ndez"},"content":{"rendered":"\n<p class=\"wp-block-paragraph\">El Congreso le entregar\u00e1 el reconocimiento el pr\u00f3ximo mi\u00e9rcoles 7 de agosto<\/p>\n\n\n\n<p class=\"wp-block-paragraph\">Especialista en ciencias medioambientales y destacadas por la gesti\u00f3n de riesgos, vulcan\u00f3loga \u00fanica en M\u00e9xico<\/p>\n\n\n\n<p class=\"wp-block-paragraph\">Candelaria Rodr\u00edguez<\/p>\n\n\n\n<p class=\"wp-block-paragraph\">SemM\u00e9xico, Tuxtla Guti\u00e9rrez, Chiapas, 29 de julio, 2021.- La investigadora y acad\u00e9mica&nbsp;&nbsp;de la Universidad de Ciencias y Artes de Chiapas (UNICACH),&nbsp;&nbsp;doctora Silvia Ramos Hern\u00e1ndez,&nbsp;&nbsp;se hizo acredora a la Medalla Rosario Castellanos por su desarrollo y aportaci\u00f3n a la ciencia en el estado&nbsp;&nbsp;de Chiapas y el pa\u00eds.&nbsp;<\/p>\n\n\n\n<p class=\"wp-block-paragraph\">La&nbsp;&nbsp;presea la otorga el Poder Legislativo Local a las personas que hayan contribuido en la cultura, medio ambiente, la ciencia y los derechos humanos. Ramos Hern\u00e1ndez, multifelicitada,&nbsp;&nbsp;pertenece al Cuerpo Acad\u00e9mico \u201cGesti\u00f3n de Riesgos y Cambio Clim\u00e1tico\u201d en el Centro de Investigaci\u00f3n en Gesti\u00f3n de Riesgos y Cambio Clim\u00e1tico de la UNICACH.&nbsp;<\/p>\n\n\n\n<p class=\"wp-block-paragraph\">La Comisi\u00f3n Permanente&nbsp;&nbsp;de la Sexag\u00e9sima S\u00e9ptima legislatura del Congreso del Estado, cuyo&nbsp;&nbsp;Primer Periodo Extraordinario de Sesiones para el pr\u00f3ximo&nbsp;&nbsp;&nbsp;3 de agosto, anunci\u00f3 que ah\u00ed se dar\u00e1 a conocer el resultado de este galard\u00f3n. Ah\u00ed mismo se leer\u00e1 el dictamen&nbsp; de la Comisi\u00f3n de Postulaci\u00f3n de la Medalla Rosario Castellanos donde se propuso a la Doctora Silvia Guadalupe Ramos Hern\u00e1ndez,&nbsp;&nbsp;&nbsp;y la medalla ser\u00e1 entregada en sesion solenme en el recitno legislativo por el Gobernador del Estado, Rutilio Escand\u00f3n Cadenas,&nbsp;&nbsp;el pr\u00f3ximo 7 de agosto.<\/p>\n\n\n\n<p class=\"wp-block-paragraph\">Origiaria de San Crist\u00f3bal de Las Casas, la galardonada es egresada de la UNAM, licenciada&nbsp;&nbsp;en Biolog\u00eda, con Maestr\u00eda y Doctorado en Ciencias, realizados en la Divisi\u00f3n de Estudios de Posgrado de la Facultad de Ciencias. Tambi\u00e9n&nbsp;&nbsp;ha sido Galardonada por la antigua Secretar\u00eda de Desarrollo Social&nbsp;&nbsp;SEDESOL con el&nbsp;reconocimiento nacional al Servicio Social Comunitario, por el trabajo realizado, de car\u00e1cter comunitario en riesgos.<\/p>\n\n\n\n<p class=\"wp-block-paragraph\">Fue profesora e investigadora de Tiempo Completo en la Facultad de Ciencias, en el per\u00edodo de 1979 a 1991, donde coordin\u00f3 diversos proyectos sobre Ambientes y Suelos Volc\u00e1nicos, suelos Tropicales, Recursos Naturales de Chiapas, con diversas instituciones nacionales e internacionales.&nbsp;<\/p>\n\n\n\n<p class=\"wp-block-paragraph\">Actualmente es Coordinadora del Monitoreo Volcanol\u00f3gico y Sismol\u00f3gico del Estado de Chiapas y de la licenciatura en Ciencias de la Tierra, y Directora del Centro de Investigaci\u00f3n en Gesti\u00f3n de Riesgos y Cambio Clim\u00e1tico de la Universidad de Ciencias y Artes de Chiapas (UNICACH), Coordinadora de la Red Universitaria ante el Cambio Clim\u00e1tico de la UNICACH, Coordinadora del Programa Ambiental Universitario (PAU) de la UNICACH y Plan Ambiental de la Licenciatura en Ciencias de la Tierra de la UNICACH. Y Coordinadora de la Red de Planes Ambientales Institucionales de la ANUIES Sur Sureste.&nbsp;<\/p>\n\n\n\n<p class=\"wp-block-paragraph\">Con amplia trayectoria en las ciencias, su formaci\u00f3n y actualizaci\u00f3n en el posgrado e investigaci\u00f3n las ha realizado en instituciones de investigaci\u00f3n nacionales e internacionales, con \u00e9nfasis en Ciencias de la Tierra, geopedolog\u00eda, vigilancia y monitoreo volc\u00e1nico, riesgos y desastres, geoqu\u00edmica de aguas termales, sismolog\u00eda volc\u00e1nica; suelos volc\u00e1nicos, suelos tropicales, manejo y conservaci\u00f3n de suelos; capacitaci\u00f3n comunitaria, medio ambiente, desarrollo sustentable y educaci\u00f3n ambiental.&nbsp;<\/p>\n\n\n\n<p class=\"wp-block-paragraph\">A partir de 1998, ingres\u00f3 a la Universidad de Ciencias y Artes de Chiapas, desde el 2004 es profesora Titular \u201cA\u201d de Tiempo Completo, y es perfil PROMEP ante SEP. Ha impartido las asignaturas de: Geolog\u00eda, Riesgo Volc\u00e1nico, Edafolog\u00eda, Manejo y Conservaci\u00f3n de Suelos.&nbsp;<\/p>\n\n\n\n<p class=\"wp-block-paragraph\">Entre los proyectos m\u00e1s sobresalientes que ha dirigido, se encuentran: ser responsable del Proyecto FOMIX 2009 Gobierno del Estado de Chiapas-CONACYT-COCYTECH-UNICACH-, Protecci\u00f3n Civil \u201cFortalecimiento del Laboratorio de Ciencias de la Tierra y Medio Ambiente.&nbsp;&nbsp;Responsable del Proyecto: Plan de Acci\u00f3n Ante Cambio Clim\u00e1tico del Estado de Chiapas. 2009-2010. SEMANH-SEMARNAT-INECC-CIMex, A.C., UNICACH, CEMDA, ECOSUR-Embajada Brit\u00e1nica. 2009-2010. Gobierno del Estado de Chiapas.&nbsp;<\/p>\n\n\n\n<p class=\"wp-block-paragraph\">Responsable del Proyecto: Actualizaci\u00f3n del Programa Estatal de Cambio Clim\u00e1tico del Estado de Chiapas. 2013. SEMANH-SEMARNAT-INECC-UNICACH. Gobierno del Estado de Chiapas. . Forma parte de la Red de Evaluadores de Proyectos Fomix Conacyt-Gobierno del Estado de Chiapas 2017. Forma parte de la Red de Cuerpos Acad\u00e9micos de CUMEX.&nbsp;<\/p>\n\n\n\n<p class=\"wp-block-paragraph\">Asimismo, participa en redes nacionales e internacionales en los temas de riesgos, cambio clim\u00e1tico, manejo y conservaci\u00f3n de suelos, educaci\u00f3n ambiental. Ha dictado conferencias, talleres, cursos y ha publicado art\u00edculos en su especialidad, a nivel estatal, nacional e internacional.<\/p>\n\n\n\n<p class=\"wp-block-paragraph\"><\/p>\n\n\n","protected":false},"excerpt":{"rendered":"<p>El Congreso le entregar\u00e1 el reconocimiento el pr\u00f3ximo mi\u00e9rcoles 7 de agosto Especialista en ciencias medioambientales y destacadas por la gesti\u00f3n de riesgos, vulcan\u00f3loga \u00fanica en M\u00e9xico Candelaria Rodr\u00edguez SemM\u00e9xico, Tuxtla Guti\u00e9rrez, Chiapas, 29 de julio, 2021.- La investigadora y acad\u00e9mica&nbsp;&nbsp;de la Universidad de Ciencias y Artes de Chiapas (UNICACH),&nbsp;&nbsp;doctora Silvia Ramos Hern\u00e1ndez,&nbsp;&nbsp;se hizo acredora [&hellip;]<\/p>\n","protected":false},"author":3,"featured_media":38778,"comment_status":"open","ping_status":"open","sticky":false,"template":"","format":"standard","meta":{"_monsterinsights_skip_tracking":false,"footnotes":""},"categories":[692,50],"tags":[],"class_list":["post-38777","post","type-post","status-publish","format-standard","has-post-thumbnail","category-692","category-congreso"],"_links":{"self":[{"href":"https:\/\/redsemlac.com\/semmexico\/wp-json\/wp\/v2\/posts\/38777","targetHints":{"allow":["GET"]}}],"collection":[{"href":"https:\/\/redsemlac.com\/semmexico\/wp-json\/wp\/v2\/posts"}],"about":[{"href":"https:\/\/redsemlac.com\/semmexico\/wp-json\/wp\/v2\/types\/post"}],"author":[{"embeddable":true,"href":"https:\/\/redsemlac.com\/semmexico\/wp-json\/wp\/v2\/users\/3"}],"replies":[{"embeddable":true,"href":"https:\/\/redsemlac.com\/semmexico\/wp-json\/wp\/v2\/comments?post=38777"}],"version-history":[{"count":0,"href":"https:\/\/redsemlac.com\/semmexico\/wp-json\/wp\/v2\/posts\/38777\/revisions"}],"wp:featuredmedia":[{"embeddable":true,"href":"https:\/\/redsemlac.com\/semmexico\/wp-json\/wp\/v2\/media\/38778"}],"wp:attachment":[{"href":"https:\/\/redsemlac.com\/semmexico\/wp-json\/wp\/v2\/media?parent=38777"}],"wp:term":[{"taxonomy":"category","embeddable":true,"href":"https:\/\/redsemlac.com\/semmexico\/wp-json\/wp\/v2\/categories?post=38777"},{"taxonomy":"post_tag","embeddable":true,"href":"https:\/\/redsemlac.com\/semmexico\/wp-json\/wp\/v2\/tags?post=38777"}],"curies":[{"name":"wp","href":"https:\/\/api.w.org\/{rel}","templated":true}]}}