{"id":38772,"date":"2021-07-29T13:00:24","date_gmt":"2021-07-29T19:00:24","guid":{"rendered":"https:\/\/redsemlac.com\/semmexico\/?p=38772"},"modified":"2023-07-21T17:05:04","modified_gmt":"2023-07-21T22:05:04","slug":"irreales-cifras-de-semujer-sobre-baja-de-feminicidios-feministas-de-guerrero","status":"publish","type":"post","link":"https:\/\/redsemlac.com\/semmexico\/irreales-cifras-de-semujer-sobre-baja-de-feminicidios-feministas-de-guerrero\/","title":{"rendered":"Irreales cifras de Semujer sobre baja de feminicidios: feministas de Guerrero"},"content":{"rendered":"\n<p class=\"wp-block-paragraph\">Siguen al alza los matrimonios entre menores y los cr\u00edmenes<\/p>\n\n\n\n<p class=\"wp-block-paragraph\">Afirman que se maquillan cifras y no se abren carpetas de investigaci\u00f3n&nbsp;<\/p>\n\n\n\n<p class=\"wp-block-paragraph\">Redacci\u00f3n<\/p>\n\n\n\n<p class=\"wp-block-paragraph\">SemM\u00e9xico\/Cerovysa, Chilpancingo, Guerrero. Julio 29, 2021.- C\u00f3mo \u201cirreales\u201d consideraron feministas del estado, las cifras presentadas por la titular de la Secretaria de la Mujer, Mayra Mart\u00ednez Pineda, sobre la situaci\u00f3n de la mujer en la entidad.<\/p>\n\n\n\n<p class=\"wp-block-paragraph\">En un primer punto las integrantes de organizaciones de derechos humanos, se\u00f1alan que \u201ces irreal\u201d considerar que la entidad pas\u00f3 del lugar 27 al 29 a nivel nacional en feminicidios<\/p>\n\n\n\n<p class=\"wp-block-paragraph\">\u201cBasta s\u00f3lo ver los medios de comunicaci\u00f3n para darse cuenta que todos los d\u00edas se tiene casos de cr\u00edmenes de mujeres\u201d apunt\u00f3 Mar\u00eda Luisa Garfias Mar\u00edn, ganadora de la Presea \u201cSentimientos de la Naci\u00f3n\u201d.<\/p>\n\n\n\n<p class=\"wp-block-paragraph\">Las integrantes de organizaciones de defensa de los derechos humanos calificaron de \u201cuna farsa\u201d la calificaci\u00f3n citada por la SEMUJER.<\/p>\n\n\n\n<p class=\"wp-block-paragraph\">\u201cLos \u00edndices disminuyen porque los casos no se denuncian, no se abren carpetas de investigaci\u00f3n y las pocas que llegan ante la Fiscal\u00eda General del Estado, no se investigan\u201d, se\u00f1alaron.<\/p>\n\n\n\n<p class=\"wp-block-paragraph\">Y dan como ejemplo el asesinato de una trabajadora de la salud en el municipio de Tixtla.<\/p>\n\n\n\n<p class=\"wp-block-paragraph\">Otro de los temas abordados por las defensoras de los derechos humanos fue el relativo a la atenci\u00f3n a los matrimonios de menores de edad en la monta\u00f1a.<\/p>\n\n\n\n<p class=\"wp-block-paragraph\">Se\u00f1alaron tambi\u00e9n de \u201cfalso\u201d la atenci\u00f3n a la problem\u00e1tica de matrimonios de<\/p>\n\n\n\n<p class=\"wp-block-paragraph\">menores ya que dicen \u201cpersiste la comercializaci\u00f3n en el arreglo de relaciones de pareja\u201d se\u00f1alaron.<\/p>\n","protected":false},"excerpt":{"rendered":"<p>Siguen al alza los matrimonios entre menores y los cr\u00edmenes Afirman que se maquillan cifras y no se abren carpetas de investigaci\u00f3n&nbsp; Redacci\u00f3n SemM\u00e9xico\/Cerovysa, Chilpancingo, Guerrero. Julio 29, 2021.- C\u00f3mo \u201cirreales\u201d consideraron feministas del estado, las cifras presentadas por la titular de la Secretaria de la Mujer, Mayra Mart\u00ednez Pineda, sobre la situaci\u00f3n de la [&hellip;]<\/p>\n","protected":false},"author":3,"featured_media":38773,"comment_status":"open","ping_status":"open","sticky":false,"template":"","format":"standard","meta":{"_monsterinsights_skip_tracking":false,"footnotes":""},"categories":[692,54],"tags":[],"class_list":["post-38772","post","type-post","status-publish","format-standard","has-post-thumbnail","category-692","category-mujeres"],"_links":{"self":[{"href":"https:\/\/redsemlac.com\/semmexico\/wp-json\/wp\/v2\/posts\/38772","targetHints":{"allow":["GET"]}}],"collection":[{"href":"https:\/\/redsemlac.com\/semmexico\/wp-json\/wp\/v2\/posts"}],"about":[{"href":"https:\/\/redsemlac.com\/semmexico\/wp-json\/wp\/v2\/types\/post"}],"author":[{"embeddable":true,"href":"https:\/\/redsemlac.com\/semmexico\/wp-json\/wp\/v2\/users\/3"}],"replies":[{"embeddable":true,"href":"https:\/\/redsemlac.com\/semmexico\/wp-json\/wp\/v2\/comments?post=38772"}],"version-history":[{"count":0,"href":"https:\/\/redsemlac.com\/semmexico\/wp-json\/wp\/v2\/posts\/38772\/revisions"}],"wp:featuredmedia":[{"embeddable":true,"href":"https:\/\/redsemlac.com\/semmexico\/wp-json\/wp\/v2\/media\/38773"}],"wp:attachment":[{"href":"https:\/\/redsemlac.com\/semmexico\/wp-json\/wp\/v2\/media?parent=38772"}],"wp:term":[{"taxonomy":"category","embeddable":true,"href":"https:\/\/redsemlac.com\/semmexico\/wp-json\/wp\/v2\/categories?post=38772"},{"taxonomy":"post_tag","embeddable":true,"href":"https:\/\/redsemlac.com\/semmexico\/wp-json\/wp\/v2\/tags?post=38772"}],"curies":[{"name":"wp","href":"https:\/\/api.w.org\/{rel}","templated":true}]}}