{"id":38753,"date":"2021-07-17T12:09:00","date_gmt":"2021-07-17T18:09:00","guid":{"rendered":"https:\/\/redsemlac.com\/semmexico\/?p=38753"},"modified":"2023-07-21T17:04:41","modified_gmt":"2023-07-21T22:04:41","slug":"michoacan-pasa-a-semaforo-amarillo-por-riesgo-epidemico","status":"publish","type":"post","link":"https:\/\/redsemlac.com\/semmexico\/michoacan-pasa-a-semaforo-amarillo-por-riesgo-epidemico\/","title":{"rendered":"Michoac\u00e1n pasa a Sem\u00e1foro Amarillo por riesgo epid\u00e9mico"},"content":{"rendered":"\n<p class=\"wp-block-paragraph\">Redacci\u00f3n<\/p>\n\n\n\n<p class=\"wp-block-paragraph\">SemM\u00e9xico. Morelia, Michoac\u00e1n, a 17 de julio de 2021.- La Secretar\u00eda de Salud de Michoac\u00e1n (SSM), informa que, derivado del comportamiento de la epidemia por COVID-19, la entidad pasa este lunes a Sem\u00e1foro Amarillo con 12 puntos tras la evaluaci\u00f3n Federal.<\/p>\n\n\n\n<p class=\"wp-block-paragraph\">Lo anterior, debido al alza en la dispersi\u00f3n del virus que conlleva un incremento en la positividad y hospitalizaci\u00f3n, por lo que se deber\u00e1n reforzar las medidas preventivas para contener la propagaci\u00f3n de la enfermedad.<\/p>\n\n\n\n<p class=\"wp-block-paragraph\">La SSM exhorta a la poblaci\u00f3n a quedarse en casa, evitar viajes, fiestas y reuniones, evitar aglomeraciones y mantener la sana distancia en actividades indispensables, usar en todo momento el cubrebocas y lavar o desinfectar frecuentemente sus manos.<\/p>\n\n\n\n<p class=\"wp-block-paragraph\">Es importante destacar que los lugares cerrados con personas que no utilicen cubrebocas son de muy alto riesgo de contagio toda vez que el COVID-19 se transmite a trav\u00e9s de las microgotas de saliva que expide el cuerpo al momento de hablar asimismo, viaja en los aerosoles de la respiraci\u00f3n al exhalar.<\/p>\n","protected":false},"excerpt":{"rendered":"<p>Redacci\u00f3n SemM\u00e9xico. Morelia, Michoac\u00e1n, a 17 de julio de 2021.- La Secretar\u00eda de Salud de Michoac\u00e1n (SSM), informa que, derivado del comportamiento de la epidemia por COVID-19, la entidad pasa este lunes a Sem\u00e1foro Amarillo con 12 puntos tras la evaluaci\u00f3n Federal. Lo anterior, debido al alza en la dispersi\u00f3n del virus que conlleva un [&hellip;]<\/p>\n","protected":false},"author":3,"featured_media":38754,"comment_status":"open","ping_status":"open","sticky":false,"template":"","format":"standard","meta":{"_monsterinsights_skip_tracking":false,"footnotes":""},"categories":[692,51],"tags":[],"class_list":["post-38753","post","type-post","status-publish","format-standard","has-post-thumbnail","category-692","category-ejecutivo"],"_links":{"self":[{"href":"https:\/\/redsemlac.com\/semmexico\/wp-json\/wp\/v2\/posts\/38753","targetHints":{"allow":["GET"]}}],"collection":[{"href":"https:\/\/redsemlac.com\/semmexico\/wp-json\/wp\/v2\/posts"}],"about":[{"href":"https:\/\/redsemlac.com\/semmexico\/wp-json\/wp\/v2\/types\/post"}],"author":[{"embeddable":true,"href":"https:\/\/redsemlac.com\/semmexico\/wp-json\/wp\/v2\/users\/3"}],"replies":[{"embeddable":true,"href":"https:\/\/redsemlac.com\/semmexico\/wp-json\/wp\/v2\/comments?post=38753"}],"version-history":[{"count":0,"href":"https:\/\/redsemlac.com\/semmexico\/wp-json\/wp\/v2\/posts\/38753\/revisions"}],"wp:featuredmedia":[{"embeddable":true,"href":"https:\/\/redsemlac.com\/semmexico\/wp-json\/wp\/v2\/media\/38754"}],"wp:attachment":[{"href":"https:\/\/redsemlac.com\/semmexico\/wp-json\/wp\/v2\/media?parent=38753"}],"wp:term":[{"taxonomy":"category","embeddable":true,"href":"https:\/\/redsemlac.com\/semmexico\/wp-json\/wp\/v2\/categories?post=38753"},{"taxonomy":"post_tag","embeddable":true,"href":"https:\/\/redsemlac.com\/semmexico\/wp-json\/wp\/v2\/tags?post=38753"}],"curies":[{"name":"wp","href":"https:\/\/api.w.org\/{rel}","templated":true}]}}