{"id":38714,"date":"2021-07-04T11:20:00","date_gmt":"2021-07-04T17:20:00","guid":{"rendered":"https:\/\/redsemlac.com\/semmexico\/?p=38714"},"modified":"2023-07-21T17:03:36","modified_gmt":"2023-07-21T22:03:36","slug":"en-michoacan-atendidas-mas-de-400-aulas-de-palitos-en-esta-administracion","status":"publish","type":"post","link":"https:\/\/redsemlac.com\/semmexico\/en-michoacan-atendidas-mas-de-400-aulas-de-palitos-en-esta-administracion\/","title":{"rendered":"En Michoac\u00e1n, atendidas m\u00e1s de 400 \u201caulas de palitos\u201d en esta administraci\u00f3n"},"content":{"rendered":"\n<p class=\"wp-block-paragraph\">Redacci\u00f3n<\/p>\n\n\n\n<p class=\"wp-block-paragraph\">SemM\u00e9xico. Morelia, Michoac\u00e1n, a 4 de julio de 2021.- Con una inversi\u00f3n superior a los 200 millones de pesos, el Gobierno que encabeza Silvano Aureoles Conejo ha sustituido m\u00e1s de 400 aulas y\/o espacios de palitos o de materiales precarios en escuelas de educaci\u00f3n b\u00e1sica y medio superior del estado.<\/p>\n\n\n\n<p class=\"wp-block-paragraph\">El director general del Instituto de la Infraestructura F\u00edsica Educativa del Estado de Michoac\u00e1n (IIFEEM), Alfonso Vargas Guerrero, precis\u00f3 que uno de los compromisos del mandatario estatal, al inicio de la administraci\u00f3n, fue la erradicaci\u00f3n de las llamadas \u201caulas de palitos,\u201d por lo que se han sustituido aulas did\u00e1cticas, servicios sanitarios, aulas-cocina, bodegas, \u00e1reas administrativas, patios c\u00edvicos y\/o canchas deportivas.<\/p>\n\n\n\n<p class=\"wp-block-paragraph\">Indic\u00f3 que los planteles atendidos son las escuelas de educaci\u00f3n b\u00e1sica, las cuales comprenden jard\u00edn de ni\u00f1os, primarias, secundarias, telesecundarias y subsistemas de educaci\u00f3n media superior.<\/p>\n\n\n\n<p class=\"wp-block-paragraph\">Vargas Guerrero inform\u00f3 que las escuelas que son o cuentan con aulas y\/o espacios educativos de \u201cpalitos\u201d son identificadas por la Secretar\u00eda de Educaci\u00f3n en el Estado (SEE) y una vez aprobados los requisitos, se canalizan al IIFEEM para su atenci\u00f3n.<\/p>\n\n\n\n<p class=\"wp-block-paragraph\">Destac\u00f3 que algunos de los municipios beneficiados son: Morelia, Tar\u00edmbaro, Tzitzio, Zamora, Uruapan, Jiquilpan, Tac\u00e1mbaro, Aquila, L\u00e1zaro C\u00e1rdenas, Apatzing\u00e1n, Huetamo, Indaparapeo, Santa Ana Maya, Charo, Zit\u00e1cuaro, Los Reyes, Zacapu, Hidalgo, Paracho, Huiramba, Cuitzeo, Ziracuaretiro, Coalcom\u00e1n, Nuevo Urecho, Gabriel Zamora, Quer\u00e9ndaro, Zinap\u00e9cuaro, Irimbo, Senguio, Juganpeo, Erongar\u00edcuaro, entre otros.<\/p>\n\n\n\n<p class=\"wp-block-paragraph\">\u201cLa meta del Gobernador del Estado, Silvano Aureoles Conejo es erradicar las llamadas aulas y\/o espacios de \u201cpalitos\u201d, por lo que el IIFEEM seguir\u00e1 trabajando hasta el \u00faltimo d\u00eda de su administraci\u00f3n para continuar con la atenci\u00f3n a las escuelas que presentan dichos espacios y est\u00e9n regularizadas en sus tr\u00e1mites correspondientes\u201d, finaliz\u00f3.<\/p>\n","protected":false},"excerpt":{"rendered":"<p>Redacci\u00f3n SemM\u00e9xico. Morelia, Michoac\u00e1n, a 4 de julio de 2021.- Con una inversi\u00f3n superior a los 200 millones de pesos, el Gobierno que encabeza Silvano Aureoles Conejo ha sustituido m\u00e1s de 400 aulas y\/o espacios de palitos o de materiales precarios en escuelas de educaci\u00f3n b\u00e1sica y medio superior del estado. El director general del [&hellip;]<\/p>\n","protected":false},"author":3,"featured_media":38715,"comment_status":"open","ping_status":"open","sticky":false,"template":"","format":"standard","meta":{"_monsterinsights_skip_tracking":false,"footnotes":""},"categories":[692,51],"tags":[],"class_list":["post-38714","post","type-post","status-publish","format-standard","has-post-thumbnail","category-692","category-ejecutivo"],"_links":{"self":[{"href":"https:\/\/redsemlac.com\/semmexico\/wp-json\/wp\/v2\/posts\/38714","targetHints":{"allow":["GET"]}}],"collection":[{"href":"https:\/\/redsemlac.com\/semmexico\/wp-json\/wp\/v2\/posts"}],"about":[{"href":"https:\/\/redsemlac.com\/semmexico\/wp-json\/wp\/v2\/types\/post"}],"author":[{"embeddable":true,"href":"https:\/\/redsemlac.com\/semmexico\/wp-json\/wp\/v2\/users\/3"}],"replies":[{"embeddable":true,"href":"https:\/\/redsemlac.com\/semmexico\/wp-json\/wp\/v2\/comments?post=38714"}],"version-history":[{"count":0,"href":"https:\/\/redsemlac.com\/semmexico\/wp-json\/wp\/v2\/posts\/38714\/revisions"}],"wp:featuredmedia":[{"embeddable":true,"href":"https:\/\/redsemlac.com\/semmexico\/wp-json\/wp\/v2\/media\/38715"}],"wp:attachment":[{"href":"https:\/\/redsemlac.com\/semmexico\/wp-json\/wp\/v2\/media?parent=38714"}],"wp:term":[{"taxonomy":"category","embeddable":true,"href":"https:\/\/redsemlac.com\/semmexico\/wp-json\/wp\/v2\/categories?post=38714"},{"taxonomy":"post_tag","embeddable":true,"href":"https:\/\/redsemlac.com\/semmexico\/wp-json\/wp\/v2\/tags?post=38714"}],"curies":[{"name":"wp","href":"https:\/\/api.w.org\/{rel}","templated":true}]}}