{"id":3871,"date":"2018-11-27T06:53:33","date_gmt":"2018-11-27T06:53:33","guid":{"rendered":"https:\/\/redsemlac.com\/semmexico\/?p=3871"},"modified":"2023-07-21T14:34:46","modified_gmt":"2023-07-21T19:34:46","slug":"pretenden-elegir-a-la-presidenta-de-inmujeres-en-lo-oscurito-y-por-morena","status":"publish","type":"post","link":"https:\/\/redsemlac.com\/semmexico\/pretenden-elegir-a-la-presidenta-de-inmujeres-en-lo-oscurito-y-por-morena\/","title":{"rendered":"Pretenden elegir a la presidenta de INMUJERES en lo oscurito y por MORENA"},"content":{"rendered":"\n<p class=\"wp-block-paragraph\">\u00bfHabr\u00e1 plan nacional de igualdad? \u00bfPrimero las pobres?<\/p>\n\n\n\n<h5 class=\"wp-block-heading\"> Voces m\u00faltiples explican y solicitan: nadie les contesta<\/h5>\n\n\n\n<p class=\"wp-block-paragraph\"><a href=\"https:\/\/semmexico.com\/gallery-post.php?id=6494#\">Sara Lovera<\/a><\/p>\n\n\n\n<p class=\"wp-block-paragraph\">SemM\u00e9xico. 27 de Noviembre 2018.- La pol\u00edtica de g\u00e9nero en el r\u00e9gimen que se iniciar\u00e1 \u00e9ste s\u00e1bado pasa por tres grandes decisiones: la designaci\u00f3n de la presidenta del Instituto Nacional de las Mujeres; los cambios legislativos en puerta y el lugar que ocupar\u00e1 en la pol\u00edtica nacional el Programa&nbsp;Nacional de Igualdad.<\/p>\n\n\n\n<p class=\"wp-block-paragraph\">De la primera de buena fuente sabemos: uno que la decisi\u00f3n est\u00e1 tomada. Ya est\u00e1 la terna, aunque \u00e9sta debiera definirla la Junta de Gobierno de INMUJERES, ya se ha tomado. Encabezar\u00e1 Nadine Gasman, m\u00e9dica y de amplia experiencia administrativa como dice el estatuto; con ofrecimiento de direcciones generales sumando a la acad\u00e9mica Candelaria Ochoa y la pol\u00edtica Maricela Contreras. Mis fuentes indican que hace d\u00edas o semanas las tres ya est\u00e1n en discusiones, en acuerdos bajo la batuta de la senadora de MORENA, Martha Luc\u00eda Micher, m\u00e1s conocida como Mal\u00fa, una destacada ex perredista que ha caminado todos los puestos en aqu\u00e9l partido pol\u00edtico.<\/p>\n\n\n\n<p class=\"wp-block-paragraph\">Las tres son mujeres comprometidas con la reivindicaci\u00f3n y los derechos de las mujeres, sin duda. Las primeras en alzar la mano y concursar.<\/p>\n\n\n\n<p class=\"wp-block-paragraph\">Aunque s\u00e9 que el acuerdo podr\u00eda torcerse. No es asunto definitivo. &nbsp;En la pelea por llegar a INMUJERES sabemos que muchas enviaron hojas de vida, e historias personales, tal vez unas 20 o 25 auto candidateadas, algunas con buenos perfiles, y de diferentes or\u00edgenes ideol\u00f3gicos y partidarios.<\/p>\n\n\n\n<p class=\"wp-block-paragraph\">Pero la \u00faltima semana con todo lo que puede, apareci\u00f3 en la b\u00fasqueda de la presidencia de INMUJERES Carol Arriaga, la dirigente nacional de mujeres de MORENA, quien suma firmas y m\u00e1s firmas de las bases del partido que gan\u00f3 las elecciones el primero de julio. La abogada egresada de una universidad lasallista, le dijo hace unos d\u00edas a la periodista Patricia Betaza que el feminismo debe llegar a todas las familias, ahora seg\u00fan ella, est\u00e1 s\u00f3lo en las \u00e9lites. Cree que hay que cambiar todo en el Instituto y en la pol\u00edtica de g\u00e9nero.<\/p>\n\n\n\n<p class=\"wp-block-paragraph\">Este auto propuesto parece fundamentar lo que en MORENA ha surgido como una corriente que busca dar un golpe de tim\u00f3n. \u00bfQu\u00e9 querr\u00e1 decir? \u00bfPor qu\u00e9 se le pregunta si el feminismo est\u00e1 entre unas cuantas? De qu\u00e9 prejuicio se piensa eso. Hay que recordar que apenas se ganaron las elecciones la senadora Micher habl\u00f3 de ir a las mujeres del pueblo y no s\u00f3lo hablar de violencia de pareja.&nbsp; Me parece que estamos de cara a ese cambio de visi\u00f3n, que saldr\u00eda de los acuerdos internacionales y una pol\u00edtica que nos ha llevado a algunos adelantos sustantivos, como la paridad y una fuerte y maciza cobertura jur\u00eddico-legal.<\/p>\n\n\n\n<p class=\"wp-block-paragraph\">Mientras eso pasa entre las militantes del partido que nos gobernar\u00e1 durante los pr\u00f3ximo 6 a\u00f1os, considerando que el feminismo no reivindica a las mujeres del pueblo, se agrega el p\u00e1lido y general programa de igualdad anunciado, otra vez por Mal\u00fa en el Senado de la Rep\u00fablica, donde no aparece para nada el tema del aborto y no se hace ni una menci\u00f3n al Programa Nacional de Igualdad, que pende del presupuesto.<\/p>\n\n\n\n<p class=\"wp-block-paragraph\">Mientras tanto ya se habla de la desaparici\u00f3n del fondo para la violencia, conocido como Paimef, que depende del Instituto Nacional de Desarrollo Social (INDESOL) y corresponde a la pol\u00edtica de un pa\u00eds federado en una Rep\u00fablica; y Mal\u00fa anuncia en su programa cambios de fondo en la Ley de Acceso de las Mujeres a una Vida sin Violencia; cambios en la estructura del INMUJERES&nbsp; y reitero, no se dice nada del futuro del PROIGUALDAD ni de la &nbsp;Comisi\u00f3n Nacional para Prevenir y Erradicar la Violencia Contra las Mujeres CONAVIM, el \u00f3rgano de la pol\u00edtica federal para enfrentar la violencia contra las mujeres.<\/p>\n\n\n\n<p class=\"wp-block-paragraph\">En \u00e9sta administraci\u00f3n, la que termina en dos d\u00edas, el presupuesto de g\u00e9nero creci\u00f3 350 por ciento, s\u00f3lo en proyectos para la Sociedad Civil y el impulso de los institutos o secretar\u00edas de la mujer en las entidades federativas, adem\u00e1s de los institutos municipales, precisamente para dar sentido e institucionalidad al PROIGUALDAD. Llama la atenci\u00f3n el silencio total. Tampoco sabemos c\u00f3mo viene el Plan Nacional de Desarrollo y a donde ir\u00e1n a parar los acuerdos, normas y previsiones para hacer reaccionar a los gobiernos locales.<\/p>\n\n\n\n<p class=\"wp-block-paragraph\">Preocupa el tema de quien encabezar\u00e1 el INMUJERES, hasta hoy encargado de la pol\u00edtica nacional de g\u00e9nero, porque el que se haya tomado la decisi\u00f3n, en reuniones cerradas, es mucho peor de lo que sucedi\u00f3 hace 6 a\u00f1os, donde es verdad que la \u00faltima decisi\u00f3n la tom\u00f3 el ejecutivo, tras un proceso de discusi\u00f3n y candidaturas, que seg\u00fan la diputada Guadalupe Almaguer fue precedido de una convocatoria. Ahora ni convocatoria hay, y desde el 16 de agosto ya hab\u00eda esa terna que ahora parece una realidad, siempre y cuando MORENA no imponga a Carol Arriaga.<\/p>\n\n\n\n<p class=\"wp-block-paragraph\">Y eso no es todo. Desde distintas esquinas de lo que ha sido y significa el movimiento feminista, -grupos, acad\u00e9micas, activistas, militantes del movimiento amplio, j\u00f3venes, ind\u00edgenas- se han levantado voces. El 3 de septiembre la ex gobernadora Amalia Garc\u00eda Medina y la ex subsecretaria de Relaciones Exteriores, Patricia Olamendi, le entregaron a AMLO un documento sobre lo que ellas consideran debe ser la pol\u00edtica de g\u00e9nero, sin respuesta; las integrantes del Observatorio del Feminicidio encabezadas por Ma. De la Luz Estrada se entrevistaron con Olga S\u00e1nchez Cordero para informarle porque una prioridad del nuevo gobierno debe ser la prevenci\u00f3n y la atenci\u00f3n a la violencia, ateni\u00e9ndose al elevado n\u00famero de mujeres violentadas y asesinadas; y voces dentro de MORENA han protestado por la intentona de desaparecer las unidades de g\u00e9nero, que han quedado reglamentadas en la Ley de la Administraci\u00f3n P\u00fablica gracias a la perredista Almaguer y una terna de priistas; adem\u00e1s de las protestas sistem\u00e1ticas contra la impunidad.<\/p>\n\n\n\n<p class=\"wp-block-paragraph\">Por \u00faltimo el simb\u00f3lico 20 de noviembre 15 mujeres, de alto nivel, 2 ex gobernadoras, la medalla Elvia Carrillo Puerto, Ma. Elena Chapa y otras 12 conocidas y dirigentes de instituciones feministas ofrecieron formar un Consejo para la Igualdad, que garantice que los derechos y acciones, instituciones y leyes para el avance de las mujeres permanezcan y se profundicen. Tampoco hubo reacci\u00f3n del nuevo equipo que ser\u00e1 gobierno el primero de diciembre.<\/p>\n\n\n\n<p class=\"wp-block-paragraph\">AMLO y su equipo, en silencio. El plan de trabajo de la Comisi\u00f3n de Igualdad en el Senado, se dir\u00eda que cuando menos es muy general y plano. Ninguna cosa concreta, muchas palabras y nada de nada respecto a lo que se est\u00e1 jugando. Documento de 15 cuartillas sin cronograma. Debajo de la mesa muchas y peque\u00f1os grupos de inter\u00e9s explicando al equipo del nuevo gobierno de qu\u00e9 tama\u00f1o es la desigualdad, los pendientes y la necesidad de mejorar y expandir todo lo que se ha construido, sociedad y gobierno en los \u00faltimos 40 a\u00f1os.<\/p>\n\n\n\n<p class=\"wp-block-paragraph\">Como distintivo final la alerta frente al Plan Nacional para la Paz y la Seguridad, militarizado, que ya&nbsp; ha provocado protestas, poco difundidas, desde las mujeres de Chiapas, Oaxaca y Guerrero que han vivido y sufrido las consecuencias de la militarizaci\u00f3n, las desapariciones, los secuestros y &nbsp;asesinatos de miles de ni\u00f1as y mujeres.<\/p>\n\n\n\n<p class=\"wp-block-paragraph\">Este 25 de noviembre el grito fue un\u00e1nime. Todas sabemos que la violencia contra las mujeres no respeta clase social, edad, condici\u00f3n econ\u00f3mica ni circunstancias, sociales o pol\u00edticas. No sabemos si ha crecido, lo que seg\u00fan el observatorio de la violencia feminicida es algo sustantivo: el 70 por ciento de los asesinatos de mujeres sucede en los espacios p\u00fablicos, o sea importa esta estrategia que no puede seguir en el derrotero del enfrentamiento militar y policiaco. Ah\u00ed se multiplican las agresiones contra mujeres en todos los espacios.<\/p>\n\n\n\n<p class=\"wp-block-paragraph\">O sea, se\u00f1oras de MORENA, el tema no es de solamente las pobres o ind\u00edgenas, es un asunto de todas, de las miles de j\u00f3venes agredidas en las universidades, en el transporte p\u00fablico, en los caminos de alta conflictividad y del crimen; de las relaciones entre hombres y mujeres; de los centros de trabajo; del campo&nbsp; y la ciudad.<\/p>\n\n\n\n<p class=\"wp-block-paragraph\">La pol\u00edtica de g\u00e9nero tiene que continuar en el derrotero del cambio cultural, los estudios de g\u00e9nero, las investigaciones y la movilizaci\u00f3n de las mujeres, a todo lo largo y ancho del pa\u00eds.&nbsp; Los mecanismos para continuar en el proceso de reeducaci\u00f3n del funcionariado p\u00fablico y los cambios en pol\u00edtica educativa y medios de comunicaci\u00f3n.<\/p>\n\n\n\n<p class=\"wp-block-paragraph\">Las dirigentes, que escudri\u00f1an denodadamente los archivos y los expedientes en INMUJERES, en los trabajos ya terminados de la transici\u00f3n; ellas o &nbsp;quienes confunden las participaciones federales con \u201cmoches\u201d de los gobernadores, elegidos en urnas, se equivocan si piensan que de nada sirven estructuras e instituciones. Campa\u00f1as y educaci\u00f3n continuas en los derechos humanos de las mujeres. M\u00e1s bien debieran generar una cruzada para que funcionen y cumplan su cometido.<\/p>\n\n\n\n<p class=\"wp-block-paragraph\">Elegir en lo oscurito y con consigna la presidencia de INMUJERES, no defender el presupuesto, no defender lo avanzado para mejorarlo, ser\u00eda tanto como retroceder d\u00e9cadas y echar por la borda las decenas de iniciativas desde las mujeres, en diferentes niveles sociales y pol\u00edticos; en las estructuras gubernamentales y en los pueblos y comunidades donde, efectivamente, hay que ir con verdadero ah\u00ednco. Todo lo dem\u00e1s es demagogia. El tiempo ha llegado. Veremos.<\/p>\n","protected":false},"excerpt":{"rendered":"<p>\u00bfHabr\u00e1 plan nacional de igualdad? \u00bfPrimero las pobres? Voces m\u00faltiples explican y solicitan: nadie les contesta Sara Lovera SemM\u00e9xico. 27 de Noviembre 2018.- La pol\u00edtica de g\u00e9nero en el r\u00e9gimen que se iniciar\u00e1 \u00e9ste s\u00e1bado pasa por tres grandes decisiones: la designaci\u00f3n de la presidenta del Instituto Nacional de las Mujeres; los cambios legislativos en [&hellip;]<\/p>\n","protected":false},"author":3,"featured_media":3824,"comment_status":"open","ping_status":"open","sticky":false,"template":"","format":"standard","meta":{"_monsterinsights_skip_tracking":false,"footnotes":""},"categories":[689,35,95,69],"tags":[],"class_list":["post-3871","post","type-post","status-publish","format-standard","has-post-thumbnail","category-689","category-opinion","category-palabra-de-antigona","category-sara-lovera"],"_links":{"self":[{"href":"https:\/\/redsemlac.com\/semmexico\/wp-json\/wp\/v2\/posts\/3871","targetHints":{"allow":["GET"]}}],"collection":[{"href":"https:\/\/redsemlac.com\/semmexico\/wp-json\/wp\/v2\/posts"}],"about":[{"href":"https:\/\/redsemlac.com\/semmexico\/wp-json\/wp\/v2\/types\/post"}],"author":[{"embeddable":true,"href":"https:\/\/redsemlac.com\/semmexico\/wp-json\/wp\/v2\/users\/3"}],"replies":[{"embeddable":true,"href":"https:\/\/redsemlac.com\/semmexico\/wp-json\/wp\/v2\/comments?post=3871"}],"version-history":[{"count":0,"href":"https:\/\/redsemlac.com\/semmexico\/wp-json\/wp\/v2\/posts\/3871\/revisions"}],"wp:featuredmedia":[{"embeddable":true,"href":"https:\/\/redsemlac.com\/semmexico\/wp-json\/wp\/v2\/media\/3824"}],"wp:attachment":[{"href":"https:\/\/redsemlac.com\/semmexico\/wp-json\/wp\/v2\/media?parent=3871"}],"wp:term":[{"taxonomy":"category","embeddable":true,"href":"https:\/\/redsemlac.com\/semmexico\/wp-json\/wp\/v2\/categories?post=3871"},{"taxonomy":"post_tag","embeddable":true,"href":"https:\/\/redsemlac.com\/semmexico\/wp-json\/wp\/v2\/tags?post=3871"}],"curies":[{"name":"wp","href":"https:\/\/api.w.org\/{rel}","templated":true}]}}