{"id":38694,"date":"2021-07-28T12:01:42","date_gmt":"2021-07-28T18:01:42","guid":{"rendered":"https:\/\/redsemlac.com\/semmexico\/?p=38694"},"modified":"2023-07-21T17:05:05","modified_gmt":"2023-07-21T22:05:05","slug":"delito-grave-la-explotacion-laboral-de-las-mujeres","status":"publish","type":"post","link":"https:\/\/redsemlac.com\/semmexico\/delito-grave-la-explotacion-laboral-de-las-mujeres\/","title":{"rendered":"Delito grave la explotaci\u00f3n laboral de las mujeres"},"content":{"rendered":"\n<ul class=\"wp-block-list\"><li><strong>Mujeres y ni\u00f1as el 99 por ciento de la trata con fines de explotaci\u00f3n sexual<\/strong><\/li><\/ul>\n\n\n\n<p class=\"wp-block-paragraph\"><strong>Elda Montiel<\/strong><\/p>\n\n\n\n<p class=\"wp-block-paragraph\">SemM\u00e9xico, Cd. de M\u00e9xico, 28 de julio 2021.- Campa\u00f1as masivas para frenar la trata de personas con fines de explotaci\u00f3n laboral y tratarlo como un delito grave, principalmente de las mujeres. Que no haya a qui\u00e9n vender y a qui\u00e9n explotar y mencionarlo y decirlo, porque lo que no se dice no existe, en el tema laboral tambi\u00e9n, demando Patricia Hern\u00e1ndez de la Confederaci\u00f3n de Trabajadores de M\u00e9xico.<\/p>\n\n\n\n<p class=\"wp-block-paragraph\">Dijo que existe cierta tolerancia social que no distingue del marco de la econom\u00eda sumergida en el empleo irregular de lo que es un delito contra los derechos humanos.&nbsp; El empleo irregular es delito<strong>.<\/strong><\/p>\n\n\n\n<p class=\"wp-block-paragraph\">Los retos son informar sobre los derechos humanos en especial para las mujeres, ni\u00f1as y adolescentes; eliminar los usos y costumbres; fortalecer las zonas ind\u00edgenas y marginadas con programas de trabajo decente; establecer un sistema \u00e1gil y eficiente para la b\u00fasqueda de personas desaparecidas; monitoreo de medios de comunicaci\u00f3n para que no difundan anuncios que fomenten la trata de personas, y la prohibici\u00f3n del trabajo infantil e incentivar la denuncia.<\/p>\n\n\n\n<p class=\"wp-block-paragraph\">En el marco del segundo d\u00eda de los conversatorios en conmemoraci\u00f3n del D\u00eda Mundial contra la Trata de Personas organizado por la Oficina de las Naciones Unidas contra la Droga y del Delito (UNODC) y la agencia de las Naciones Unidas para la Migraci\u00f3n (OIM M\u00e9xico) con el tema \u201cTrata de personas con fines de explotaci\u00f3n laboral: Sumando perspectivas\u201d.<\/p>\n\n\n\n<p class=\"wp-block-paragraph\">La sindicalista se\u00f1alo que la trata de personas con fines de explotaci\u00f3n laboral es una de las violaciones m\u00e1s graves de los derechos humanos muy dif\u00edcil de detectar no solo por los entornos donde ocurre sino por la falta de concientizaci\u00f3n de la sociedad, de la falta de informaci\u00f3n y de instrumento espec\u00edficos que la aborden.<\/p>\n\n\n\n<p class=\"wp-block-paragraph\">En la actividad sindical cotidiana encontramos trabajadoras y trabajadores que pueden ser v\u00edctimas por lo que es necesario dotarlas de nociones b\u00e1sicas, acota. &nbsp;<\/p>\n\n\n\n<p class=\"wp-block-paragraph\">Refiri\u00f3 que la explotaci\u00f3n laboral se da en algunas maquiladoras donde muchas mujeres y madres de familia del centro y sur del pa\u00eds son atra\u00eddas hacia el norte con la ilusi\u00f3n de tener mejores condiciones de vida para sus familias y sus hijos y son vulnerables incluso a la explotaci\u00f3n sexual.<\/p>\n\n\n\n<p class=\"wp-block-paragraph\">No se les permite el acercamiento con sindicalistas y ellas tienen miedo de avisar que son v\u00edctimas por el temor a represalias.<\/p>\n\n\n\n<p class=\"wp-block-paragraph\">Por lo que llamo a focalizar el tema de las mujeres que es necesario generar un ambiente de confianza y un entorno seguro donde puedan expresar su problem\u00e1tica para la prevenci\u00f3n de la violencia contra la mujer.<\/p>\n\n\n\n<p class=\"wp-block-paragraph\">En los campos agr\u00edcolas la explotaci\u00f3n se da con los jornaleros que viven situaciones insalubres, amenazados, hostigados que se mantienen callados por amenazas. Adem\u00e1s, los mismos enganchadores le consiguen trabajo a la esposa a los hijos que caen en el trabajo infantil.<\/p>\n\n\n\n<p class=\"wp-block-paragraph\">Se\u00f1alo que la CTM desde el 2014 viene realizando junto con el gobierno federal&nbsp; programas de prevenci\u00f3n de la violencia contra la mujer.&nbsp;<\/p>\n\n\n\n<p class=\"wp-block-paragraph\">Durante el conversatorio moderado por Mariana Alegret de UNODC los panelistas empresariales manifestaron la disposici\u00f3n de colaborar con el gobierno, los sindicalistas y la sociedad civil para que se apliquen los convenios 29 y 105 de la Organizaci\u00f3n Internacional del Trabajo (OIT) que proh\u00edben cualquier forma de trabajo forzoso.<\/p>\n\n\n\n<p class=\"wp-block-paragraph\">Llamaron a que haya pol\u00edticas p\u00fablicas y un esfuerzo colectivo para dotar a los migrantes y a adultos de documentos de identificaci\u00f3n, y tengan acceso a contratos legales.<\/p>\n\n\n\n<h2 class=\"wp-block-heading\"><strong>99 por ciento de los 4.8 millones de personas en explotaci\u00f3n sexual son mujeres y ni\u00f1as<\/strong><\/h2>\n\n\n\n<p class=\"wp-block-paragraph\">Thais Dumet de la Organizaci\u00f3n Internacional del trabajo (OIT) destaco que de acuerdo al informe del 2016 son 40.3 millones de personas sometidas a la esclavitud moderna, de los cuales 24.8 millones est\u00e1n en el trabajo forzoso, de esos 6 millones en el sector privado, 4.8 millones se refieren a la explotaci\u00f3n sexual y el 99 por ciento de la explotaci\u00f3n sexual son mujeres y ni\u00f1as mientras que las principales v\u00edctimas de explotaci\u00f3n laboral son los hombres.&nbsp;&nbsp;<\/p>\n\n\n\n<h2 class=\"wp-block-heading\"><strong>Un muro no va a detener la trata<\/strong><\/h2>\n\n\n\n<p class=\"wp-block-paragraph\">Por otra parte, Andrea Rojas de la organizaci\u00f3n Polaris la organizaci\u00f3n no gubernamental que aplica la&nbsp; tecnolog\u00eda para tener los datos de la trata para combatir y prevenir el tr\u00e1fico sexual y laboral en Am\u00e9rica del Norte, se\u00f1alo que desde 2007 han ayudado a miles de v\u00edctimas de trata a trav\u00e9s de la L\u00ednea Nacional en los Estados Unidos.<\/p>\n\n\n\n<p class=\"wp-block-paragraph\">De 2016 y 2020 identifico m\u00e1s de 10 mil potenciales v\u00edctimas de trata en M\u00e9xico en distintas industrias.<\/p>\n\n\n\n<p class=\"wp-block-paragraph\">Destaco que se ha tenido la idea err\u00f3nea en los Estados Unidos que las personas migrantes son los que ingresan ilegalmente y carecen de documentos.<\/p>\n\n\n\n<p class=\"wp-block-paragraph\">Sin embargo, se\u00f1alo que todos los a\u00f1os entran miles de personas con visa temporal de trabajo y pueden caer v\u00edctimas de la trata, por lo que dijo que \u201cun muro no va a detener la trata si est\u00e1n entrando legalmente al pa\u00eds con visas temporales\u201d.<\/p>\n\n\n\n<p class=\"wp-block-paragraph\">Se\u00f1alo tambi\u00e9n que los medios m\u00e1s utilizados son el abuso de poder, situaci\u00f3n de vulnerabilidad, concepci\u00f3n o recepci\u00f3n de pagos.<\/p>\n","protected":false},"excerpt":{"rendered":"<p>Mujeres y ni\u00f1as el 99 por ciento de la trata con fines de explotaci\u00f3n sexual<\/p>\n","protected":false},"author":3,"featured_media":38695,"comment_status":"open","ping_status":"open","sticky":false,"template":"","format":"standard","meta":{"_monsterinsights_skip_tracking":false,"footnotes":""},"categories":[692,54],"tags":[],"class_list":["post-38694","post","type-post","status-publish","format-standard","has-post-thumbnail","category-692","category-mujeres"],"_links":{"self":[{"href":"https:\/\/redsemlac.com\/semmexico\/wp-json\/wp\/v2\/posts\/38694","targetHints":{"allow":["GET"]}}],"collection":[{"href":"https:\/\/redsemlac.com\/semmexico\/wp-json\/wp\/v2\/posts"}],"about":[{"href":"https:\/\/redsemlac.com\/semmexico\/wp-json\/wp\/v2\/types\/post"}],"author":[{"embeddable":true,"href":"https:\/\/redsemlac.com\/semmexico\/wp-json\/wp\/v2\/users\/3"}],"replies":[{"embeddable":true,"href":"https:\/\/redsemlac.com\/semmexico\/wp-json\/wp\/v2\/comments?post=38694"}],"version-history":[{"count":0,"href":"https:\/\/redsemlac.com\/semmexico\/wp-json\/wp\/v2\/posts\/38694\/revisions"}],"wp:featuredmedia":[{"embeddable":true,"href":"https:\/\/redsemlac.com\/semmexico\/wp-json\/wp\/v2\/media\/38695"}],"wp:attachment":[{"href":"https:\/\/redsemlac.com\/semmexico\/wp-json\/wp\/v2\/media?parent=38694"}],"wp:term":[{"taxonomy":"category","embeddable":true,"href":"https:\/\/redsemlac.com\/semmexico\/wp-json\/wp\/v2\/categories?post=38694"},{"taxonomy":"post_tag","embeddable":true,"href":"https:\/\/redsemlac.com\/semmexico\/wp-json\/wp\/v2\/tags?post=38694"}],"curies":[{"name":"wp","href":"https:\/\/api.w.org\/{rel}","templated":true}]}}