{"id":38689,"date":"2021-07-28T13:50:00","date_gmt":"2021-07-28T19:50:00","guid":{"rendered":"https:\/\/redsemlac.com\/semmexico\/?p=38689"},"modified":"2023-07-21T17:05:04","modified_gmt":"2023-07-21T22:05:04","slug":"la-ocde-refleja-serias-desigualdades-de-genero-en-chile","status":"publish","type":"post","link":"https:\/\/redsemlac.com\/semmexico\/la-ocde-refleja-serias-desigualdades-de-genero-en-chile\/","title":{"rendered":"La OCDE refleja serias desigualdades de g\u00e9nero en Chile"},"content":{"rendered":"\n<ul class=\"wp-block-list\"><li><strong>Seg\u00fan el estudio, adem\u00e1s del alejamiento del mundo laboral, esa situaci\u00f3n increment\u00f3 problemas de salud mental, estr\u00e9s y m\u00e1s violencia intrafamiliar contra ellas<\/strong><\/li><\/ul>\n\n\n\n<p class=\"wp-block-paragraph\">Redacci\u00f3n<\/p>\n\n\n\n<p class=\"wp-block-paragraph\">SemM\u00e9xico\/AmecoPress. Santiago, Chile.  28 de  julio de 2021.- \u00a0Diferencias sociales y econ\u00f3micas entre hombres y mujeres persisten hoy en Chile a pesar de los avances de los \u00faltimos a\u00f1os, indica un informe de la Organizaci\u00f3n para la Cooperaci\u00f3n y el Desarrollo Econ\u00f3mico (OCDE), informa Prensa Latina.<\/p>\n\n\n\n<p class=\"wp-block-paragraph\">El estudio Igualdad de G\u00e9nero en Chile: Hacia una mejor distribuci\u00f3n del trabajo remunerado y no remunerado, recogido por la prensa local, se\u00f1ala que la tradicional visi\u00f3n del hombre que mantiene a la familia y la mujer que se queda en casa \u2019sigue siendo com\u00fan en Chile\u2019.<\/p>\n\n\n\n<p class=\"wp-block-paragraph\">Esto, a\u00f1ade, \u2019significa que las mujeres dedican m\u00e1s horas al cuidado de los ni\u00f1os y labores dom\u00e9sticas\u2019.<\/p>\n\n\n\n<p class=\"wp-block-paragraph\">La OCDE advierte que en las \u00faltimas d\u00e9cadas la igualdad de g\u00e9nero en Chile ha avanzado, sobre todo en educaci\u00f3n, y en la actualidad las mujeres j\u00f3venes superan a los hombres en t\u00e9rminos de resultados docentes.<\/p>\n\n\n\n<p class=\"wp-block-paragraph\">Sin embargo, puntualiza, el tiempo de trabajo remunerado y no remunerado de las mujeres supera al de los hombres en 12 horas semanales y aun laborando fuera del hogar ellas contin\u00faan realizando muchas tareas dom\u00e9sticas \u2019dadas las posturas y estereotipos existentes\u2019.<\/p>\n\n\n\n<p class=\"wp-block-paragraph\">Al mismo tiempo el informe revela que la tasa de empleo femenino en el pa\u00eds es casi 20 puntos porcentuales inferior a la masculina, una brecha muy superior al promedio de los pa\u00edses de la OCDE.<\/p>\n\n\n\n<p class=\"wp-block-paragraph\">Asimismo la Covid-19 tuvo un efecto m\u00e1s negativo a\u00fan, pues ocho de cada 10 chilenas que dejaron de trabajar durante la pandemia para atender a la familia debido al confinamiento, no buscaron un nuevo empleo.<\/p>\n\n\n\n<p class=\"wp-block-paragraph\">Seg\u00fan el estudio, adem\u00e1s del alejamiento del mundo laboral, esa situaci\u00f3n increment\u00f3 problemas de salud mental, estr\u00e9s y m\u00e1s violencia intrafamiliar contra ellas.<\/p>\n\n\n\n<p class=\"wp-block-paragraph\">Como medidas paliativas, la OCDE propone, entre otras, crear un sistema de cuidados m\u00e1s completo, ampliar permisos de paternidad, aumentar la cobertura de los beneficios de maternidad y paternidad y reforzar horarios de trabajo m\u00e1s flexibles y el teletrabajo.<\/p>\n","protected":false},"excerpt":{"rendered":"<p>Seg\u00fan el estudio, adem\u00e1s del alejamiento del mundo laboral, esa situaci\u00f3n increment\u00f3 problemas de salud mental, estr\u00e9s y m\u00e1s violencia intrafamiliar contra ellas<\/p>\n","protected":false},"author":3,"featured_media":38690,"comment_status":"open","ping_status":"open","sticky":false,"template":"","format":"standard","meta":{"_monsterinsights_skip_tracking":false,"footnotes":""},"categories":[692,53],"tags":[],"class_list":["post-38689","post","type-post","status-publish","format-standard","has-post-thumbnail","category-692","category-internacional"],"_links":{"self":[{"href":"https:\/\/redsemlac.com\/semmexico\/wp-json\/wp\/v2\/posts\/38689","targetHints":{"allow":["GET"]}}],"collection":[{"href":"https:\/\/redsemlac.com\/semmexico\/wp-json\/wp\/v2\/posts"}],"about":[{"href":"https:\/\/redsemlac.com\/semmexico\/wp-json\/wp\/v2\/types\/post"}],"author":[{"embeddable":true,"href":"https:\/\/redsemlac.com\/semmexico\/wp-json\/wp\/v2\/users\/3"}],"replies":[{"embeddable":true,"href":"https:\/\/redsemlac.com\/semmexico\/wp-json\/wp\/v2\/comments?post=38689"}],"version-history":[{"count":0,"href":"https:\/\/redsemlac.com\/semmexico\/wp-json\/wp\/v2\/posts\/38689\/revisions"}],"wp:featuredmedia":[{"embeddable":true,"href":"https:\/\/redsemlac.com\/semmexico\/wp-json\/wp\/v2\/media\/38690"}],"wp:attachment":[{"href":"https:\/\/redsemlac.com\/semmexico\/wp-json\/wp\/v2\/media?parent=38689"}],"wp:term":[{"taxonomy":"category","embeddable":true,"href":"https:\/\/redsemlac.com\/semmexico\/wp-json\/wp\/v2\/categories?post=38689"},{"taxonomy":"post_tag","embeddable":true,"href":"https:\/\/redsemlac.com\/semmexico\/wp-json\/wp\/v2\/tags?post=38689"}],"curies":[{"name":"wp","href":"https:\/\/api.w.org\/{rel}","templated":true}]}}