{"id":38652,"date":"2021-07-26T17:59:11","date_gmt":"2021-07-26T23:59:11","guid":{"rendered":"https:\/\/redsemlac.com\/semmexico\/?p=38652"},"modified":"2023-07-21T17:05:06","modified_gmt":"2023-07-21T22:05:06","slug":"una-feminista-en-el-iem-nuevo-leon-piden-mujeres-al-gobernador-electo-samuel-garcia","status":"publish","type":"post","link":"https:\/\/redsemlac.com\/semmexico\/una-feminista-en-el-iem-nuevo-leon-piden-mujeres-al-gobernador-electo-samuel-garcia\/","title":{"rendered":"Una feminista en el IEM-Nuevo Le\u00f3n, piden mujeres al gobernador electo Samuel Garc\u00eda"},"content":{"rendered":"\n<ul class=\"wp-block-list\"><li><strong>En carta p\u00fablica llaman a cumplir con el perfil que establece la ley<\/strong><\/li><li><strong>Reconocen el trabajo de equipo de trabajo actual y claman por la continuidad<\/strong><\/li><\/ul>\n\n\n\n<p class=\"wp-block-paragraph\"><strong>Redacci\u00f3n<\/strong><\/p>\n\n\n\n<p class=\"wp-block-paragraph\">SemM\u00e9xico, Monterrey, NL, 26 de julio, 2021.- Feministas de Nuevo Le\u00f3n y de otras partes del pa\u00eds firman una carta dirigida al gobernador elector, Samuel Garc\u00eda Sep\u00falveda, en el que llaman a realizar un proceso de selecci\u00f3n coherente con la protecci\u00f3n de los derechos de las mujeres en la designaci\u00f3n de la presidencia del Instituto Estatal de las Mujeres (IEM).<\/p>\n\n\n\n<p class=\"wp-block-paragraph\">Enfatizan en la oportunidad y responsabilidad \u201cde no repetir el error del gobierno saliente (2015-2021), al haber designado durante la primera mitad de su administraci\u00f3n un perfil que no contaba con la trayectoria necesaria para cumplir con los objetivos del IEM\u201d.<\/p>\n\n\n\n<p class=\"wp-block-paragraph\">Al mismo tiempo reconocen el trabajo realizado durante la segunda mitad de la administraci\u00f3n saliente el IEM, con el liderazgo de la Presidenta Ejecutiva, Martha Cecilia Reyes Cruz y la Secretaria Ejecutiva, Juana Mar\u00eda Nava Castillo, que sentaron las bases para, finalmente, dar rumbo a las medidas de la Alerta de Violencia de G\u00e9nero (AVGM) y recuperar la vocaci\u00f3n de esta dependencia de impulsar la transversalizaci\u00f3n de la perspectiva de g\u00e9nero en el Estado y la coordinaci\u00f3n interinstitucional.<\/p>\n\n\n\n<p class=\"wp-block-paragraph\">Por ello, demandaron que, a trav\u00e9s de la designaci\u00f3n de la titularidad el IEM, se garantice la continuidad al trabajo que se ha efectuado con la dirigencia de la Presidenta Ejecutiva actual y su equipo para asegurar la sostenibilidad de los programas, proyectos y actividades implementadas, que trajeron resultados positivos para las mujeres del estado, dichos esfuerzos deben permanecer en la agenda institucional.<\/p>\n\n\n\n<p class=\"wp-block-paragraph\">Y que, el perfil de la pr\u00f3xima Presidenta Ejecutiva del IEM debe cumplir con requisitos m\u00ednimos, adem\u00e1s de los establecidos en la Ley, como:<\/p>\n\n\n\n<ul class=\"wp-block-list\"><li>Experiencia profesional en la administraci\u00f3n p\u00fablica y\/o trayectoria comprobada en la defensa y promoci\u00f3n de los derechos de las mujeres.<\/li><li>Que tenga alianzas con la sociedad civil y con <em>colectivas <\/em>feministas.<\/li><li>Perspectiva de g\u00e9nero e interseccional.<\/li><li>Conocimiento y experiencia en el dise\u00f1o, planeaci\u00f3n, ejecuci\u00f3n, monitoreo y evaluaci\u00f3n de intervenciones, programas p\u00fablicos y proyectos.<\/li><li>Enfoque de prevenci\u00f3n de la violencia que atienda los tres niveles, primaria, secundaria y terciaria.<\/li><li>Que reconozca, respete y garantice la pluralidad de mujeres en nuestro estado dentro del IEM.<\/li><\/ul>\n\n\n\n<p class=\"wp-block-paragraph\">\u201cConfiamos en que las pr\u00e1cticas de la \u2018vieja pol\u00edtica\u00b4 no se replicar\u00e1n en esta designaci\u00f3n porque como gobernador electo comprende que esta instituci\u00f3n es fundamental para prevenir y erradicar la violencia de g\u00e9nero, incentivar la participaci\u00f3n activa de las mujeres del estado, y velar por el respeto y promoci\u00f3n de sus derechos\u201d<\/p>\n\n\n\n<p class=\"wp-block-paragraph\">La carta es firmada por Claudia Hern\u00e1ndez Gallardo, Jessica Elodia Mart\u00ednez Mart\u00ednez, Stefan\u00eda B\u00e1rcenas Padilla, Diana del Rosario Araiz Parra, Elsa Vel\u00e1zquez Galicia, Marisa Vald\u00e9s, Sara Lovera, Dora Villalobos Mendoza, Martha Gonz\u00e1lez Renter\u00eda, Candelaria Rodr\u00edguez, B\u00e1rbara Garc\u00eda Ch\u00e1vez, Soledad Jarqu\u00edn Edgar, Sandra H. Cardona Alan\u00eds, Vanessa Jim\u00e9nez Ruvalcaba, Norma Alicia Hurtado P\u00e9rez, Sonia del Valle, Graciela Machuca, Marta Eugenia D\u00e1vila, Elena Olascoaga, Yazm\u00edn \u00c1vila Hurtado, Carolina Escobar P\u00e9rez, Priscila Palomares, Paulina Rosales Garrido, Mar\u00eda del Carmen Rigal, Lorena Pi\u00f1a G\u00f3mez, Laura Guadalupe Leal Guajardo<\/p>\n\n\n\n<p class=\"wp-block-paragraph\">Laura Judith Maldonado Leal, Carolina Ayala Dur\u00e1n, Sof\u00eda Lozano Snively, Michell Herrera Elizondo, Augusto Ruedas Alcocer, Laura Carmina Guti\u00e9rrez S\u00e1enz, Marcela Valero Cervantes, Mar\u00eda Belem Salas Salazar, Ma. de la Luz Estrada Mendoza, Gabriela Rivera D\u00edaz, Norma Cerros.<\/p>\n\n\n\n<p class=\"wp-block-paragraph\">As\u00ed como Roxana Sandoval Pe\u00f1aloza, Cristina Azuara Fern\u00e1ndez, Martha Guadalupe Figueroa Mier, Marcela Valero, Mar\u00eda del Carmen Rigal Trinidad, Julieta Mart\u00ednez, Ximena Peredo, Anny Beristain Hern\u00e1ndez, Rosa Fierro Campo, B\u00e1rbara Gonz\u00e1lez, Adelaida Salas Salazar, Rosario Rom\u00e1n P\u00e9rez, Joana Chapa, Ana Elizabeth Reynoso Mart\u00ednez, Ana Delia Garza, Juan Mart\u00edn P\u00e9rez Garc\u00eda, Daniela Torres Le\u00f3n, Blanca Icela Garc\u00eda Cortez, Ivonne de la Rosa Galarza, Josefina Rodr\u00edguez Corona, E. Ximena Rodr\u00edguez Casta\u00f1eda, Claudia Lozano Pedraza, Isabel P\u00e9rez Cerda, Diohema Anlleu, Mar\u00eda Guadalupe Cruz Hern\u00e1ndez, Rosalinda Zavala Salazar, Reyna Estela Reyes Melo, Venecia Guzm\u00e1n, Luc\u00eda Barrag\u00e1n Beaud, Araceli W. Ching y Nissi Valdovinos Gonz\u00e1lez.<\/p>\n\n\n\n<p class=\"wp-block-paragraph\">Irma Alma Ochoa Trevi\u00f1o, solicitante de la AVGM; Miverva Mart\u00ednez Garza, Subdirectora de Responsabilidad Social y Sustentabilidad, Facdyc, UANL; Sylvia Guadalupe Puente Aguilar, Directora de Procesos Jur\u00eddicos de la SSPE; Elia Mart\u00ednez Rodarte, sex\u00f3loga educadora, columnista (Ivaginaria); Martha Montemayor, Unidos por el Huajuco, y Guadalupe Elizondo Perales, DGM Apodaca.<\/p>\n\n\n\n<p class=\"wp-block-paragraph\">Por las organizaciones: La Fortaleza, Sincr\u00e9ticas, T\u00fa Decides Nosotras te Acompa\u00f1amos, N.L.,<\/p>\n\n\n\n<p class=\"wp-block-paragraph\">ARKALI Espacio Cultural, A.C., Centro de Atenci\u00f3n a la Mujer Trabajadora AC, Ni M\u00e1s Ni Menos Mujeres S.C. de Chiapas, Girl Up Pol\u00edticas UANL, Ecos de Mirabal SC, Consejo Ciudadano de Formaci\u00f3n y Cultura Autogestiva AC, Voces de Mujeres en Acci\u00f3n, A.C., Red Necesito Abortar M\u00e9xico, Muxed, Maya sin Fronteras A.C., Centro de los Mexicanos en la Globalizaci\u00f3n, Ecosistema para la co-creaci\u00f3n de oportunidades AC, Colectivo Olga Lidia Hern\u00e1ndez M, Acoso en la U, Com\u00fan Ati, Comunidad Terap\u00e9utica A.C., AVANCE Por los Derechos de M\u00e9xico A.C., Familia Digna A.C., Ecosistema para la Igualdad Sustantiva A.C.<\/p>\n\n\n\n<p class=\"wp-block-paragraph\">As\u00ed como la plataforma informativa SemM\u00e9xico, Colectivo Bolivariano, Oaxaca, Womerang A.C., Fuerzas Unidas por Nuestros Desaparecidos(as) en Nuevo Le\u00f3n, A.C., Mujeres Libres Colem A.C., Comunati, RedMIN, Artemisas por la Equidad A.C., Ni\u00f1ez siglo XXI, A.C., Red Intercultural de Apoyo e Inclusi\u00f3n de Personas Ind\u00edgenas en Nuevo Le\u00f3n A.C (RedMin), Consejo Ciudadano de Seguridad P\u00fablica de Nuevo Le\u00f3n, &nbsp;&nbsp;&nbsp;&nbsp;&nbsp;&nbsp;<\/p>\n\n\n\n<p class=\"wp-block-paragraph\">Mujeres+Mujeres, No Somos Medias Naranjas, CCME NL, \u00bfY yo, por qu\u00e9 no?<\/p>\n\n\n\n<p class=\"wp-block-paragraph\">SEM\/sj<\/p>\n","protected":false},"excerpt":{"rendered":"<p>En carta p\u00fablica llaman a cumplir con el perfil que establece la ley<\/p>\n","protected":false},"author":3,"featured_media":38653,"comment_status":"open","ping_status":"open","sticky":false,"template":"","format":"standard","meta":{"_monsterinsights_skip_tracking":false,"footnotes":""},"categories":[692,54],"tags":[],"class_list":["post-38652","post","type-post","status-publish","format-standard","has-post-thumbnail","category-692","category-mujeres"],"_links":{"self":[{"href":"https:\/\/redsemlac.com\/semmexico\/wp-json\/wp\/v2\/posts\/38652","targetHints":{"allow":["GET"]}}],"collection":[{"href":"https:\/\/redsemlac.com\/semmexico\/wp-json\/wp\/v2\/posts"}],"about":[{"href":"https:\/\/redsemlac.com\/semmexico\/wp-json\/wp\/v2\/types\/post"}],"author":[{"embeddable":true,"href":"https:\/\/redsemlac.com\/semmexico\/wp-json\/wp\/v2\/users\/3"}],"replies":[{"embeddable":true,"href":"https:\/\/redsemlac.com\/semmexico\/wp-json\/wp\/v2\/comments?post=38652"}],"version-history":[{"count":0,"href":"https:\/\/redsemlac.com\/semmexico\/wp-json\/wp\/v2\/posts\/38652\/revisions"}],"wp:featuredmedia":[{"embeddable":true,"href":"https:\/\/redsemlac.com\/semmexico\/wp-json\/wp\/v2\/media\/38653"}],"wp:attachment":[{"href":"https:\/\/redsemlac.com\/semmexico\/wp-json\/wp\/v2\/media?parent=38652"}],"wp:term":[{"taxonomy":"category","embeddable":true,"href":"https:\/\/redsemlac.com\/semmexico\/wp-json\/wp\/v2\/categories?post=38652"},{"taxonomy":"post_tag","embeddable":true,"href":"https:\/\/redsemlac.com\/semmexico\/wp-json\/wp\/v2\/tags?post=38652"}],"curies":[{"name":"wp","href":"https:\/\/api.w.org\/{rel}","templated":true}]}}