{"id":3865,"date":"2018-12-10T06:43:05","date_gmt":"2018-12-10T06:43:05","guid":{"rendered":"https:\/\/redsemlac.com\/semmexico\/?p=3865"},"modified":"2023-07-21T14:34:42","modified_gmt":"2023-07-21T19:34:42","slug":"no-hay-templanza-conflicto-de-intereses-de-lo-judicial-a-inmujeres","status":"publish","type":"post","link":"https:\/\/redsemlac.com\/semmexico\/no-hay-templanza-conflicto-de-intereses-de-lo-judicial-a-inmujeres\/","title":{"rendered":"No hay templanza: conflicto de intereses de lo judicial a INMUJERES"},"content":{"rendered":"\n<p class=\"wp-block-paragraph\">\u2022 Por qu\u00e9 habr\u00eda de importarnos esto a las mujeres: porque seguir\u00e1 la impunidad<\/p>\n\n\n\n<h5 class=\"wp-block-heading\"> La CNDH pide no polarizar al mism\u00edsimo presidente de la Rep\u00fablica<\/h5>\n\n\n\n<p class=\"wp-block-paragraph\"><a href=\"https:\/\/semmexico.com\/gallery-post.php?id=6612#\">Sara Lovera<\/a><\/p>\n\n\n\n<p class=\"wp-block-paragraph\">SemM\u00e9xico, 10 diciembre 2018.- La primera crisis pol\u00edtica del r\u00e9gimen, que est\u00e1 cumpliendo 10 d\u00edas de mandato, ya apareci\u00f3 en el universo. Un enfrentamiento de dos poderes, ejecutivo y judicial, que constitucionalmente son distintos; el desprecio a la autonom\u00eda del Tribunal Federal Electoral sobre el estado de Puebla con un presidente de la Rep\u00fablica que menosprecia a la gobernadora ratificada en esa entidad, la que ser\u00e1 la octava en la historia de M\u00e9xico, crisis que se ha evidenciado con una movilizaci\u00f3n de mil 500 personas de la Asociaci\u00f3n Nacional de Magistrados de Circuito y Jueces de Distrito del Poder Judicial de la Federaci\u00f3n (PJF) en todo el pa\u00eds.<\/p>\n\n\n\n<p class=\"wp-block-paragraph\">\u00bfY por qu\u00e9 habr\u00eda de importar esto a las mujeres? Porque el cambio y la cuarta transformaci\u00f3n han llegado tan de repente, tan audaz, tan con una idea fija, que necesita una revoluci\u00f3n y podr\u00eda significar un momento de crisis que podr\u00eda volverse violento. S\u00e9 bien de qu\u00e9 hablo. Si no hay revoluci\u00f3n, no puede haber una transformaci\u00f3n pac\u00edfica. Y el nuevo gobierno no se propone la revoluci\u00f3n, menos cuando no es socialista. No s\u00e9 qu\u00e9 se propone.<\/p>\n\n\n\n<p class=\"wp-block-paragraph\">Miren hay m\u00e1s. Esta noche de lunes el presidente de la Comisi\u00f3n Nacional de los Derechos Humanos, Luis Ra\u00fal Gonz\u00e1lez P\u00e9rez, tuvo que decir que el presidente de la Rep\u00fablica o sus diputados podr\u00edan estar incurriendo en un desacato constitucional. Polariza y est\u00e1 leyendo mal la separaci\u00f3n de poderes, advirti\u00f3 la CNDH.<\/p>\n\n\n\n<p class=\"wp-block-paragraph\">Importa a las mujeres porque la Rep\u00fablica naci\u00f3 en Francia para evitar los abusos de los reyes, \u00fanicos, poderosos y autoridades sobrenaturales. Porque la Rep\u00fablica abri\u00f3 la posibilidad de gobiernos equilibrados, con poderes distintos para repartir los beneficios econ\u00f3micos, sociales y morales. Se trataba de no dejar el poder en manos de una sola persona; una Rep\u00fablica es la expresi\u00f3n de la democracia moderna. Que no sea perfecta en ning\u00fan lugar del mundo, no significa renunciar a ella.<\/p>\n\n\n\n<p class=\"wp-block-paragraph\">Ser\u00eda muy tonto contestarme que en M\u00e9xico no hubo nunca divisi\u00f3n de poderes. Est\u00e1 bien, lo acepto, pero ah\u00ed est\u00e1 la ley, la guerra que nos dio una Rep\u00fablica, la Revoluci\u00f3n con dos millones de muertos para evitar un tirano, y \u00bfentonces? Porque no lo ha habido, ahora que el pueblo repudi\u00f3 ese estado de cosas, \u00bfse har\u00e1 lo mismo?, me dice una amiga que son iguales; que los tribunales de justicia de las entidades del pa\u00eds se asocian a los poderes f\u00e1cticos, \u00bfy entonces? No se trata de un cambio, y s\u00ed de que ahora para millones de personas tenemos un padre bueno. Ya hay m\u00e1s de cinco mil amparos contra la reducci\u00f3n salarial; luego vendr\u00e1n los amparos por despidos. Dir\u00e1n los que s\u00ed saben y votaron por el cambio, que 10 mil personas no importan frente a los millones de pobres. Con lo de 10 mil personas, pregunto, \u00bfse resolver\u00e1 el de 50 millones?<\/p>\n\n\n\n<p class=\"wp-block-paragraph\">El que dice, s\u00ed se\u00f1ora usted en el Tribunal Electoral de la Federaci\u00f3n la considera legal, pero \u201cyo no estoy conforme, porque no hubo democracia\u201d, refiri\u00e9ndose a la nueva gobernadora, declarada legal despu\u00e9s del \u00fanico proceso que en M\u00e9xico revis\u00f3 y cont\u00f3 voto por voto, cada acta, todo, pero, se dice hab\u00eda cosas muy sucias, es probable, pero en este r\u00e9gimen con reglas hab\u00eda que probarlo y no se hizo \u00bfcierto? En eso se bas\u00f3 el tribunal. Ahora resulta, estoy de acuerdo, en nada se puede creer. Sin el poder judicial, incluido ese tribunal que legaliz\u00f3 la elecci\u00f3n en Puebla con Martha Erika Alonso, \u00bfA d\u00f3nde vamos?<\/p>\n\n\n\n<p class=\"wp-block-paragraph\">De Martha Erika Alonso, el presidente dijo que \u201cbasta de procesos hip\u00f3critas\u201d y \u201cfalsos\u201d y al mismo tiempo dijo que reconocer\u00e1 el resultado. Oigan se trata del mismo tribunal que le dio a Morena el triunfo.<\/p>\n\n\n\n<p class=\"wp-block-paragraph\">Y no nos conviene la crisis, ni que el presidente de la Rep\u00fablica mienta, como miente con los salarios de los juristas, que ha dicho que son de m\u00e1s de 600 mil pesos. La Suprema Corte de la Naci\u00f3n aclar\u00f3 oficialmente que el que m\u00e1s ganas, gana la mitad de esa cantidad. El presidente de la CNDH advierte que no es bueno polarizar a la sociedad.<\/p>\n\n\n\n<p class=\"wp-block-paragraph\">Importa a las mujeres porque somos la mitad de la poblaci\u00f3n y si M\u00e9xico entra en un asunto de confrontaciones diversas, sabemos que aumenta la violencia contra las mujeres; se hace m\u00e1s lejana la posibilidad de acabar con la impunidad y, finalmente, nuestros asuntos, nuestra exclusi\u00f3n, nuestra discriminaci\u00f3n y el dinero que se necesita para hacer justicia a las mujeres ser\u00e1 menos importante. Se dir\u00e1 que ese no es problema.<\/p>\n\n\n\n<p class=\"wp-block-paragraph\">Ah\u00ed una muestra: INMUJERES<\/p>\n\n\n\n<p class=\"wp-block-paragraph\">Importa a las mujeres porque el presidente Andr\u00e9s Manuel L\u00f3pez Obrador ha ofrecido la cuarta transformaci\u00f3n, pero su enviados y enviadas para muchos importantes asuntos, no se conducen con legalidad, templanza, ni inteligencia. Por ejemplo, una senadora pide que renuncien todas las personas en el Instituto Nacional de las Mujeres, a las 6:30 de la ma\u00f1ana del 30 de noviembre; y queriendo extremar su \u201cresponsabilidad\u201d le llama por tel\u00e9fono a la totalidad de las consejeras de INMUJERES para que voten por la terna \u201coficial\u201d sobre la que decidir\u00e1 L\u00f3pez Obrador para definir la presidencia de ese instituto, seg\u00fan la ley.<\/p>\n\n\n\n<p class=\"wp-block-paragraph\">La crisis de la definici\u00f3n en de la presidencia en INMUJERES, ni siquiera ha alterado a nadie para la definici\u00f3n de otra docena de puestos estrat\u00e9gicos para la pol\u00edtica de g\u00e9nero. Las mujeres senadoras y diputadas est\u00e1n con su actitud avalando el ejercicio inicial de un r\u00e9gimen autoritario y patriarcal. No entiendo nada de nada, porque al mismo tiempo parecen defender los avances.<\/p>\n\n\n\n<p class=\"wp-block-paragraph\">Ok, todo est\u00e1 podrido. El periodismo de g\u00e9nero hace seis a\u00f1os se fue contra la candidata a INMUJERES de Pe\u00f1a Nieto, pero ahora est\u00e1 del lado del proceso desaseado que encabeza la ilustre Olga S\u00e1nchez Cordero, porque ella es buena y antes ten\u00edamos un gobierno malo. Ojo, dividir entre buenos y malos es muy religioso e idealista. Ahora lo que tenemos al frente es una crisis constitucional. Tremendo. Antes de cambiar la Constituci\u00f3n, como se puede, como ha sucedido en otros pa\u00edses, como por ejemplo en Venezuela, digo, antes de cambiarla habr\u00eda que cumplirla. Ella, Olga S\u00e1nchez Cordero es una ex ministra de la Corte, que lo sabe mejor que nadie. Qui\u00e9n le propuso a Nadinne Gassman (la puntera en INMUJERES) y la convenci\u00f3. Me pregunto, porque ella siendo una excelente propuesta, est\u00e1 manchada por la falta de tacto, legalidad y sentido com\u00fan.<\/p>\n\n\n\n<p class=\"wp-block-paragraph\">El tema es que no se puede romper todo el orden institucional, sin propuestas alternativas serias y profundas. Yo creo. Al tiempo, veremos.<\/p>\n\n\n\n<p class=\"wp-block-paragraph\"><a href=\"mailto:saraloveralopez@gmail.com\">saraloveralopez@gmail.com<\/a><\/p>\n","protected":false},"excerpt":{"rendered":"<p>\u2022 Por qu\u00e9 habr\u00eda de importarnos esto a las mujeres: porque seguir\u00e1 la impunidad La CNDH pide no polarizar al mism\u00edsimo presidente de la Rep\u00fablica Sara Lovera SemM\u00e9xico, 10 diciembre 2018.- La primera crisis pol\u00edtica del r\u00e9gimen, que est\u00e1 cumpliendo 10 d\u00edas de mandato, ya apareci\u00f3 en el universo. Un enfrentamiento de dos poderes, ejecutivo [&hellip;]<\/p>\n","protected":false},"author":3,"featured_media":3824,"comment_status":"open","ping_status":"open","sticky":false,"template":"","format":"standard","meta":{"_monsterinsights_skip_tracking":false,"footnotes":""},"categories":[689,35,95,69],"tags":[],"class_list":["post-3865","post","type-post","status-publish","format-standard","has-post-thumbnail","category-689","category-opinion","category-palabra-de-antigona","category-sara-lovera"],"_links":{"self":[{"href":"https:\/\/redsemlac.com\/semmexico\/wp-json\/wp\/v2\/posts\/3865","targetHints":{"allow":["GET"]}}],"collection":[{"href":"https:\/\/redsemlac.com\/semmexico\/wp-json\/wp\/v2\/posts"}],"about":[{"href":"https:\/\/redsemlac.com\/semmexico\/wp-json\/wp\/v2\/types\/post"}],"author":[{"embeddable":true,"href":"https:\/\/redsemlac.com\/semmexico\/wp-json\/wp\/v2\/users\/3"}],"replies":[{"embeddable":true,"href":"https:\/\/redsemlac.com\/semmexico\/wp-json\/wp\/v2\/comments?post=3865"}],"version-history":[{"count":0,"href":"https:\/\/redsemlac.com\/semmexico\/wp-json\/wp\/v2\/posts\/3865\/revisions"}],"wp:featuredmedia":[{"embeddable":true,"href":"https:\/\/redsemlac.com\/semmexico\/wp-json\/wp\/v2\/media\/3824"}],"wp:attachment":[{"href":"https:\/\/redsemlac.com\/semmexico\/wp-json\/wp\/v2\/media?parent=3865"}],"wp:term":[{"taxonomy":"category","embeddable":true,"href":"https:\/\/redsemlac.com\/semmexico\/wp-json\/wp\/v2\/categories?post=3865"},{"taxonomy":"post_tag","embeddable":true,"href":"https:\/\/redsemlac.com\/semmexico\/wp-json\/wp\/v2\/tags?post=3865"}],"curies":[{"name":"wp","href":"https:\/\/api.w.org\/{rel}","templated":true}]}}