{"id":38575,"date":"2021-07-26T07:50:43","date_gmt":"2021-07-26T13:50:43","guid":{"rendered":"https:\/\/redsemlac.com\/semmexico\/?p=38575"},"modified":"2023-07-21T17:04:32","modified_gmt":"2023-07-21T22:04:32","slug":"opinion-covid-deconstruccion-social-por-isabel-ortega-morales","status":"publish","type":"post","link":"https:\/\/redsemlac.com\/semmexico\/opinion-covid-deconstruccion-social-por-isabel-ortega-morales\/","title":{"rendered":"\u201cCovid \u00bfDeconstrucci\u00f3n Social?\u201d"},"content":{"rendered":"<p><span style=\"font-weight: 400;\">VIOLETA DEL AN\u00c1HUAC<\/span><\/p>\n<p><!--more--><\/p>\n<p><span style=\"font-weight: 400;\">Isabel Ortega Morales&nbsp;<\/span><\/p>\n<p><span style=\"font-weight: 400;\">SemM\u00e9xico, Tlapa, Guerrero, 26 de julio, 2021.- En Guerrero a partir de este lunes entramos a una modalidad restringida con el sem\u00e1foro epidemiol\u00f3gico naranja marcada por m\u00e1s de 48 mil casos oficiales de coronavirus y con un llamado urgente a mantener los protocolos de sanidad a poco m\u00e1s de un a\u00f1o que se implementaron, nos muestra que no hemos aprendido la lecci\u00f3n.<\/span><\/p>\n<p><span style=\"font-weight: 400;\">El llamado con un \u201cllueve, truene o relampaguee habr\u00e1 clases presenciales\u201d para abrir las escuelas a finales de agosto de 2021, es por dem\u00e1s inquietante.<\/span><\/p>\n<p><span style=\"font-weight: 400;\">\u00bfQu\u00e9 sabe el Presidente de M\u00e9xico que no nos comparten? Pero que no deja mucho a la imaginaci\u00f3n cuando se considera que \u00bfaquello de contagio de reba\u00f1o es inevitable? \u00bfQui\u00e9n quiere dar el primer paso para no enojar al Presidente resistiendo el inicio a clases?<\/span><\/p>\n<p><span style=\"font-weight: 400;\">No funcionar una prospectiva l\u00f3gica, pero apoyados en los n\u00fameros de contagios, el n\u00famero de vacacionistas, el n\u00famero de personas en las calles y parques, el n\u00famero de personas fura de casa sin asuntos urgentes de trabajo o de salud, parecen ser el respaldo m\u00e1s firme del gobierno federal para considerar que si se puede vacacionar, se puede acudir a las aulas.<\/span><\/p>\n<p><span style=\"font-weight: 400;\">Pero los datos m\u00e1s recientes de los grupos de edad de las personas afectadas preocupan.&nbsp;<\/span><\/p>\n<p><span style=\"font-weight: 400;\">En Guerrero hay contagios de menores de 10 a\u00f1os, adolescentes, j\u00f3venes en las cifras de julio del a\u00f1o en curso, que ha referido el sector salud estatal. Significar\u00eda que se han convertido en un grupo vulnerable.<\/span><\/p>\n<p><span style=\"font-weight: 400;\">Y a pesar de que se considere son afectados por que a\u00fan no est\u00e1n vacunados, el n\u00famero de adultos mayores no ha bajado.<\/span><\/p>\n<p><span style=\"font-weight: 400;\">Durante el primer confinamiento a que fuimos sometidos y previo a las vacaciones de Semana Santa de 2020, la consideraci\u00f3n casi generalizada fue creer que entrabamos a un proceso de fortalecimiento de la consciencia. Y so\u00f1amos con la fraternidad, con la paz, con un cambio social a favor de la propia sociedad y sus integrantes. Los datos empezaron a revelarnos el n\u00famero de violencia al interior del hogar en este periodo, la inquietante desesperanza que se sembraba en la falta de socializar, en la duda sobre la econom\u00eda por la p\u00e9rdida de empleos.<\/span><\/p>\n<p><span style=\"font-weight: 400;\">Y cuando alcanzamos el anhelado sem\u00e1foro verde y salimos, cre\u00edmos alcanzar una deconstrucci\u00f3n de lo que \u00e9ramos, hasta que la realidad nos mostr\u00f3 que no estaba ni acabada y quiz\u00e1 ni iniciada totalmente cuando nuestra actitud individual nos hace retroceder de forma colectiva.<\/span><\/p>\n<p><span style=\"font-weight: 400;\">Aqu\u00ed estamos, desprovistos de futuro. A merced de la vulnerabilidad de decisiones sin consensos, en una antesala de dolor.<\/span><\/p>\n<p>&nbsp;<\/p>\n","protected":false},"excerpt":{"rendered":"<p>VIOLETA DEL AN\u00c1HUAC<\/p>\n","protected":false},"author":3,"featured_media":38368,"comment_status":"open","ping_status":"open","sticky":false,"template":"","format":"standard","meta":{"_monsterinsights_skip_tracking":false,"footnotes":""},"categories":[692,198,35,197],"tags":[],"class_list":["post-38575","post","type-post","status-publish","format-standard","has-post-thumbnail","category-692","category-isabel-ortega-morales","category-opinion","category-violeta-del-anahuac"],"_links":{"self":[{"href":"https:\/\/redsemlac.com\/semmexico\/wp-json\/wp\/v2\/posts\/38575","targetHints":{"allow":["GET"]}}],"collection":[{"href":"https:\/\/redsemlac.com\/semmexico\/wp-json\/wp\/v2\/posts"}],"about":[{"href":"https:\/\/redsemlac.com\/semmexico\/wp-json\/wp\/v2\/types\/post"}],"author":[{"embeddable":true,"href":"https:\/\/redsemlac.com\/semmexico\/wp-json\/wp\/v2\/users\/3"}],"replies":[{"embeddable":true,"href":"https:\/\/redsemlac.com\/semmexico\/wp-json\/wp\/v2\/comments?post=38575"}],"version-history":[{"count":0,"href":"https:\/\/redsemlac.com\/semmexico\/wp-json\/wp\/v2\/posts\/38575\/revisions"}],"wp:featuredmedia":[{"embeddable":true,"href":"https:\/\/redsemlac.com\/semmexico\/wp-json\/wp\/v2\/media\/38368"}],"wp:attachment":[{"href":"https:\/\/redsemlac.com\/semmexico\/wp-json\/wp\/v2\/media?parent=38575"}],"wp:term":[{"taxonomy":"category","embeddable":true,"href":"https:\/\/redsemlac.com\/semmexico\/wp-json\/wp\/v2\/categories?post=38575"},{"taxonomy":"post_tag","embeddable":true,"href":"https:\/\/redsemlac.com\/semmexico\/wp-json\/wp\/v2\/tags?post=38575"}],"curies":[{"name":"wp","href":"https:\/\/api.w.org\/{rel}","templated":true}]}}