{"id":38569,"date":"2021-07-25T11:35:13","date_gmt":"2021-07-25T17:35:13","guid":{"rendered":"https:\/\/redsemlac.com\/semmexico\/?p=38569"},"modified":"2023-07-21T17:04:32","modified_gmt":"2023-07-21T22:04:32","slug":"la-lxiv-legislatura-de-la-paridad-de-genero-dejara-iniciativa-para-fortalecer-el-congreso-de-la-union-martha-tagle","status":"publish","type":"post","link":"https:\/\/redsemlac.com\/semmexico\/la-lxiv-legislatura-de-la-paridad-de-genero-dejara-iniciativa-para-fortalecer-el-congreso-de-la-union-martha-tagle\/","title":{"rendered":"La LXIV Legislatura de la paridad de G\u00e9nero dejar\u00e1 iniciativa para fortalecer el Congreso de la Uni\u00f3n, Martha Tagle\u00a0"},"content":{"rendered":"<p><span style=\"font-weight: 400;\">*Jos\u00e9 Woldenberg la representaci\u00f3n proporcional&nbsp; una&nbsp; f\u00f3rmula transparente, clara y eficiente<\/span><\/p>\n<p><!--more--><\/p>\n<p><span style=\"font-weight: 400;\">Luis Carlos Ugalde, director de Integralia, consider\u00f3 que disminuir los diputados plurinominales bajo el argumento de la austeridad, no contribuye a la reflexi\u00f3n<\/span><\/p>\n<p>&nbsp;<\/p>\n<p><span style=\"font-weight: 400;\">Elda Montiel&nbsp;<\/span><\/p>\n<p><span style=\"font-weight: 400;\">SemM\u00e9xico, Cd. de M\u00e9xico, 25 de julio 2021.- Al analizar el peso de las mayor\u00edas y la representaci\u00f3n de las minor\u00edas en el \u00faltimo d\u00eda del Seminario \u201cEl Congreso que M\u00e9xico necesita. Una reforma urgente\u201d se puso de manifiesto la importancia de contar con una representaci\u00f3n pol\u00edtica que les sirva a las y los ciudadanos por parte de las legisladoras, investigadoras, y especialistas participantes.<\/span><\/p>\n<p><span style=\"font-weight: 400;\">La diputada Martha Tagle Mart\u00ednez organizadora del evento considero muy importantes &nbsp; las intervenciones presentadas en la C\u00e1mara de Diputados a lo largo del encuentro que inicio el pasado 13 de julio y que se concretara en una iniciativa que se quiere dejar antes de que termine la actual LXIV Legislatura de la Paridad de G\u00e9nero.<\/span><\/p>\n<p><span style=\"font-weight: 400;\">En lo que constituy\u00f3 una defensa de la representaci\u00f3n proporcional la diputada de Morena, Lorena Villavicencio Ayala, consider\u00f3 que la participaci\u00f3n y la representaci\u00f3n de las minor\u00edas son fundamentales en la vida institucional, toda vez que garantizan la gobernabilidad del pa\u00eds y la expresi\u00f3n m\u00e1s fiel de lo que los ciudadanos expresan en las urnas.<\/span><\/p>\n<p><span style=\"font-weight: 400;\">La legisladora que modero la \u00faltima mesa de an\u00e1lisis llamo a reflexionar sobre \u00bfCu\u00e1l tiene que ser el proceder del grupo parlamentario mayoritario en un sistema democr\u00e1tico, donde la pluralidad es un principio rector, no una concesi\u00f3n o una conveniencia?<\/span><\/p>\n<p><span style=\"font-weight: 400;\">Cuestion\u00f3 la creencia de que ser la mayor\u00eda incluye la posibilidad de avasallar, imponer, dejar de deliberar o discutir con los grupos minoritarios que forman parte de la representaci\u00f3n pol\u00edtica del pa\u00eds.<\/span><\/p>\n<p><span style=\"font-weight: 400;\">Mar\u00eda Marv\u00e1n Laborde, investigadora titular A del Instituto de Investigaciones Jur\u00eddicas de la Universidad Nacional Aut\u00f3noma de M\u00e9xico (UNAM), expuso que es fundamental romper con el mito de que los diputados de representaci\u00f3n proporcional no representan a nadie y que cuestan muy caros, pues ellos son indispensables en la democracia al impulsar la inclusi\u00f3n.<\/span><\/p>\n<p><span style=\"font-weight: 400;\">Abund\u00f3 que una democracia representativa funciona con partidos, por lo que tener fracciones pol\u00edticas fuertes es una virtud y no un defecto. Dijo que la sobrerrepresentaci\u00f3n no es cuesti\u00f3n de la reforma electoral del 2007, sino de la regla de coaliciones y el fraude a la ley de diversos partidos, \u201cquienes prestan candidatos a partidos menores para que a la hora que salen los resultados en realidad tengan una proporci\u00f3n mayor de esca\u00f1os que de los votos obtenidos\u201d.<\/span><\/p>\n<p><span style=\"font-weight: 400;\">El acad\u00e9mico Jos\u00e9 Woldenberg, dijo que hablar de la representaci\u00f3n pol\u00edtica de la diversidad que existe en un determinado pa\u00eds, es ver c\u00f3mo se traducen los votos en esca\u00f1os, tanto en la C\u00e1mara de Diputados como en la C\u00e1mara de Senadores. \u201cEs una normatividad legal que ha soportado 25 a\u00f1os, una f\u00f3rmula transparente, clara y eficiente porque los electores no solo votan por un partido, sino por un candidato con nombre apellido\u201d.<\/span><\/p>\n<p><span style=\"font-weight: 400;\">Said Hern\u00e1ndez Quintana, profesor de la Facultad de Ciencias Pol\u00edticas y Sociales de la UNAM, asegur\u00f3 que debe cuidarse el mecanismo de representaci\u00f3n proporcional, pues diversos estudios han concluido que esto alienta en los partidos minoritarios la competencia interna, construy\u00e9ndose partidos m\u00e1s estables y duraderos.<\/span><\/p>\n<p><span style=\"font-weight: 400;\">Luis Carlos Ugalde, director de Integralia, expres\u00f3 que los elementos que coartan la eficacia de las minor\u00edas, es la inexperiencia de \u00e9stas para hacer valer su peso, el papel interesado de los gobernadores y el uso de las prerrogativas al interior de los congresos locales para contener el papel opositor de los grupos parlamentarios.<\/span><\/p>\n<p><span style=\"font-weight: 400;\">Consider\u00f3 que disminuir los diputados plurinominales bajo el argumento de la austeridad, no contribuye a la reflexi\u00f3n, porque coloca a lo electoral dependiente del ahorro econ\u00f3mico, por lo que propuso lograr una correspondencia entre el n\u00famero de votos y el lugar de esca\u00f1os.<\/span><\/p>\n<p><span style=\"font-weight: 400;\">&nbsp;<\/span><\/p>\n<p>&nbsp;<\/p>\n","protected":false},"excerpt":{"rendered":"<p>*Jos\u00e9 Woldenberg la representaci\u00f3n proporcional&nbsp; una&nbsp; f\u00f3rmula transparente, clara y eficiente<\/p>\n","protected":false},"author":3,"featured_media":38570,"comment_status":"open","ping_status":"open","sticky":false,"template":"","format":"standard","meta":{"_monsterinsights_skip_tracking":false,"footnotes":""},"categories":[692,50],"tags":[],"class_list":["post-38569","post","type-post","status-publish","format-standard","has-post-thumbnail","category-692","category-congreso"],"_links":{"self":[{"href":"https:\/\/redsemlac.com\/semmexico\/wp-json\/wp\/v2\/posts\/38569","targetHints":{"allow":["GET"]}}],"collection":[{"href":"https:\/\/redsemlac.com\/semmexico\/wp-json\/wp\/v2\/posts"}],"about":[{"href":"https:\/\/redsemlac.com\/semmexico\/wp-json\/wp\/v2\/types\/post"}],"author":[{"embeddable":true,"href":"https:\/\/redsemlac.com\/semmexico\/wp-json\/wp\/v2\/users\/3"}],"replies":[{"embeddable":true,"href":"https:\/\/redsemlac.com\/semmexico\/wp-json\/wp\/v2\/comments?post=38569"}],"version-history":[{"count":0,"href":"https:\/\/redsemlac.com\/semmexico\/wp-json\/wp\/v2\/posts\/38569\/revisions"}],"wp:featuredmedia":[{"embeddable":true,"href":"https:\/\/redsemlac.com\/semmexico\/wp-json\/wp\/v2\/media\/38570"}],"wp:attachment":[{"href":"https:\/\/redsemlac.com\/semmexico\/wp-json\/wp\/v2\/media?parent=38569"}],"wp:term":[{"taxonomy":"category","embeddable":true,"href":"https:\/\/redsemlac.com\/semmexico\/wp-json\/wp\/v2\/categories?post=38569"},{"taxonomy":"post_tag","embeddable":true,"href":"https:\/\/redsemlac.com\/semmexico\/wp-json\/wp\/v2\/tags?post=38569"}],"curies":[{"name":"wp","href":"https:\/\/api.w.org\/{rel}","templated":true}]}}