{"id":38556,"date":"2021-07-24T15:05:55","date_gmt":"2021-07-24T21:05:55","guid":{"rendered":"https:\/\/redsemlac.com\/semmexico\/?p=38556"},"modified":"2023-07-21T17:04:32","modified_gmt":"2023-07-21T22:04:32","slug":"reorientar-el-presupuesto-en-favor-del-cumplimiento-de-la-agenda-2030-beatriz-paredes","status":"publish","type":"post","link":"https:\/\/redsemlac.com\/semmexico\/reorientar-el-presupuesto-en-favor-del-cumplimiento-de-la-agenda-2030-beatriz-paredes\/","title":{"rendered":"Reorientar el presupuesto en favor del cumplimiento de la agenda 2030: Beatriz Paredes"},"content":{"rendered":"<p><span style=\"font-weight: 400;\">Indispensable que el presupuesto tenga un enfoque vinculado a los objetivos del desarrollo sustentable, advierte la Senadora&nbsp;<\/span><\/p>\n<p><!--more--><br \/>\n*El Senado se compromete a avanzar en los objetivos de la Agenda 2030<br \/>\n&nbsp;<br \/>\n*El Tercer Informe Nacional Voluntario 2021 sobre la Agenda 2030 en M\u00e9xico sent\u00f3 un precedente internacional Nancy de la Sierra<br \/>\n&nbsp;<br \/>\nSemM\u00e9xico. Ciudad de M\u00e9xico, 24 de julio de 2021.- La senadora Beatriz Paredes Rangel afirm\u00f3 que al Presupuesto de Egresos de la Federaci\u00f3n le falta una visi\u00f3n vinculada a la Agenda 2030, y advirti\u00f3 que, de no contar con esa perspectiva, todo el esfuerzo pol\u00edtico y legislativo dejar\u00e1 de tener impacto y dificultar\u00e1 el cumplimiento de los objetivos de este instrumento internacional.<br \/>\n&nbsp;\u201cEs un buen momento para solicitarle a la secretaria de Econom\u00eda, Tatiana Clouthier, al nuevo titular de la Secretar\u00eda de Hacienda y Cr\u00e9dito P\u00fablico, y a quienes preparan el presupuesto, una reuni\u00f3n con esta Comisi\u00f3n para plantear lo que se requiere\u201d, expres\u00f3 la legisladora del PRI. &nbsp;<br \/>\n&nbsp;<br \/>\nDe acuerdo con la senadora de Morena, Roc\u00edo Adriana Abreu Arti\u00f1ano la C\u00e1mara de Senadores ha aprobado numerosas reformas que est\u00e1n relacionadas con puntos de la Agenda 2030, como en materia educativa, paridad de g\u00e9nero, cuidados paliativos, reconocimiento de derechos de pueblos afromexicanos y prohibici\u00f3n del matrimonio infantil de igual forma se avalaron modificaciones legales para el reconocimiento de los derechos laborales de las trabajadoras del hogar, tipificar el delito de violencia pol\u00edtica de g\u00e9nero, sobre igualdad salarial, entre otros temas. &nbsp;<\/p>\n<p>&nbsp;Se compromete la Comisi\u00f3n Especial para el Seguimiento a la Implementaci\u00f3n de la Agenda 2030 en M\u00e9xico a dar continuidad a los esfuerzos y proyectos que han permitido avanzar en los Objetivos de Desarrollo Sostenible.<br \/>\n&nbsp;<br \/>\nAs\u00ed lo mencionaron quienes integran este grupo de trabajo durante una reuni\u00f3n virtual para analizar el Tercer Informe Nacional Voluntario 2021 sobre la Agenda 2030 en M\u00e9xico, presentado hace unos d\u00edas por la secretaria de Econom\u00eda, Tatiana Clouthier.<br \/>\n&nbsp;<br \/>\nLa presidenta de la Comisi\u00f3n, Nancy De la Sierra Ar\u00e1mburo, destac\u00f3 que M\u00e9xico fue uno de los cinco pa\u00edses que contaron con el involucramiento del Poder Legislativo federal y local en el proceso de elaboraci\u00f3n de su informe, lo que sent\u00f3 un precedente, no s\u00f3lo a nivel nacional, sino tambi\u00e9n internacional. &nbsp;<br \/>\n&nbsp;<br \/>\n&nbsp;En el encuentro, a distancia, tambi\u00e9n participaron legisladoras y legisladores de congresos locales, as\u00ed como integrantes del Grupo de Trabajo de Seguimiento a la Implementaci\u00f3n de la Agenda 2030, de la C\u00e1mara de Diputados. &nbsp;<\/p>\n","protected":false},"excerpt":{"rendered":"<p>Indispensable que el presupuesto tenga un enfoque vinculado a los objetivos del desarrollo sustentable, advierte la Senadora&nbsp;<\/p>\n","protected":false},"author":3,"featured_media":38557,"comment_status":"open","ping_status":"open","sticky":false,"template":"","format":"standard","meta":{"_monsterinsights_skip_tracking":false,"footnotes":""},"categories":[692,50],"tags":[],"class_list":["post-38556","post","type-post","status-publish","format-standard","has-post-thumbnail","category-692","category-congreso"],"_links":{"self":[{"href":"https:\/\/redsemlac.com\/semmexico\/wp-json\/wp\/v2\/posts\/38556","targetHints":{"allow":["GET"]}}],"collection":[{"href":"https:\/\/redsemlac.com\/semmexico\/wp-json\/wp\/v2\/posts"}],"about":[{"href":"https:\/\/redsemlac.com\/semmexico\/wp-json\/wp\/v2\/types\/post"}],"author":[{"embeddable":true,"href":"https:\/\/redsemlac.com\/semmexico\/wp-json\/wp\/v2\/users\/3"}],"replies":[{"embeddable":true,"href":"https:\/\/redsemlac.com\/semmexico\/wp-json\/wp\/v2\/comments?post=38556"}],"version-history":[{"count":0,"href":"https:\/\/redsemlac.com\/semmexico\/wp-json\/wp\/v2\/posts\/38556\/revisions"}],"wp:featuredmedia":[{"embeddable":true,"href":"https:\/\/redsemlac.com\/semmexico\/wp-json\/wp\/v2\/media\/38557"}],"wp:attachment":[{"href":"https:\/\/redsemlac.com\/semmexico\/wp-json\/wp\/v2\/media?parent=38556"}],"wp:term":[{"taxonomy":"category","embeddable":true,"href":"https:\/\/redsemlac.com\/semmexico\/wp-json\/wp\/v2\/categories?post=38556"},{"taxonomy":"post_tag","embeddable":true,"href":"https:\/\/redsemlac.com\/semmexico\/wp-json\/wp\/v2\/tags?post=38556"}],"curies":[{"name":"wp","href":"https:\/\/api.w.org\/{rel}","templated":true}]}}