{"id":38553,"date":"2021-07-24T11:24:04","date_gmt":"2021-07-24T17:24:04","guid":{"rendered":"https:\/\/redsemlac.com\/semmexico\/?p=38553"},"modified":"2023-07-21T17:04:33","modified_gmt":"2023-07-21T22:04:33","slug":"cambio-generacional-en-chile","status":"publish","type":"post","link":"https:\/\/redsemlac.com\/semmexico\/cambio-generacional-en-chile\/","title":{"rendered":"Cambio generacional en Chile"},"content":{"rendered":"<div class=\"td-post-header\">\n<header class=\"td-post-title\">\n<div class=\"td-module-meta-info\">Teresa Gurza<\/div>\n<div>&nbsp;<\/div>\n<\/header>\n<\/div>\n<p><!--more--><\/p>\n<div class=\"td-post-content tagdiv-type\">\n<p>SemM\u00e9xico\/Periodistas en Espa\u00f1ol, Cd. de M\u00e9xico, 24 de julio 2021.- El exl\u00edder estudiantil izquierdista y actual diputado <strong>Gabriel Boric<\/strong>&nbsp;de 35 a\u00f1os y el exfuncionario derechista&nbsp;<strong>Sebasti\u00e1n Sichel<\/strong>&nbsp;de 43, ganaron este domingo dieciocho de julio 2021 las elecciones primarias y ser\u00e1n candidatos a la presidencia de Chile; cuya primera vuelta, ser\u00e1 el 21 de noviembre y la segunda, el 19 de diciembre.<span id=\"more-152946\"><\/span><\/p>\n<p>Adem\u00e1s de Boric y Sichel, estar\u00e1n aquellos que postulen los partidos Socialista y Democracia Cristiana, que ahora no participaron.<\/p>\n<p>Chile ha pasado los \u00faltimos meses inmerso en elecciones para cumplir con los acuerdos tomados por las fuerzas pol\u00edticas frente a los estallidos sociales de octubre 2019, que provocaron una grave crisis pol\u00edtica y econ\u00f3mica.<\/p>\n<p>Primero se hizo el plebiscito para saber si se quer\u00eda una nueva constituci\u00f3n y el \u00abapruebo\u00bb gan\u00f3 con el 78 por ciento.<\/p>\n<p>Luego la elecci\u00f3n de convencionales, alcaldes y gobernadores regionales.<\/p>\n<p>Y finalmente, las primarias presidenciales; en las que votaron tres millones de ciudadanos, el 21 por ciento del electorado, y fueron tan pac\u00edficas y bien aceptadas por los perdedores, que lograron que la Bolsa de Santiago subiera.<\/p>\n<p>Tal como sucedi\u00f3 cuando los comicios de mayo definieron a las 155 personas que redactar\u00e1n la nueva constituci\u00f3n, los partidos tradicionales fueron rebasados por j\u00f3venes y gente sin partido.<\/p>\n<figure id=\"attachment_152947\" class=\"wp-caption aligncenter\" aria-describedby=\"caption-attachment-152947\"><img loading=\"lazy\" decoding=\"async\" class=\"size-full wp-image-152947 lazyloaded\" src=\"https:\/\/i1.wp.com\/periodistas-es.com\/wp-content\/uploads\/2021\/07\/gabriel-boric-chile.jpg?resize=696%2C428&amp;ssl=1\" sizes=\"auto, (max-width: 696px) 100vw, 696px\" srcset=\"https:\/\/i1.wp.com\/periodistas-es.com\/wp-content\/uploads\/2021\/07\/gabriel-boric-chile.jpg?w=1200&amp;ssl=1 1200w, https:\/\/i1.wp.com\/periodistas-es.com\/wp-content\/uploads\/2021\/07\/gabriel-boric-chile.jpg?resize=350%2C215&amp;ssl=1 350w, https:\/\/i1.wp.com\/periodistas-es.com\/wp-content\/uploads\/2021\/07\/gabriel-boric-chile.jpg?resize=900%2C554&amp;ssl=1 900w, https:\/\/i1.wp.com\/periodistas-es.com\/wp-content\/uploads\/2021\/07\/gabriel-boric-chile.jpg?resize=200%2C123&amp;ssl=1 200w, https:\/\/i1.wp.com\/periodistas-es.com\/wp-content\/uploads\/2021\/07\/gabriel-boric-chile.jpg?resize=696%2C428&amp;ssl=1 696w\" alt=\"Gabriel Boric Chile\" width=\"696\" height=\"428\" data-recalc-dims=\"1\" data-ll-status=\"loaded\"><figcaption id=\"caption-attachment-152947\" class=\"wp-caption-text\">Gabriel Boric<\/figcaption><\/figure>\n<p>Boric, abanderado de la coalici\u00f3n de izquierda Apruebo Dignidad, tiene a sus 35 a\u00f1os la edad m\u00ednima legal para ser presidente y gan\u00f3 al comunista&nbsp;<strong>Daniel Jadue<\/strong>, alcalde de Recoleta, con el 60.4 por ciento de los votos de su sector.<\/p>\n<p>Se hizo famoso en 2011, cuando como presidente de la Federaci\u00f3n de Estudiantes de la Universidad de Chile, encabez\u00f3 el masivo movimiento estudiantil que demandaba mejor educaci\u00f3n.<\/p>\n<p>Despu\u00e9s de graduarse como abogado, fund\u00f3 la organizaci\u00f3n Marca AC que promovi\u00f3 la celebraci\u00f3n de una asamblea para redactar la nueva constituci\u00f3n.<\/p>\n<p>Desde marzo de 2014 es diputado por la regi\u00f3n de Magallanes, su patria chica donde obtuvo arrolladora votaci\u00f3n y hace dos a\u00f1os es puntal del Frente Amplio, que ha puesto a temblar a los partidos tradicionales de la izquierda.<\/p>\n<p>Sus propuestas son las que hoy atraen a la juventud, y giran en torno a la justicia social, la descentralizaci\u00f3n del gobierno, las luchas feministas, el medio ambiente y la \u00absuperaci\u00f3n del neoliberalismo\u00bb.<\/p>\n<p>Y en su intervenci\u00f3n del triunfo, pidi\u00f3 no tener miedo a que los j\u00f3venes lleguen al poder porque aprendieron de los errores de los mayores y cit\u00f3 frases del \u00faltimo discurso del presidente&nbsp;<strong>Salvador Allende<\/strong>&nbsp;en el incendiado palacio presidencial de la Moneda.<\/p>\n<p>Los analistas advierten que en noviembre no lo tendr\u00e1 f\u00e1cil, que su aplastante triunfo se debi\u00f3 al miedo que el comunista Jadue gener\u00f3 en los sectores pudientes, y muchos de sus votos \u00abson votos derechistas prestados\u00bb, que no se repetir\u00e1n.<\/p>\n<figure id=\"attachment_152948\" class=\"wp-caption aligncenter\" aria-describedby=\"caption-attachment-152948\"><img loading=\"lazy\" decoding=\"async\" class=\"size-full wp-image-152948 lazyloaded\" src=\"https:\/\/i2.wp.com\/periodistas-es.com\/wp-content\/uploads\/2021\/07\/sebastia%CC%81n-sichel-chile.jpg?resize=696%2C392&amp;ssl=1\" sizes=\"auto, (max-width: 696px) 100vw, 696px\" srcset=\"https:\/\/i2.wp.com\/periodistas-es.com\/wp-content\/uploads\/2021\/07\/sebastia\u0301n-sichel-chile.jpg?w=1200&amp;ssl=1 1200w, https:\/\/i2.wp.com\/periodistas-es.com\/wp-content\/uploads\/2021\/07\/sebastia\u0301n-sichel-chile.jpg?resize=350%2C197&amp;ssl=1 350w, https:\/\/i2.wp.com\/periodistas-es.com\/wp-content\/uploads\/2021\/07\/sebastia\u0301n-sichel-chile.jpg?resize=900%2C506&amp;ssl=1 900w, https:\/\/i2.wp.com\/periodistas-es.com\/wp-content\/uploads\/2021\/07\/sebastia\u0301n-sichel-chile.jpg?resize=200%2C113&amp;ssl=1 200w, https:\/\/i2.wp.com\/periodistas-es.com\/wp-content\/uploads\/2021\/07\/sebastia\u0301n-sichel-chile.jpg?resize=696%2C392&amp;ssl=1 696w\" alt=\"Sebastia\u0301n Sichel Chile\" width=\"696\" height=\"392\" data-recalc-dims=\"1\" data-ll-status=\"loaded\"><figcaption id=\"caption-attachment-152948\" class=\"wp-caption-text\">Sebastia\u0301n Sichel<\/figcaption><\/figure>\n<p>Sichel del conglomerado derechista Chile Vamos, es originario de Santiago y tambi\u00e9n abogado, pero por la Pontificia Universidad Cat\u00f3lica de Chile.<\/p>\n<p>Autodeclarado independiente, milit\u00f3 en la Democracia Cristiana y en Ciudadanos; fue contratista y funcionario en el primer gobierno de la socialista Bachelet; y en el actual de Pi\u00f1era ocup\u00f3 las carteras de la Corporaci\u00f3n de Fomento de la Producci\u00f3n (Corfo) y el Ministerio de Desarrollo Social, siendo presidente del Banco Estado, hasta este pasado diciembre.<\/p>\n<p>Su votaci\u00f3n super\u00f3 la del veterano pol\u00edtico&nbsp;<strong>Joaqu\u00edn Lav\u00edn<\/strong>&nbsp;de 67 a\u00f1os, alcalde de Las Condes, registrado por Uni\u00f3n Dem\u00f3crata Independiente y a quien se daba por favorito, a&nbsp;<strong>Ignacio Briones<\/strong>&nbsp;de Evoluci\u00f3n Pol\u00edtica y&nbsp;<strong>Mario Desbordes<\/strong>&nbsp;de Renovaci\u00f3n Nacional, el partido de Pi\u00f1era.<\/p>\n<p>Es cr\u00edtico de lo que llama \u00e9lite chilena y aunque impulsado por la derecha, niega ser af\u00edn a esa tendencia y fue a las primarias como independiente de centro.<\/p>\n<p>Entrevistado por&nbsp;<strong>Mar\u00eda Jos\u00e9 O\u2019Shea<\/strong>, de La Tercera, rechaz\u00f3 haber cambiado ideolog\u00eda y se ufan\u00f3 de ser liberal.<\/p>\n<p>\u00abNo he cambiado en mis convicciones, solo de partido\u2026 la izquierda involucion\u00f3 y la derecha evolucion\u00f3 hacia una centroderecha democr\u00e1tica y ah\u00ed nos encontramos\u2026 dej\u00e9 de militar porque se transformaron en clubes sociales que priorizan la carrera funcionaria\u2026 estuve en dos partidos y salirme fue como separarse dos veces, quedas traumado\u2026\u00bb<\/p>\n<p>Advirti\u00f3 que la derecha debe atender la raz\u00f3n para que \u00abun proyecto extremo como el comunista, est\u00e1 cautivando a los chilenos\u2026 no hemos entendido que la clase media chilena est\u00e1 viendo una alternativa en ese mundo autoritario y antidemocr\u00e1tico\u2026 No es decir no vote por los comunistas porque son malos sino vote por nosotros, porque somos mejores\u2026\u00bb<\/p>\n<p>Acompa\u00f1ado en su discurso de victoria por los tres aspirantes derechistas derrotados, ratific\u00f3 sus propuestas de apoyar el emprendimiento y el deporte, mejorar los procesos judiciales y fomentar la actividad productiva en las regiones.<\/p>\n<div class=\"sharedaddy sd-sharing-enabled\">&nbsp;<\/div>\n<\/div>\n","protected":false},"excerpt":{"rendered":"<p>Teresa Gurza &nbsp;<\/p>\n","protected":false},"author":3,"featured_media":38554,"comment_status":"open","ping_status":"open","sticky":false,"template":"","format":"standard","meta":{"_monsterinsights_skip_tracking":false,"footnotes":""},"categories":[692,110],"tags":[],"class_list":["post-38553","post","type-post","status-publish","format-standard","has-post-thumbnail","category-692","category-la-opinion-columnas"],"_links":{"self":[{"href":"https:\/\/redsemlac.com\/semmexico\/wp-json\/wp\/v2\/posts\/38553","targetHints":{"allow":["GET"]}}],"collection":[{"href":"https:\/\/redsemlac.com\/semmexico\/wp-json\/wp\/v2\/posts"}],"about":[{"href":"https:\/\/redsemlac.com\/semmexico\/wp-json\/wp\/v2\/types\/post"}],"author":[{"embeddable":true,"href":"https:\/\/redsemlac.com\/semmexico\/wp-json\/wp\/v2\/users\/3"}],"replies":[{"embeddable":true,"href":"https:\/\/redsemlac.com\/semmexico\/wp-json\/wp\/v2\/comments?post=38553"}],"version-history":[{"count":0,"href":"https:\/\/redsemlac.com\/semmexico\/wp-json\/wp\/v2\/posts\/38553\/revisions"}],"wp:featuredmedia":[{"embeddable":true,"href":"https:\/\/redsemlac.com\/semmexico\/wp-json\/wp\/v2\/media\/38554"}],"wp:attachment":[{"href":"https:\/\/redsemlac.com\/semmexico\/wp-json\/wp\/v2\/media?parent=38553"}],"wp:term":[{"taxonomy":"category","embeddable":true,"href":"https:\/\/redsemlac.com\/semmexico\/wp-json\/wp\/v2\/categories?post=38553"},{"taxonomy":"post_tag","embeddable":true,"href":"https:\/\/redsemlac.com\/semmexico\/wp-json\/wp\/v2\/tags?post=38553"}],"curies":[{"name":"wp","href":"https:\/\/api.w.org\/{rel}","templated":true}]}}