{"id":38549,"date":"2021-07-24T11:16:34","date_gmt":"2021-07-24T17:16:34","guid":{"rendered":"https:\/\/redsemlac.com\/semmexico\/?p=38549"},"modified":"2023-07-21T17:04:33","modified_gmt":"2023-07-21T22:04:33","slug":"opinion-caos-en-franciay-en-el-mundo-por-natalia-vidales-de-bitterlin","status":"publish","type":"post","link":"https:\/\/redsemlac.com\/semmexico\/opinion-caos-en-franciay-en-el-mundo-por-natalia-vidales-de-bitterlin\/","title":{"rendered":"Caos en Francia\u2026y en el Mundo"},"content":{"rendered":"<div dir=\"auto\">MUJER Y PODER<\/div>\n<div dir=\"auto\">&nbsp;<\/div>\n<p><!--more--><\/p>\n<div dir=\"auto\">&nbsp;<\/div>\n<div dir=\"auto\">&nbsp;Natalia Vidales de Bitterlin*<\/div>\n<div dir=\"auto\">&nbsp;<\/div>\n<div dir=\"auto\">&nbsp;<\/div>\n<div dir=\"auto\">SemM\u00e9xico, Hermosillo, Sonora, 24 de julio, 2021.- El presidente de Francia, Emmanuel Macron de nuevo tiene protestas en las calles. En esta ocasi\u00f3n, porque miles de franceses no est\u00e1n de acuerdo con las \u00faltimas decisiones de su presidente, relacionadas con la vacuna COVID.<\/div>\n<div dir=\"auto\">&nbsp;<\/div>\n<div dir=\"auto\">Macron inform\u00f3 la semana pasada -a ra\u00edz de la expansi\u00f3n de la variante Delta en Francia- que el ingreso a lugares p\u00fablicos ser\u00eda restringido a quien no muestre su cartilla de vacunaci\u00f3n y que el pasaporte sanitario ser\u00e1 necesario en el pa\u00eds a partir del&nbsp; ya pr\u00f3ximo primero de agosto.&nbsp;<\/div>\n<div dir=\"auto\">Aquellas personas que se nieguen a vacunarse\u2026tendr\u00e1n restricciones: \u00a8Esta vez se queda usted en casa, no nosotros\u00a8 dijo&nbsp; Macron al hablar directamente a quienes por uno u otro motivo no han recibido la vacuna.&nbsp;<\/div>\n<div dir=\"auto\">Consideramos que mucha raz\u00f3n tiene el presidente de Francia,&nbsp; porque as\u00ed como los que no desean vacunarse tienen derecho a no hacerlo y a aceptar el encierro,&nbsp; as\u00ed los que estamos vacunados tenemos derecho a que el riesgo de contagio se contenga y en las calles y lugares p\u00fablicos solo circulen quienes tienen ya la aplicaci\u00f3n de su dosis, entendiendo que la ciencia est\u00e1 haciendo lo posible para detener el mortal virus.&nbsp; &nbsp;<\/div>\n<div dir=\"auto\">&nbsp;<\/div>\n<div dir=\"auto\">Aislar a los primeros es brindar seguridad a los segundos, a los que s\u00ed se han aplicado la vacuna.&nbsp; &nbsp;<\/div>\n<div dir=\"auto\">&nbsp;<\/div>\n<div dir=\"auto\">La medida del mandatario franc\u00e9s es correcta,&nbsp; y tal vez otros presidentes&nbsp; sigan su ejemplo y para admitir visitantes en sus pa\u00edses exijan la presentaci\u00f3n de la cartilla de vacunaci\u00f3n.&nbsp; Y ser\u00e1 decisi\u00f3n individual aceptar o no la disposici\u00f3n,&nbsp; pero hoy se quedar\u00e1n en casa -sin libre tr\u00e1nsito ni acceso a restaurantes, teatros, centros comerciales, conciertos, hospitales, bares, etc..etc..-&nbsp; quienes no deseen acatar los ordenamientos sanitarios de Macron.&nbsp;<\/div>\n<div dir=\"auto\">&nbsp;<\/div>\n<div dir=\"auto\">Ahora\u2026ellos deber\u00e1n estar encerrados,&nbsp; y no quienes s\u00ed cumplen con las normas de salud y se han visto afectados por quienes no lo hacen, lo cual, simplemente es hacer justicia en el sentido de darle a cada quien lo que le corresponde y merece. Ni m\u00e1s, ni menos.&nbsp;&nbsp;<\/div>\n<div dir=\"auto\">&nbsp;<\/div>\n<div dir=\"auto\">Sin duda la medida no le atrae simpat\u00edas a Macron,&nbsp; &nbsp;pero atenderse el bien mayor -que es en este caso el intento por contener este virus maligno-&nbsp; es lo que debe hacerse en estos tiempos de crisis. Y la estrategia en Francia ha funcionado,&nbsp; ya que en tan solo un par de semanas m\u00e1s de cuatro millones de franceses han acudido a los centros de vacunaci\u00f3n, atendiendo el exhorto, junto a la clara advertencia&nbsp; de su mandatario.&nbsp;<\/div>\n<div dir=\"auto\">&nbsp;<\/div>\n<div dir=\"auto\">El debate sobre si es correcta o no la actitud de Macron se ha extendido a nivel internacional y se escuchan&nbsp; voces a favor y en contra, pero esto no es para asustarse, si recordamos que as\u00ed ocurri\u00f3 cuando se descubrieron \u2013casualmente por el franc\u00e9s Louis&nbsp; Pasteur en 1885 &#8212; los reactivos contra el \u00e1ntrax y la hidrofobia. De ah\u00ed&nbsp; las palabras del presidente,&nbsp; cuando dice que&nbsp; \u00a8Las restricciones pesar\u00e1n sobre otros, sobre&nbsp; &nbsp;aquellos que por razones incomprensibles en el pa\u00eds de Louis Pasteur, de la ciencia y la Ilustraci\u00f3n, todav\u00eda dudan en utilizar la \u00fanica arma disponible contra la pandemia: la vacuna\u201d.&nbsp;<\/div>\n<div dir=\"auto\">Los adelantos m\u00e9dicos son as\u00ed, experimentales y hay que aceptarlo, porque finalmente&nbsp; &nbsp; es lo que ha tra\u00eddo beneficios a millones de personas en el mundo, a quienes literalmente se les ha salvado la vida.&nbsp;<\/div>\n","protected":false},"excerpt":{"rendered":"<p>MUJER Y PODER &nbsp;<\/p>\n","protected":false},"author":3,"featured_media":38550,"comment_status":"open","ping_status":"open","sticky":false,"template":"","format":"standard","meta":{"_monsterinsights_skip_tracking":false,"footnotes":""},"categories":[692,100,72],"tags":[],"class_list":["post-38549","post","type-post","status-publish","format-standard","has-post-thumbnail","category-692","category-mujer-y-poder","category-natalia-vidales"],"_links":{"self":[{"href":"https:\/\/redsemlac.com\/semmexico\/wp-json\/wp\/v2\/posts\/38549","targetHints":{"allow":["GET"]}}],"collection":[{"href":"https:\/\/redsemlac.com\/semmexico\/wp-json\/wp\/v2\/posts"}],"about":[{"href":"https:\/\/redsemlac.com\/semmexico\/wp-json\/wp\/v2\/types\/post"}],"author":[{"embeddable":true,"href":"https:\/\/redsemlac.com\/semmexico\/wp-json\/wp\/v2\/users\/3"}],"replies":[{"embeddable":true,"href":"https:\/\/redsemlac.com\/semmexico\/wp-json\/wp\/v2\/comments?post=38549"}],"version-history":[{"count":0,"href":"https:\/\/redsemlac.com\/semmexico\/wp-json\/wp\/v2\/posts\/38549\/revisions"}],"wp:featuredmedia":[{"embeddable":true,"href":"https:\/\/redsemlac.com\/semmexico\/wp-json\/wp\/v2\/media\/38550"}],"wp:attachment":[{"href":"https:\/\/redsemlac.com\/semmexico\/wp-json\/wp\/v2\/media?parent=38549"}],"wp:term":[{"taxonomy":"category","embeddable":true,"href":"https:\/\/redsemlac.com\/semmexico\/wp-json\/wp\/v2\/categories?post=38549"},{"taxonomy":"post_tag","embeddable":true,"href":"https:\/\/redsemlac.com\/semmexico\/wp-json\/wp\/v2\/tags?post=38549"}],"curies":[{"name":"wp","href":"https:\/\/api.w.org\/{rel}","templated":true}]}}