{"id":38545,"date":"2021-07-24T10:04:17","date_gmt":"2021-07-24T16:04:17","guid":{"rendered":"https:\/\/redsemlac.com\/semmexico\/?p=38545"},"modified":"2023-07-21T17:04:33","modified_gmt":"2023-07-21T22:04:33","slug":"opinion-por-que-tarda-tanto-la-legalizacion-del-aborto-por-yaneth-angelica-tamayo-avalos","status":"publish","type":"post","link":"https:\/\/redsemlac.com\/semmexico\/opinion-por-que-tarda-tanto-la-legalizacion-del-aborto-por-yaneth-angelica-tamayo-avalos\/","title":{"rendered":"\u00bfPor qu\u00e9 tarda tanto la legalizaci\u00f3n del aborto?"},"content":{"rendered":"<div dir=\"auto\">&nbsp;<\/div>\n<div dir=\"auto\">Juego de Palabras<\/div>\n<div dir=\"auto\">&nbsp;<\/div>\n<p><!--more--><\/p>\n<div dir=\"auto\">\n<p><strong>Yaneth Angelica Tamayo Avalos<\/strong><\/p>\n<\/div>\n<div dir=\"auto\">SemM\u00e9xico, Quer\u00e9taro, Qro. 24 de julio, 2o21.-&nbsp; En d\u00edas pasados, el Congreso de Veracruz aprob\u00f3 por mayor\u00eda la despenalizaci\u00f3n del aborto por voluntad propia, convirti\u00e9ndose el Estado de Veracruz en la cuarta entidad en proteger la dignidad, igualdad, salud, intimidad y autodeterminaci\u00f3n de la mujer para decidir sobre su sexualidad y maternidad.&nbsp;<\/div>\n<div dir=\"auto\">Por lo que, resulta necesario reconocer la labor que hicieron las mujeres en lo individual y colectivo para lograr este gran avance; pues los resultados de su lucha no solo beneficiar\u00e1n a las mujeres veracruzanas, sino que, su trabajo podr\u00e1 tener un efecto expansivo que materialice la legalizaci\u00f3n del aborto en otras entidades.<\/div>\n<div dir=\"auto\">Ahora bien, algunas de nosotras habremos de preguntarnos, \u00bfporque en otras entidades federativas los Congresos se complican al abordar el tema sobre el aborto? Si hasta la Suprema Corte de Justicia de la Naci\u00f3n a considerado este asunto como un tema superado que requiere ser legislado.&nbsp;<\/div>\n<div dir=\"auto\">Desde mi punto de vista, esta puede centrarse en dos respuestas; la primera, al ser un tema que ha generado constantes disensos entre la ciudadan\u00eda que esta a favor y en contra, la despenalizaci\u00f3n del aborto se ha convertido en un tema sumamente complicado al cual le reh\u00fayen por no entrar en confrontaci\u00f3n con la ciudadan\u00eda que en un futuro pudieran representarles votos.&nbsp;<\/div>\n<div dir=\"auto\">Y la segunda, es que la mayor\u00eda de las y los legisladores no separan su labor legislativa de sus creencias personales, las cuales tienden hacer religiosas.<\/div>\n<div dir=\"auto\">Siendo esta, la circunstancia que m\u00e1s entorpece el camino hacia la despenalizaci\u00f3n del aborto, ya que la intolerancia y la desbordante convicci\u00f3n personal que algunos funcionarios ejercen en su labor legislativa, contribuyen a se\u00f1alar y criminalizar a las mujeres que exigen la libertad de nuestros cuerpos.&nbsp;<\/div>\n<div dir=\"auto\">Acciones que en conjunto han terminado por imponer un paternalismo represivo basado en un concepto moral de creencias personales e ideol\u00f3gicas.<\/div>\n<div dir=\"auto\">Estas circunstancias, han producido un letargo al derecho que las mujeres tenemos para decidir libremente sobre nuestros cuerpos.<\/div>\n<div dir=\"auto\">Lo que ha provocado que, se registren m\u00e1s de un mill\u00f3n de abortos al a\u00f1o, con un alto \u00edndice de mortalidad debido a las complicaciones surgidas por llevarse a cabo en condiciones s\u00e9pticas o insalubres, vi\u00e9ndose afectadas, en especial, las mujeres de clase social baja quienes al no contar con recursos econ\u00f3micos suficientes acuden a cl\u00ednicas clandestinas.&nbsp;<\/div>\n<div dir=\"auto\">Pero, adem\u00e1s se ha generado la existencia de una tasa elevada de mujeres gestantes cuya edad no rebasa la mayor\u00eda de edad y que se ha derivado a su vez, en un alto \u00edndice de complicaciones fetales, afectaciones en la salud de las madres y muerte de menores de edad.<\/div>\n<div dir=\"auto\">Lo anterior, ha puesto en evidencia la falta de inter\u00e9s por garantizar la autonom\u00eda personal de las mujeres, pero sobre todo sus derechos fundamentales de igualdad, libertad de decisi\u00f3n, dignidad, privac\u00eda e intimidad, salud f\u00edsica y ps\u00edquica, a no ser discriminada y a tener libertad de procreaci\u00f3n por encima del presunto derecho a la vida de un embri\u00f3n o un feto en el cual no existe vida humana toda vez que no ha formado la corteza cerebral.<\/div>\n<div dir=\"auto\">Asumir una postura bajo creencias personales no est\u00e1 mal, lo que s\u00ed est\u00e1 mal es que esa postura interfiera estatalmente y jur\u00eddicamente en la libertad y plan de vida de personas que no comparte esas creencias.<\/div>\n<div dir=\"auto\">Ya que, ante eso solo se generan perjuicios serios a los intereses leg\u00edtimos de las mujeres que deciden abortar. Adem\u00e1s, de que al recurrir a una falacia generalizada estigmatizan y criminalizan socialmente a las mujeres que abortan y a las que estamos a favor de la despenalizaci\u00f3n del aborto.<\/div>\n<div dir=\"auto\">Los encargados de despenalizar el aborto deben ser conscientes y deben reconocer los l\u00edmites que debe guardar el Estado en relaci\u00f3n con la ciudadan\u00eda, ya que no le corresponde al Estado promover planes de vida buenos y virtuosos, porque con ello se limita la capacidad de cada persona a elegir libre y racionalmente los planes de vida y los ideales de virtud que mejor le convengan de acuerdo con sus preferencias.&nbsp;<\/div>\n<div dir=\"auto\">El bienestar de las mujeres no puede estar sujeto a un modelo de organizaci\u00f3n social impuesto dogm\u00e1ticamente, se debe evitar asumir puntos de vista intrapersonales que entren en conflicto con el principio de autonom\u00eda personal de la ciudadan\u00eda para la cual trabajan.&nbsp;<\/div>\n<div dir=\"auto\">Construir principios normativos que tomen como punto de partida el respeto hacia las personas, es renunciar al punto de vista personal para colocarse en una perspectiva, desde la cual el legislador y el resto de la ciudadan\u00eda intenten ponerse en el lugar de las personas vulneradas, garantizando con ello el respeto y la protecci\u00f3n de los derechos humanos.<\/div>\n","protected":false},"excerpt":{"rendered":"<p>&nbsp; Juego de Palabras &nbsp;<\/p>\n","protected":false},"author":3,"featured_media":38546,"comment_status":"open","ping_status":"open","sticky":false,"template":"","format":"standard","meta":{"_monsterinsights_skip_tracking":false,"footnotes":""},"categories":[692,35,93],"tags":[],"class_list":["post-38545","post","type-post","status-publish","format-standard","has-post-thumbnail","category-692","category-opinion","category-yaneth-tamayo-avalos"],"_links":{"self":[{"href":"https:\/\/redsemlac.com\/semmexico\/wp-json\/wp\/v2\/posts\/38545","targetHints":{"allow":["GET"]}}],"collection":[{"href":"https:\/\/redsemlac.com\/semmexico\/wp-json\/wp\/v2\/posts"}],"about":[{"href":"https:\/\/redsemlac.com\/semmexico\/wp-json\/wp\/v2\/types\/post"}],"author":[{"embeddable":true,"href":"https:\/\/redsemlac.com\/semmexico\/wp-json\/wp\/v2\/users\/3"}],"replies":[{"embeddable":true,"href":"https:\/\/redsemlac.com\/semmexico\/wp-json\/wp\/v2\/comments?post=38545"}],"version-history":[{"count":0,"href":"https:\/\/redsemlac.com\/semmexico\/wp-json\/wp\/v2\/posts\/38545\/revisions"}],"wp:featuredmedia":[{"embeddable":true,"href":"https:\/\/redsemlac.com\/semmexico\/wp-json\/wp\/v2\/media\/38546"}],"wp:attachment":[{"href":"https:\/\/redsemlac.com\/semmexico\/wp-json\/wp\/v2\/media?parent=38545"}],"wp:term":[{"taxonomy":"category","embeddable":true,"href":"https:\/\/redsemlac.com\/semmexico\/wp-json\/wp\/v2\/categories?post=38545"},{"taxonomy":"post_tag","embeddable":true,"href":"https:\/\/redsemlac.com\/semmexico\/wp-json\/wp\/v2\/tags?post=38545"}],"curies":[{"name":"wp","href":"https:\/\/api.w.org\/{rel}","templated":true}]}}