{"id":38512,"date":"2021-07-23T13:20:00","date_gmt":"2021-07-23T19:20:00","guid":{"rendered":"https:\/\/redsemlac.com\/semmexico\/?p=38512"},"modified":"2023-07-21T17:04:34","modified_gmt":"2023-07-21T22:04:34","slug":"veracruz-garantiza-derechos-de-salud-sexual-y-reproductiva-de-las-mujeres-y-a-no-ser-discriminadas-gomez-cazarin","status":"publish","type":"post","link":"https:\/\/redsemlac.com\/semmexico\/veracruz-garantiza-derechos-de-salud-sexual-y-reproductiva-de-las-mujeres-y-a-no-ser-discriminadas-gomez-cazarin\/","title":{"rendered":"Veracruz garantiza derechos de salud sexual y reproductiva de las mujeres y a no ser discriminadas: G\u00f3mez Cazar\u00edn"},"content":{"rendered":"\n<ul class=\"wp-block-list\"><li><strong>Veracruz, cuarto estado en aprobar reforma en materia de aborto<\/strong><\/li><li><strong>Aborto despu\u00e9s de las 12 semanas de gestaci\u00f3n continuar\u00e1 siendo ilegal<\/strong><\/li><\/ul>\n\n\n\n<p class=\"wp-block-paragraph\"><strong>Redacci\u00f3n<\/strong><\/p>\n\n\n\n<p class=\"wp-block-paragraph\">SemM\u00e9xico\/BillieParkernoticias, Oluta, Veracruz, 23 de julio, 2021.- &nbsp;Presidente de la Junta de Coordinaci\u00f3n Pol\u00edtica (Jucopo), diputado Juan Javier G\u00f3mez Cazar\u00edn, asegur\u00f3 que la iniciativa de Decreto, presentada por la diputada M\u00f3nica Robles Barajas para modificar el C\u00f3digo Penal del estado de Veracruz, en su cap\u00edtulo de Aborto, resulta ser un gran acierto toda vez garantizar\u00e1 el derecho a la salud sexual y reproductiva, as\u00ed como una vida libre de violencia para las veracruzanas.<\/p>\n\n\n\n<p class=\"wp-block-paragraph\">En entrevista, el oriundo de Hueyapan de Ocampo, dijo que, con esta propuesta, no se despenaliza el aborto ya que seguir\u00e1 consider\u00e1ndose un delito en el C\u00f3digo Penal despu\u00e9s de la semana 12 de gestaci\u00f3n, sin embargo, previo a la culminaci\u00f3n de este periodo, las mujeres podr\u00e1n decidir de continuar o no con el embarazo de manera voluntaria.<\/p>\n\n\n\n<p class=\"wp-block-paragraph\">En este sentido, con esta iniciativa se protegen los derechos reproductivos de las mujeres, ya que favorece su derecho al acceso de a los servicios de salud sexual y reproductiva, pero sobre todo a no ser discriminadas. Asimismo, establece penalmente sanciones y excluyentes de responsabilidad distinta para el aborto voluntario y para el aborto forzado.<\/p>\n\n\n\n<p class=\"wp-block-paragraph\">\u201cVeracruz es el cuarto estado de la Rep\u00fablica en alinearse a los objetivos enmarcados en los art\u00edculos 1\u00b0 y 4\u00b0 Constitucional y coincidir con Acuerdos nacionales e internacionales en la materia, adem\u00e1s de que se estar\u00eda dando cumplimiento la declaratoria de Alerta de violencia de g\u00e9nero contra las mujeres (AVGM), a trav\u00e9s de la toma de medidas administrativas, legislativas y judiciales necesarias para proteger la salud y la dignidad de las mujeres\u201d, indic\u00f3.<\/p>\n\n\n\n<p class=\"wp-block-paragraph\">Finalmente, expres\u00f3 que esta reforma cambia la vida de cientos de mujeres, que, por diversas circunstancias personales, deciden llevar a cabo la interrupci\u00f3n del embarazo, pues contiene elementos que hacen a la legislaci\u00f3n veracruzana m\u00e1s espec\u00edfica en pro de la defensa de los derechos de las mujeres.<\/p>\n","protected":false},"excerpt":{"rendered":"<p>Veracruz, cuarto estado en aprobar reforma en materia de aborto<\/p>\n","protected":false},"author":3,"featured_media":38513,"comment_status":"open","ping_status":"open","sticky":false,"template":"","format":"standard","meta":{"_monsterinsights_skip_tracking":false,"footnotes":""},"categories":[692,50],"tags":[],"class_list":["post-38512","post","type-post","status-publish","format-standard","has-post-thumbnail","category-692","category-congreso"],"_links":{"self":[{"href":"https:\/\/redsemlac.com\/semmexico\/wp-json\/wp\/v2\/posts\/38512","targetHints":{"allow":["GET"]}}],"collection":[{"href":"https:\/\/redsemlac.com\/semmexico\/wp-json\/wp\/v2\/posts"}],"about":[{"href":"https:\/\/redsemlac.com\/semmexico\/wp-json\/wp\/v2\/types\/post"}],"author":[{"embeddable":true,"href":"https:\/\/redsemlac.com\/semmexico\/wp-json\/wp\/v2\/users\/3"}],"replies":[{"embeddable":true,"href":"https:\/\/redsemlac.com\/semmexico\/wp-json\/wp\/v2\/comments?post=38512"}],"version-history":[{"count":0,"href":"https:\/\/redsemlac.com\/semmexico\/wp-json\/wp\/v2\/posts\/38512\/revisions"}],"wp:featuredmedia":[{"embeddable":true,"href":"https:\/\/redsemlac.com\/semmexico\/wp-json\/wp\/v2\/media\/38513"}],"wp:attachment":[{"href":"https:\/\/redsemlac.com\/semmexico\/wp-json\/wp\/v2\/media?parent=38512"}],"wp:term":[{"taxonomy":"category","embeddable":true,"href":"https:\/\/redsemlac.com\/semmexico\/wp-json\/wp\/v2\/categories?post=38512"},{"taxonomy":"post_tag","embeddable":true,"href":"https:\/\/redsemlac.com\/semmexico\/wp-json\/wp\/v2\/tags?post=38512"}],"curies":[{"name":"wp","href":"https:\/\/api.w.org\/{rel}","templated":true}]}}