{"id":38503,"date":"2021-07-23T10:30:00","date_gmt":"2021-07-23T16:30:00","guid":{"rendered":"https:\/\/redsemlac.com\/semmexico\/?p=38503"},"modified":"2023-07-21T17:04:34","modified_gmt":"2023-07-21T22:04:34","slug":"la-participacion-paritaria-cambio-el-panorama-urge-la-igualdad-en-el-congreso-y-el-contrapeso-democratico","status":"publish","type":"post","link":"https:\/\/redsemlac.com\/semmexico\/la-participacion-paritaria-cambio-el-panorama-urge-la-igualdad-en-el-congreso-y-el-contrapeso-democratico\/","title":{"rendered":"La participaci\u00f3n paritaria cambi\u00f3 el panorama, urge la igualdad en el Congreso y el contrapeso democr\u00e1tico"},"content":{"rendered":"\n<ul class=\"wp-block-list\"><li><strong>Analizan la paridad legislativa, sus &nbsp;impactos, sus retos y desaf\u00edos: urge una alianza entre todas las mujeres<\/strong><\/li><li><strong>Conminan a una &nbsp;reforma en materia de parlamento abierto, proponen mujeres pol\u00edticas en Seminario<\/strong><\/li><\/ul>\n\n\n\n<p class=\"wp-block-paragraph\"><strong>Micaela M\u00e1rquez&nbsp;<\/strong><\/p>\n\n\n\n<p class=\"wp-block-paragraph\">SemM\u00e9xico, Cd. de M\u00e9xico, 23 de julio 2021.- \u00bfPor qu\u00e9 unas diputaciones &nbsp;tienen mayor poder que otras? \u00bfPara qu\u00e9 sirve que&nbsp; las&nbsp; mujeres est\u00e9n en la toma de decisiones? Urgente una alianza entre mujeres para lograr o devolver al congreso su papel de contrapeso, &nbsp;la igualdad dentro del Congreso \u00bfc\u00f3mo?, abatir las jerarqu\u00edas impuestas,&nbsp; donde las ideas de igualdad puedan impactar, hacer la diferencia y mejorar la democracia con &nbsp;mayor equilibrio.<\/p>\n\n\n\n<p class=\"wp-block-paragraph\">Todos estos&nbsp; temas candentes&nbsp; se analizaron estos d\u00edas en la C\u00e1mara de Diputados, con legisladoras, especialistas, legisladoras por llegar y representantes del consejo &nbsp;del Instituto Nacional Electoral,&nbsp; ante &nbsp;la creciente elecci\u00f3n de mujeres en todo el pa\u00eds, donde algunos congresos locales ya son paritarios y habr\u00e1 7 siete&nbsp; mujeres&nbsp; estar\u00e1n &nbsp;gobernando simult\u00e1neamente.<\/p>\n\n\n\n<p class=\"wp-block-paragraph\">S\u00ed, reafirm\u00f3 Martha Tagle Mart\u00ednez, &nbsp;el panorama cambi\u00f3. La diputada de Movimiento Ciudadano exalt\u00f3 a la paridad; &nbsp;urge una verdadera alianza entre mujeres, dijo a su vez la experimentada Amalia Garc\u00eda Medina &nbsp;ex gobernadora de Zacatecas, la magistrada Janine Madeline Ot\u00e1lora Malassi&nbsp;dijo que al impacto jur\u00eddico de la paridad, se suma su contribuci\u00f3n a la mejora de la vida ciudadana.<\/p>\n\n\n\n<p class=\"wp-block-paragraph\">La diputada perredista Ver\u00f3nica Ju\u00e1rez Pi\u00f1a, coordinadora de su partido en la C\u00e1mara, se\u00f1al\u00f3 los temas de las diferencias y la concentraci\u00f3n de poder en la Junta de Coordinaci\u00f3n Pol\u00edtica; Flavia Freidenberg, de la OEA&nbsp; sugiri\u00f3 mejorar los sistemas de informaci\u00f3n, para tener una cuenta y seguimiento&nbsp; de iniciativas.<\/p>\n\n\n\n<h2 class=\"wp-block-heading\">Los dichos<\/h2>\n\n\n\n<p class=\"wp-block-paragraph\">El avance de las mujeres en la paridad de g\u00e9nero y en el espacio de toma de decisiones ha sido muy importante en los \u00faltimos a\u00f1os, dando como resultado que por segunda ocasi\u00f3n se tendr\u00e1 un Congreso de la Uni\u00f3n&nbsp; paritario y siete mujeres estar\u00e1n gobernando al mismo tiempo, &nbsp;fueron temas destacados&nbsp; entre quienes participaron &nbsp;en el Seminario \u201cEl Congreso de M\u00e9xico necesita. Una reforma urgente\u201d.<\/p>\n\n\n\n<p class=\"wp-block-paragraph\">La diputada Martha Tagle Mart\u00ednez, integrante de la LXIV Legislatura de la Paridad de G\u00e9nero, dijo que nadie &nbsp;puede decir que no se ha dado &nbsp;cuenta que ha cambiado la configuraci\u00f3n del Congreso y que tiene que ver con la paridad, que incluso habr\u00e1 varios congresos locales que tendr\u00e1n m\u00e1s mujeres que hombres, y que es importante que el Congreso retome su papel de contrapeso como representaci\u00f3n pol\u00edtica de la ciudadan\u00eda.<\/p>\n\n\n\n<p class=\"wp-block-paragraph\">Janine Madeline Ot\u00e1lora Malassis, magistrada del Tribunal Electoral del Poder Judicial de la Federaci\u00f3n (TEPJF), destac\u00f3 que la agenda de g\u00e9nero y la paridad tienen un impacto jur\u00eddico y no solo en el bienestar de las mujeres sino en toda la ciudadan\u00eda porque est\u00e1 \u00edntimamente relacionadas a la cultura de la igualdad y el respeto a la dignidad humana.<\/p>\n\n\n\n<p class=\"wp-block-paragraph\">Refiri\u00f3 que desde que tenemos el derecho al voto en M\u00e9xico, el 98 por ciento de los gobernadores electos han sido varones, solo el dos por ciento han sido mujeres en las gubernaturas y adem\u00e1s entre una y otras&nbsp; hubo muchos a\u00f1os, &nbsp;periodos sumamente largos.&nbsp;&nbsp;<\/p>\n\n\n\n<p class=\"wp-block-paragraph\">Carla Astrid Humphrey Jord\u00e1n, consejera de n\u00famero &nbsp;del Instituto Nacional Electoral (INE), indic\u00f3 que en este proceso electoral una novedad fue la aprobaci\u00f3n de la reforma de paridad total,&nbsp; &nbsp;un avance importante. As\u00ed &nbsp;junto a la jefa de gobierno de la Ciudad de M\u00e9xico y las reci\u00e9n electas seis gobernadores en los&nbsp; comicios del 6 de junio estar\u00e1n 7 mujeres gobernando sus estados simult\u00e1neamente.<\/p>\n\n\n\n<p class=\"wp-block-paragraph\">Respecto a la reforma en materia de violencia pol\u00edtica dijo que esta aplica e incide para las mujeres que est\u00e1n ejerciendo cargos p\u00fablicos. No solo las autoridades electorales sino todas las autoridades en este pa\u00eds est\u00e1n obligadas a combatir la violencia pol\u00edtica en raz\u00f3n de g\u00e9nero y hay que detonar estas v\u00edas para que otras soberan\u00edas act\u00faen en este tema.<\/p>\n\n\n\n<p class=\"wp-block-paragraph\">Amalia Garc\u00eda Medina, diputada federal electa por Movimiento Ciudadano &nbsp;para la LXV legislatura, expres\u00f3 que al hablar de que es tiempo de las mujeres la pregunta es \u201cpara qu\u00e9 queremos paridad, para qu\u00e9 queremos estar donde se decide, en el Legislativo, y qu\u00e9 cambios traer\u00edan en la vida de las mujeres\u201d. Plante\u00f3 crear alianzas entre mujeres que se encuentran en \u00e1mbitos de decisi\u00f3n, la academia, la sociedad, en los distintos poderes, para avanzar en asuntos fundamentales.<\/p>\n\n\n\n<p class=\"wp-block-paragraph\">Flor Dessir\u00e9 Le\u00f3n Hern\u00e1ndez, presidenta del Instituto de la Mujer del Estado de Morelos, afirm\u00f3 que el Congreso se\u00f1al\u00f3 que en el caso de las legislaturas que empezar\u00e1n en septiembre, la agenda de las mujeres ind\u00edgenas debe estar presente, ser tomada en cuenta y hacerla una realidad. Que los presupuestos pongan los ojos en pol\u00edticas de prevenci\u00f3n y alertas de violencia de g\u00e9nero, porque &nbsp;esto, en &nbsp;los congresos locales ser\u00e1 &nbsp;fundamentales.<\/p>\n\n\n\n<p class=\"wp-block-paragraph\">A su vez, Flavia Freidenberg coordinadora del Observatorio de Reformas en Am\u00e9rica Latina del Instituto de Investigaciones Jur\u00eddicas, de la UNAM, y de la Organizaci\u00f3n de Estados Americanos, pidi\u00f3 que en cada congreso donde hay &nbsp;unidades de igualdad, se ampl\u00ede la &nbsp;informaci\u00f3n y as\u00ed &nbsp;poder \u201carticular e identificar las iniciativas en las que tenemos que apoyar t\u00e9cnicamente a las legisladoras en los estados para mejorar esa legislaci\u00f3n\u201d.<\/p>\n\n\n\n<p class=\"wp-block-paragraph\">Por otra parte, con el tema \u00bfPor qu\u00e9 unos Diputados tienen mayor poder que otros? se realiz\u00f3 el an\u00e1lisis del papel que desempe\u00f1a la Junta de Coordinaci\u00f3n Pol\u00edtica y los grupos parlamentarios, y c\u00f3mo fortalecer al Congreso de la Uni\u00f3n y las decisiones pol\u00edticas que se pueden tomar.<\/p>\n\n\n\n<p class=\"wp-block-paragraph\">La diputada Ver\u00f3nica Ju\u00e1rez Pi\u00f1a, coordinadora del grupo parlamentario del PRD Se\u00f1al\u00f3 que hace 47 a\u00f1os M\u00e9xico consagr\u00f3 en su texto constitucional el principio de la igualdad ante la ley entre hombre y mujeres, as\u00ed todas las personas en nuestro pa\u00eds constitucionalmente gozamos de los mismos derechos y obligaciones.<\/p>\n\n\n\n<p class=\"wp-block-paragraph\">\u201cEste principio se traslada por v\u00eda de la representaci\u00f3n a quienes ostentan el mandato a la ciudadan\u00eda para ejercer el cargo de diputadas y diputados, y aunque en la teor\u00eda todas y todos los legisladores somos pares, aqu\u00ed se ha expresado que existen diferencias\u201d.&nbsp;<\/p>\n\n\n\n<p class=\"wp-block-paragraph\">A su vez, la periodista Ivonne Melgar Navas, de Grupo Imagen Multimedia, se\u00f1al\u00f3 que la reforma de fondo se trata de que todos en el Congreso tengan el mismo poder como representantes de los electores. Plante\u00f3 que la C\u00e1mara de Diputados debe recuperar el papel de la Auditor\u00eda Superior y la vigilancia del presupuesto, porque hay un retroceso en la fiscalizaci\u00f3n; recobrar su facultad de investigaci\u00f3n.<\/p>\n\n\n\n<p class=\"wp-block-paragraph\">Mariana Niembro Mart\u00ednez, directora de Borde Pol\u00edtico, indic\u00f3 que se debe avanzar en fortalecer al Congreso como contrapeso y es urgente una reforma en materia de parlamento abierto, que quiere decir m\u00e1s transparencia, espacios de participaci\u00f3n, e innovar procesos y plataformas tecnol\u00f3gicas que tengan m\u00e1s comunicaci\u00f3n con la ciudadan\u00eda.<\/p>\n\n\n\n<h2 class=\"wp-block-heading\"><strong>El Congreso debe revalorar la representaci\u00f3n proporcional<\/strong><\/h2>\n\n\n\n<p class=\"wp-block-paragraph\">Por otra parte, el consejero presidente del Instituto Nacional Electoral (INE), Lorenzo C\u00f3rdova Vianello indic\u00f3 que, de acuerdo con los c\u00f3mputos distritales del INE, la pr\u00f3xima legislatura volver\u00e1 a ser paritaria, pues estar\u00e1 integrada con 248 mujeres legisladoras y 252 hombres. Adem\u00e1s, indico que de las 500 curules que integrar\u00e1n la LXV Legislatura, 152 fueron por reelecci\u00f3n.<\/p>\n\n\n\n<p class=\"wp-block-paragraph\">Abund\u00f3 que el congreso debe revalorar la representaci\u00f3n proporcional, ya que esta ha sido clave para la transici\u00f3n pol\u00edtica, es decir, permiti\u00f3 transitar de un r\u00e9gimen autoritario que caracterizo al siglo XX a uno democr\u00e1tico.<\/p>\n\n\n\n<p class=\"wp-block-paragraph\">Abund\u00f3 que es necesario avanzar hacia un esquema donde la proporci\u00f3n de votos recibidos de las distintas fuerzas pol\u00edticas y la proporci\u00f3n de esca\u00f1os sean similares.<\/p>\n\n\n\n<p class=\"wp-block-paragraph\">Ante una eventual reforma electoral dijo que es fundamental conocer que el 52.6 por ciento del total de votantes potenciales emitieron un voto diferenciado en favor de una naci\u00f3n con divisi\u00f3n y equilibrio de poderes. Subrayo que ninguna fuerza pol\u00edtica puede dar por asegurado ni el triunfo propio ni el rechazo de los contrarios.&nbsp;<\/p>\n","protected":false},"excerpt":{"rendered":"<p>Analizan la paridad legislativa, sus  impactos, sus retos y desaf\u00edos: urge una alianza entre todas las mujeres<\/p>\n","protected":false},"author":3,"featured_media":38504,"comment_status":"open","ping_status":"open","sticky":false,"template":"","format":"standard","meta":{"_monsterinsights_skip_tracking":false,"footnotes":""},"categories":[692,50],"tags":[],"class_list":["post-38503","post","type-post","status-publish","format-standard","has-post-thumbnail","category-692","category-congreso"],"_links":{"self":[{"href":"https:\/\/redsemlac.com\/semmexico\/wp-json\/wp\/v2\/posts\/38503","targetHints":{"allow":["GET"]}}],"collection":[{"href":"https:\/\/redsemlac.com\/semmexico\/wp-json\/wp\/v2\/posts"}],"about":[{"href":"https:\/\/redsemlac.com\/semmexico\/wp-json\/wp\/v2\/types\/post"}],"author":[{"embeddable":true,"href":"https:\/\/redsemlac.com\/semmexico\/wp-json\/wp\/v2\/users\/3"}],"replies":[{"embeddable":true,"href":"https:\/\/redsemlac.com\/semmexico\/wp-json\/wp\/v2\/comments?post=38503"}],"version-history":[{"count":0,"href":"https:\/\/redsemlac.com\/semmexico\/wp-json\/wp\/v2\/posts\/38503\/revisions"}],"wp:featuredmedia":[{"embeddable":true,"href":"https:\/\/redsemlac.com\/semmexico\/wp-json\/wp\/v2\/media\/38504"}],"wp:attachment":[{"href":"https:\/\/redsemlac.com\/semmexico\/wp-json\/wp\/v2\/media?parent=38503"}],"wp:term":[{"taxonomy":"category","embeddable":true,"href":"https:\/\/redsemlac.com\/semmexico\/wp-json\/wp\/v2\/categories?post=38503"},{"taxonomy":"post_tag","embeddable":true,"href":"https:\/\/redsemlac.com\/semmexico\/wp-json\/wp\/v2\/tags?post=38503"}],"curies":[{"name":"wp","href":"https:\/\/api.w.org\/{rel}","templated":true}]}}