{"id":38500,"date":"2021-07-23T10:07:50","date_gmt":"2021-07-23T16:07:50","guid":{"rendered":"https:\/\/redsemlac.com\/semmexico\/?p=38500"},"modified":"2023-07-21T17:04:34","modified_gmt":"2023-07-21T22:04:34","slug":"comision-permanente-exhorta-a-semarnap-a-impulsar-liderazgo-de-mujeres-en-la-gestion-ambiental","status":"publish","type":"post","link":"https:\/\/redsemlac.com\/semmexico\/comision-permanente-exhorta-a-semarnap-a-impulsar-liderazgo-de-mujeres-en-la-gestion-ambiental\/","title":{"rendered":"Comisi\u00f3n Permanente exhorta a Semarnap a impulsar liderazgo de mujeres en la gesti\u00f3n ambiental"},"content":{"rendered":"\n<ul class=\"wp-block-list\"><li><strong>Urge incluir la perspectiva de g\u00e9nero en el financiamiento de acciones para la preservaci\u00f3n y restauraci\u00f3n del equilibrio ecol\u00f3gico<\/strong><\/li><li><strong>X\u00f3chitl G\u00e1lvez Ruiz, del PAN, pidi\u00f3 afrontar los efectos del cambio clim\u00e1tico ante fen\u00f3menos como la sequ\u00eda prolongada<\/strong><\/li><\/ul>\n\n\n\n<p class=\"wp-block-paragraph\"><strong>Elda Montiel<\/strong><\/p>\n\n\n\n<p class=\"wp-block-paragraph\">SemM\u00e9xico, Cd. de M\u00e9xico, 23 de julio 2021.- El dictamen para impulsar la participaci\u00f3n de las mujeres en cargos de liderazgo en la gesti\u00f3n ambiental, a fin de generar condiciones de igualdad en la toma de decisiones contra el cambio clim\u00e1tico fue aprobado por la Comisi\u00f3n Permanente.<\/p>\n\n\n\n<p class=\"wp-block-paragraph\">Adem\u00e1s se exhort\u00f3 a la Secretar\u00eda de Medio Ambiente y Recursos Naturales, al Instituto Nacional de las Mujeres y a sus hom\u00f3logas en las 32 entidades federativas, para que impulsen acciones que permitan aumentar la proporci\u00f3n de mujeres en cargos de liderazgo y toma de decisiones en la gesti\u00f3n ambiental.&nbsp;<\/p>\n\n\n\n<p class=\"wp-block-paragraph\">Asimismo, se pidi\u00f3 incluir la perspectiva de g\u00e9nero en el financiamiento de acciones para la preservaci\u00f3n y restauraci\u00f3n del equilibrio ecol\u00f3gico, y el combate al cambio clim\u00e1tico.&nbsp;<\/p>\n\n\n\n<p class=\"wp-block-paragraph\">La diputada Zulma Espinoza Mata del Partido Verde Ecologista de M\u00e9xico (PVEM) quien presento la propuesta, advirti\u00f3 que la desigualdad de g\u00e9nero limita el acceso de las mujeres a los recursos productivos, financieros y naturales.&nbsp;<\/p>\n\n\n\n<p class=\"wp-block-paragraph\">Dijo que ellas tienen un acceso m\u00e1s restringido a la propiedad de la tierra y menos control de otros recursos, as\u00ed como una mayor limitaci\u00f3n para acceder a los espacios de negociaci\u00f3n y toma de decisiones.&nbsp;<\/p>\n\n\n\n<p class=\"wp-block-paragraph\">Destac\u00f3 que en Am\u00e9rica Latina se reconoce que las mujeres han sido administradoras invisibles y cotidianas del medio ambiente, por lo que se ha apelado a su rol como educadoras ambientales, sin contrarrestar la situaci\u00f3n de desventaja que enfrentan, producto de la inequidad de g\u00e9nero. &nbsp;<\/p>\n\n\n\n<p class=\"wp-block-paragraph\">Preciso que, en los \u00faltimos 10 a\u00f1os, pese a los numerosos compromisos con el medio ambiente por parte de los gobiernos nacionales y la comunidad internacional, se ha visto un grave deterioro de la salud del planeta. &nbsp;<\/p>\n\n\n\n<p class=\"wp-block-paragraph\"><br>La senadora X\u00f3chitl G\u00e1lvez Ruiz, del PAN, destac\u00f3 la importancia de afrontar los efectos del cambio clim\u00e1tico, no s\u00f3lo en nuestro pa\u00eds, sino en el planeta, que se reflejan en fen\u00f3menos como la sequ\u00eda prolongada. &nbsp;<br><br>Mientras la diputada de Morena, Mar\u00eda de los \u00c1ngeles Huerta del R\u00edo, celebr\u00f3 que el dictamen incluya la participaci\u00f3n de las mujeres en la protecci\u00f3n y preservaci\u00f3n del medio ambiente, ya que la inclusi\u00f3n que ha tenido en el actual Gobierno ha demostrado que pueden aportar a la vida p\u00fablica y a la reconstrucci\u00f3n del pa\u00eds.&nbsp;<\/p>\n","protected":false},"excerpt":{"rendered":"<p>Urge incluir la perspectiva de g\u00e9nero en el financiamiento de acciones para la preservaci\u00f3n y restauraci\u00f3n del equilibrio ecol\u00f3gico<\/p>\n","protected":false},"author":3,"featured_media":38501,"comment_status":"open","ping_status":"open","sticky":false,"template":"","format":"standard","meta":{"_monsterinsights_skip_tracking":false,"footnotes":""},"categories":[692,50],"tags":[],"class_list":["post-38500","post","type-post","status-publish","format-standard","has-post-thumbnail","category-692","category-congreso"],"_links":{"self":[{"href":"https:\/\/redsemlac.com\/semmexico\/wp-json\/wp\/v2\/posts\/38500","targetHints":{"allow":["GET"]}}],"collection":[{"href":"https:\/\/redsemlac.com\/semmexico\/wp-json\/wp\/v2\/posts"}],"about":[{"href":"https:\/\/redsemlac.com\/semmexico\/wp-json\/wp\/v2\/types\/post"}],"author":[{"embeddable":true,"href":"https:\/\/redsemlac.com\/semmexico\/wp-json\/wp\/v2\/users\/3"}],"replies":[{"embeddable":true,"href":"https:\/\/redsemlac.com\/semmexico\/wp-json\/wp\/v2\/comments?post=38500"}],"version-history":[{"count":0,"href":"https:\/\/redsemlac.com\/semmexico\/wp-json\/wp\/v2\/posts\/38500\/revisions"}],"wp:featuredmedia":[{"embeddable":true,"href":"https:\/\/redsemlac.com\/semmexico\/wp-json\/wp\/v2\/media\/38501"}],"wp:attachment":[{"href":"https:\/\/redsemlac.com\/semmexico\/wp-json\/wp\/v2\/media?parent=38500"}],"wp:term":[{"taxonomy":"category","embeddable":true,"href":"https:\/\/redsemlac.com\/semmexico\/wp-json\/wp\/v2\/categories?post=38500"},{"taxonomy":"post_tag","embeddable":true,"href":"https:\/\/redsemlac.com\/semmexico\/wp-json\/wp\/v2\/tags?post=38500"}],"curies":[{"name":"wp","href":"https:\/\/api.w.org\/{rel}","templated":true}]}}