{"id":38498,"date":"2021-07-23T10:05:09","date_gmt":"2021-07-23T16:05:09","guid":{"rendered":"https:\/\/redsemlac.com\/semmexico\/?p=38498"},"modified":"2023-07-21T17:04:34","modified_gmt":"2023-07-21T22:04:34","slug":"maleficos","status":"publish","type":"post","link":"https:\/\/redsemlac.com\/semmexico\/maleficos\/","title":{"rendered":"Mal\u00e9ficos"},"content":{"rendered":"\n<h2 class=\"wp-block-heading\"><strong>ENTRESEMANA<\/strong><\/h2>\n\n\n\n<p class=\"wp-block-paragraph\"><strong>MOIS\u00c9S S\u00c1NCHEZ LIM\u00d3N<\/strong><\/p>\n\n\n\n<p class=\"wp-block-paragraph\">SemM\u00e9xico. Cd. de M\u00e9xico. 23 de julio 2021.- En esto del distractor llamado Pegasus \u00bfqu\u00e9 le parece si conjugamos el verbo espiar y concluimos con el verbo impune?<\/p>\n\n\n\n<p class=\"wp-block-paragraph\">El tema del espionaje pol\u00edtico es viejo, tanto que Su Alteza Seren\u00edsima lo conoci\u00f3 en sus inicios como priista distinguido y aspirante al gobierno de Tabasco y, luego, en calidad de perredista relevante corrobor\u00f3 en aquellos tiempos en que engatusaba con el \u201c\u00c9xodo por la democracia\u201d, cuando march\u00f3 entre noviembre de 1991 y enero de 1992 desde Villahermosa, Tabasco y hasta el entonces Distrito Federal, en protesta por el presunto fraude electoral del que acus\u00f3 al mal\u00e9fico Carlos Salinas y al PRI.<\/p>\n\n\n\n<p class=\"wp-block-paragraph\">Bien. \u00bfRecuerda usted aquellas cajas apiladas en el Z\u00f3calo con dizque pruebas del fraude electoral cometido en seis municipios tabasque\u00f1os? \u00a1Estaban vac\u00edas!, pero Andr\u00e9s Manuel logr\u00f3 un acuerdo en el que estuvieron involucrados los entonces secretario de Gobernaci\u00f3n, Fernando Guti\u00e9rrez Barrios, y el jefe del Departamento del Distrito Federal, Manuel Camacho Sol\u00eds.<\/p>\n\n\n\n<p class=\"wp-block-paragraph\">En esos d\u00edas, Marcelo Ebrard Casaubon se desempe\u00f1aba como secretario General del PRI en la capital del pa\u00eds y fue parte de la estrategia del Revolucionario Institucional que arras\u00f3 en las elecciones intermedias (320 diputados y 61 de 65 esca\u00f1os en el Senado) en plenitud del horrible gobierno neoliberal de Carlos Salinas de Gortari.<\/p>\n\n\n\n<p class=\"wp-block-paragraph\">\u00bfQu\u00e9 gan\u00f3 el entonces perredista aprendiz de Duce? Bueno, adem\u00e1s de una buena mochada millonaria para levantar el plant\u00f3n en el Z\u00f3calo y retornar con sus huestes a Tabasco, logr\u00f3 que el PRD encabezara el concejo municipal de C\u00e1rdenas; en los municipios de Nacajuca y Macuspana se anul\u00f3 la elecci\u00f3n \u00bfy qu\u00e9 cree usted?, el PRI encabez\u00f3 los concejos mixtos municipales. P\u00edrrica victoria del \u201c\u00c9xodo por la democracia\u201d.<\/p>\n\n\n\n<p class=\"wp-block-paragraph\">El tema viene al caso porque en la ma\u00f1anera de media semana, el Duce record\u00f3 aquellos d\u00edas en los que fue llamado por Guti\u00e9rrez Barrios, para abordar este tema del plant\u00f3n y la demanda de anular la elecci\u00f3n en seis municipios tabasque\u00f1os. Hoy dice que no interpondr\u00e1 denuncia alguna porque fue espiado; deja el caso en manos del eficiente fiscal Alejandro Gertz Manero, a quien poco ve\u2026 bueno, eso dice. Pero.<\/p>\n\n\n\n<p class=\"wp-block-paragraph\">\u00bfLo grab\u00f3 don Fernando en aquella negociaci\u00f3n en la que junto con esa p\u00edrrica anulaci\u00f3n electoral en tres de los seis municipios involucrados obtuvo una millonaria compensaci\u00f3n? \u00bfDe qu\u00e9 platicaron y c\u00f3mo transit\u00f3 ese di\u00e1logo en la oficina principal del Palacio de Cobi\u00e1n?<\/p>\n\n\n\n<p class=\"wp-block-paragraph\">\u201cYo recuerdo \u2013dijo el licenciado presidente L\u00f3pez Obrador&#8211; que me llam\u00f3 la atenci\u00f3n, primero, una entrevista en los tiempos que fui opositor, hace alg\u00fan tiempo, cuando el \u00c9xodo por la Democracia, que tuve tratos con Guti\u00e9rrez Barrios y fui a su oficina en Gobernaci\u00f3n, y ten\u00eda como dos o tres cosas:<\/p>\n\n\n\n<p class=\"wp-block-paragraph\">\u201cUna como una fuentecita de agua -estoy hablando del secretario de Gobernaci\u00f3n, Guti\u00e9rrez Barrios- que porque el agua distorsionaba cualquier intento de escucha, de intervenci\u00f3n.&nbsp;Luego, la m\u00fasica. Esto en 1990, hace m\u00e1s de 30 a\u00f1os\u201d.<\/p>\n\n\n\n<p class=\"wp-block-paragraph\">Amnesia selectiva del Duce. La entrevista con Guti\u00e9rrez Barrios, fue en enero de 1992. Y sin duda alguna fue grabada. Era y es una pr\u00e1ctica elemental en las ligas mayores y menores de la pol\u00edtica y el ejercicio del poder en todo el mundo.<\/p>\n\n\n\n<p class=\"wp-block-paragraph\">Por ello, este escandalito del espionaje y el desempolvar el caso de Pegasus para rasgarse las vestiduras y echarse ceniza en la cabeza para santiguarse y exorcizar a los malditos y perversos neoliberales que montaron el aparato para espiar al contrincante y al propio compa\u00f1ero, tiene todas las caracter\u00edsticas de un distractor.<\/p>\n\n\n\n<p class=\"wp-block-paragraph\">Porque, d\u00edgame usted, qu\u00e9 ha ocurrido con la tragedia de la L\u00ednea 12 del Metro; qu\u00e9 hay con ese enredo de las vacunas que no andaban perdidas por no las encuentran; \u00bfd\u00f3nde est\u00e1n los medicamentos que se presume fueron adquiridos pero no llegan a los hospitales?<\/p>\n\n\n\n<p class=\"wp-block-paragraph\">Y, vaya, Su Alteza Seren\u00edsima presume que la econom\u00eda est\u00e1 de perlas pero la inflaci\u00f3n tiende a doblar el porcentaje con el que cerr\u00f3 el pasado periodo fiscal; la tarifa de combustibles no baja y el costo de la canasta b\u00e1sica se ha disparado. \u00bfAlguien puede rendir cuentas del sobreprecio en la construcci\u00f3n del Aeropuerto Felipe \u00c1ngeles?<\/p>\n\n\n\n<p class=\"wp-block-paragraph\">En fin, la administraci\u00f3n &nbsp;del licenciado Andr\u00e9s Manuel carece de asideros que demuestren logros. Y pol\u00edticamente el corporativo Morena, S.A acusa severos da\u00f1os, tantos que en el gobierno de la Ciudad de M\u00e9xico debi\u00f3 aplicarse un cambio con el nombramiento del senador Mart\u00ed Batres Guadarrama en la Secretar\u00eda de Gobierno, es decir, como segundo en el mando despu\u00e9s de Claudia Sheinbaum cuyo desempe\u00f1o tiene graves problemas con la p\u00e9rdida de alcald\u00edas a manos de la oposici\u00f3n del PAN, PRI, PRD.<\/p>\n\n\n\n<p class=\"wp-block-paragraph\">\u00bfQu\u00e9 importancia tiene azuzar el esc\u00e1ndalo del espionaje? \u00bfQui\u00e9nes han ido a prisi\u00f3n por esta vieja pr\u00e1ctica?<\/p>\n\n\n\n<p class=\"wp-block-paragraph\">\u201cBueno, todo esto tiene que ver con el antiguo r\u00e9gimen, eran las pr\u00e1cticas para tener el control, para intimidar, manipular, para imponerse.&nbsp;Esto fue un distintivo durante todo el periodo neoliberal, pr\u00e1cticamente todos los gobiernos, incluso desde antes, pero se fue perfeccionando el espionaje a partir de una etapa nueva que se inicia con Carlos Salinas, con el Cisen\u201d, refiri\u00f3 Su Alteza Seren\u00edsima y con ello, sin querer queriendo, dio un ment\u00eds al escandalito del verbo espiar.<\/p>\n\n\n\n<p class=\"wp-block-paragraph\">Porque, abund\u00f3 Andr\u00e9s Manuel, \u201cnadie debe de ser espiado, se debe de respetar a opositores y los sistemas de inteligencia pues tienen que estar orientados a la defensa y a la protecci\u00f3n de la seguridad de los Estados, la seguridad nacional, para garantizar la paz, la tranquilidad, enfrentar la delincuencia organizada; pero no puede utilizarse el espionaje con prop\u00f3sitos pol\u00edticos, que era lo que predominaba. Entonces, tenemos que cambiar\u201d.&nbsp;\u00bfEn serio?&nbsp;<\/p>\n\n\n\n<p class=\"wp-block-paragraph\">Y, bueno, sostuvo con cierta alegr\u00eda, \u201cqu\u00e9 bien la fiscal\u00eda ha iniciado una investigaci\u00f3n. Que se profundice, que se presenten m\u00e1s elementos, que se ventile todo este asunto, sobre todo, insisto, el costo, porque era un jugoso negocio tanto de las empresas como de los funcionarios.<\/p>\n\n\n\n<p class=\"wp-block-paragraph\">\u201cImag\u00ednese un contrato\u2026 \u00bfCu\u00e1nto fue el de Pegasus?\u201d, pregunt\u00f3 y de inmediato Santiago Nieto Castillo respondi\u00f3: \u201cTreinta y dos millones de d\u00f3lares\u201d.<\/p>\n\n\n\n<p class=\"wp-block-paragraph\">S\u00ed, esos neoliberales y los que les antecedieron, cuyos agentes y polic\u00edas secretos se colgaban de los alambres telef\u00f3nicos y espiaban. Abundan las voces de los expertos, se desperezan aquellos que fueron espiados. \u00bfY?<\/p>\n\n\n\n<p class=\"wp-block-paragraph\">Vaya, vaya, impresiona que el jefe de la Unidad de Inteligencia Financiera, Santiago Nieto, \u00a1descubri\u00f3!, \u201cuna lista de 207 personas pol\u00edticamente expuestas, denominada \u201cmal\u00e9ficos\u201d elaborada por la administraci\u00f3n anterior (la de Pe\u00f1a Nieto). La relaci\u00f3n est\u00e1 encabezada por el Presidente @L\u00f3pez Obrador .y la doctora @BeatrizGMiller . Presentar\u00e9 una denuncia ante las autoridades\u201d, rubric\u00f3 en su cuenta de Twitter @SNietoCastillo\u201d.<\/p>\n\n\n\n<p class=\"wp-block-paragraph\">Por supuesto, por supuesto, se trata de un delito y debe castigarse a los responsables. Pero, hoy como en otros tiempos del siglo pasado, los esp\u00edas transitan en la impunidad. \u00bfSantiago Nieto presentar\u00e1 la denuncia? \u00bfContra qui\u00e9n o qui\u00e9nes?<\/p>\n\n\n\n<p class=\"wp-block-paragraph\">Marcelo Ebrard cuando jefe de Gobierno del entonces Distrito Federal supo de esa pr\u00e1ctica; incluso fue se\u00f1alado como responsable de haber montado una especie de Cisen capitalino en el s\u00e9ptimo piso de un edificio que exist\u00eda en el lado sur del Hotel Fiesta Americana, en Paseo de la Reforma esquina con Morelos.<\/p>\n\n\n\n<p class=\"wp-block-paragraph\">Hoy se asume que el gobierno de Su Alteza Seren\u00edsima no practica el espionaje pol\u00edtico. Pero, qui\u00e9n lo garantiza cuando este mecanismo es elemental para la seguridad nacional. La Secretar\u00eda de la Defensa Nacional tiene una Secci\u00f3n especializada en esta tarea; la Secretar\u00eda de Marina opera otro mecanismo similar que ha funcionado con el respaldo de la DEA en el rastreo de bandas del crimen organizado. Aunque la orden de abrazos no balazos lo ha vuelto equipo de ornato.<\/p>\n\n\n\n<p class=\"wp-block-paragraph\">\u00bfC\u00f3mo cree usted que se ubic\u00f3 a Ovidio Guzm\u00e1n en Culiac\u00e1n, Sinaloa? \u00bfFue el pueblo el que dio el pitazo a las fuerzas especiales? El licenciado presidente presume recurrentemente que est\u00e1 bien informado. \u00bfCu\u00e1les son sus fuentes? \u00bfQu\u00e9 ha sido de los equipos utilizados en el desmantelado Cisen?<\/p>\n\n\n\n<p class=\"wp-block-paragraph\">La licenciada Ana Elizabeth Garc\u00eda Vilchis descubri\u00f3 el hilo negro en la ma\u00f1anera, en ese su espacio para desmentir a la prensa.<\/p>\n\n\n\n<p class=\"wp-block-paragraph\">\u201c(\u2026) queremos mencionar muy puntualmente el tema de la investigaci\u00f3n global sobre el programa de espionaje Pegasus, creado por una empresa israel\u00ed, que se ha convertido en un esc\u00e1ndalo internacional.&nbsp;<\/p>\n\n\n\n<p class=\"wp-block-paragraph\">\u201cSeg\u00fan documentaron 80 periodistas de 17 pa\u00edses, entre 2016 y 2017 fueron espiados m\u00e1s de 50 mil tel\u00e9fonos en todo el mundo. En M\u00e9xico, durante el gobierno de Enrique Pe\u00f1a Nieto, fueron intervenidos 15 mil celulares, entre los que se encuentran 180 periodistas y 600 pol\u00edticos, incluyendo a 50 personas del c\u00edrculo m\u00e1s cercano del presidente Andr\u00e9s Manuel L\u00f3pez Obrador, como su esposa y sus hijos\u201d.&nbsp;\u00a1Sopas!&nbsp;<\/p>\n\n\n\n<p class=\"wp-block-paragraph\">Y luego, entorn\u00f3 la mirada y alz\u00f3 la voz: \u201cAl respecto, el Gobierno de M\u00e9xico condena este tipo de actos que atentan contra las libertades individuales y colectivas, as\u00ed como el derecho a la privacidad que tenemos todas y todos\u201d.&nbsp;<\/p>\n\n\n\n<p class=\"wp-block-paragraph\">\u00bfPor qu\u00e9, licenciada Garc\u00eda Vilchis?, le habr\u00eda preguntado y, fiel al dictado de Su Alteza Seren\u00edsima, puntualiz\u00f3:<\/p>\n\n\n\n<p class=\"wp-block-paragraph\">\u201cS\u00f3lo un gobierno autoritario que le tiene miedo a la gente puede vigilar a los ciudadanos. El gobierno encabezado por el presidente Andr\u00e9s Manuel L\u00f3pez Obrador respeta plenamente la libertad de expresi\u00f3n de todas y todos, y no esp\u00eda, persigue o reprime a periodistas u opositores\u201d.<\/p>\n\n\n\n<p class=\"wp-block-paragraph\">En serio, no se r\u00eda. Hace tres d\u00e9cadas Manuel Camacho Sol\u00eds denunci\u00f3 que era espiado y lo mismo hicieron otros pol\u00edticos que espiaban y eran espiados.<\/p>\n\n\n\n<p class=\"wp-block-paragraph\">Es viejo el tema de Pegasus y no hay en prisi\u00f3n un solo responsable. \u00bfQui\u00e9n o qui\u00e9nes tienen los archivos? \u00bfAndr\u00e9s Manuel no esp\u00eda? Bueno, el Duce sabe que sus contrincantes y enemigos pol\u00edticos cuentan con informaci\u00f3n confidencial de sus andanzas. Por eso usa el tema como distractor y evita meterse a lo hondo del r\u00edo revuelto.<\/p>\n\n\n\n<p class=\"wp-block-paragraph\">S\u00ed, que se proceda penalmente contra los responsables del espionaje que pone en riesgo a todo el mundo. Los periodistas, de siempre hemos sido espiados y perseguidos; en la Secretar\u00eda de Gobernaci\u00f3n debe existir el expediente. \u00bfO lo perdi\u00f3 do\u00f1a Olga? Digo.<\/p>\n\n\n\n<p class=\"wp-block-paragraph\"><a rel=\"noreferrer noopener\" href=\"mailto:sanchezlimon@gmail.com\" target=\"_blank\">sanchezlimon@gmail.com<\/a><\/p>\n\n\n\n<p class=\"wp-block-paragraph\"><a rel=\"noreferrer noopener\" href=\"http:\/\/www.entresemana.mx\/\" target=\"_blank\">www.entresemana.mx<\/a><\/p>\n\n\n\n<p class=\"wp-block-paragraph\">@msanchezlimon @msanchezlimon1<\/p>\n","protected":false},"excerpt":{"rendered":"<p>En esto del distractor llamado Pegasus \u00bfqu\u00e9 le parece si conjugamos el verbo espiar y concluimos con el verbo impune?<\/p>\n","protected":false},"author":3,"featured_media":15805,"comment_status":"open","ping_status":"open","sticky":false,"template":"","format":"standard","meta":{"_monsterinsights_skip_tracking":false,"footnotes":""},"categories":[692,105,83,35],"tags":[],"class_list":["post-38498","post","type-post","status-publish","format-standard","has-post-thumbnail","category-692","category-entresemana","category-moises-sanchez-limon","category-opinion"],"_links":{"self":[{"href":"https:\/\/redsemlac.com\/semmexico\/wp-json\/wp\/v2\/posts\/38498","targetHints":{"allow":["GET"]}}],"collection":[{"href":"https:\/\/redsemlac.com\/semmexico\/wp-json\/wp\/v2\/posts"}],"about":[{"href":"https:\/\/redsemlac.com\/semmexico\/wp-json\/wp\/v2\/types\/post"}],"author":[{"embeddable":true,"href":"https:\/\/redsemlac.com\/semmexico\/wp-json\/wp\/v2\/users\/3"}],"replies":[{"embeddable":true,"href":"https:\/\/redsemlac.com\/semmexico\/wp-json\/wp\/v2\/comments?post=38498"}],"version-history":[{"count":0,"href":"https:\/\/redsemlac.com\/semmexico\/wp-json\/wp\/v2\/posts\/38498\/revisions"}],"wp:featuredmedia":[{"embeddable":true,"href":"https:\/\/redsemlac.com\/semmexico\/wp-json\/wp\/v2\/media\/15805"}],"wp:attachment":[{"href":"https:\/\/redsemlac.com\/semmexico\/wp-json\/wp\/v2\/media?parent=38498"}],"wp:term":[{"taxonomy":"category","embeddable":true,"href":"https:\/\/redsemlac.com\/semmexico\/wp-json\/wp\/v2\/categories?post=38498"},{"taxonomy":"post_tag","embeddable":true,"href":"https:\/\/redsemlac.com\/semmexico\/wp-json\/wp\/v2\/tags?post=38498"}],"curies":[{"name":"wp","href":"https:\/\/api.w.org\/{rel}","templated":true}]}}