{"id":38495,"date":"2021-07-22T17:13:42","date_gmt":"2021-07-22T23:13:42","guid":{"rendered":"https:\/\/redsemlac.com\/semmexico\/?p=38495"},"modified":"2023-07-21T17:04:34","modified_gmt":"2023-07-21T22:04:34","slug":"las-mujeres-feministas-juegan-un-papel-crucial-para-el-estado-de-derecho-y-la-democracia-no-deben-ser-reprimidas","status":"publish","type":"post","link":"https:\/\/redsemlac.com\/semmexico\/las-mujeres-feministas-juegan-un-papel-crucial-para-el-estado-de-derecho-y-la-democracia-no-deben-ser-reprimidas\/","title":{"rendered":"Las mujeres feministas  juegan un papel crucial para el estado de derecho y la democracia, no deben ser reprimidas"},"content":{"rendered":"\n<ul class=\"wp-block-list\"><li><strong>La CIDH y ONU-DH llaman a los Estados de la regi\u00f3n a garantizar la libre manifestaci\u00f3n y la libertad de expresi\u00f3n de las mujeres<\/strong><\/li><\/ul>\n\n\n\n<p class=\"wp-block-paragraph\"><strong>Redacci\u00f3n<\/strong><\/p>\n\n\n\n<p class=\"wp-block-paragraph\">Ciudad de M\u00e9xico, 22 de julio de 2021. A parar la represi\u00f3n de feministas y mujeres que protestan y se manifiestan en distintos pa\u00edses de Am\u00e9rica Latina llam\u00f3 Naciones Unidas y advierte que el ejercicio del derecho a la protesta pac\u00edfica no debe impedirse por fuerzas de la seguridad y que reprimirlas atenta contra la democracia.<\/p>\n\n\n\n<p class=\"wp-block-paragraph\">Afirm\u00f3 que los Estados de la regi\u00f3n deben &nbsp;garantizar que toda restricci\u00f3n a la libertad de expresi\u00f3n y al derecho de reuni\u00f3n pac\u00edfica, incluyendo en el contexto de la pandemia, se ajuste a los est\u00e1ndares y normas internacionales y regionales de derechos humanos, tomando en cuenta que las mujeres defensoras juegan un papel fundamental en el desarrollo democr\u00e1tico de la sociedad, en el acceso a la justicia y el fortalecimiento del Estado de derecho.<\/p>\n\n\n\n<p class=\"wp-block-paragraph\">As\u00ed lo se\u00f1ala un comunicado conjunto &nbsp;firmado por la Comisi\u00f3n Interamericana de Derechos Humanos (CIDH), su Relator\u00eda Especial para la Libertad de Expresi\u00f3n (RELE) y la Oficina de la Alta Comisionada de las Naciones Unidas para los Derechos Humanos en Am\u00e9rica Latina (ONU-DH).<\/p>\n\n\n\n<p class=\"wp-block-paragraph\">Se\u00f1ala claramente que los Estados de la regi\u00f3n deben &nbsp;proteger a las mujeres en el contexto de las protestas pac\u00edficas y su participaci\u00f3n en los movimientos feministas, acci\u00f3n&nbsp; esencial para la plena vigencia de la democracia y el Estado de derecho.<\/p>\n\n\n\n<p class=\"wp-block-paragraph\">La CIDH, su RELE y ONU-DH han observado en varios pa\u00edses de la regi\u00f3n el incremento de protestas sociales lideradas, o en las que han participado grupos de mujeres, j\u00f3venes y ni\u00f1as, incluyendo manifestaciones exigiendo igualdad de g\u00e9nero y contra la discriminaci\u00f3n y la erradicaci\u00f3n de las distintas formas de violencia contra las mujeres.<\/p>\n\n\n\n<p class=\"wp-block-paragraph\">Sin embargo, advierten que, en el ejercicio del derecho a la protesta y reuni\u00f3n pac\u00edfica, frecuentemente son reprimidas de manera violenta por parte de integrantes de las fuerzas de seguridad, as\u00ed como por actores privados.<\/p>\n\n\n\n<p class=\"wp-block-paragraph\">\u201cSeg\u00fan la informaci\u00f3n recibida, en el marco de las protestas lideradas por mujeres o que involucran movimientos feministas en la regi\u00f3n, se habr\u00eda registrado en varias situaciones, hechos que van desde un uso excesivo de la fuerza, criminalizaci\u00f3n, estigmatizaci\u00f3n, intimidaci\u00f3n y amenazas, detenciones arbitrarias, uso indebido del derecho penal, hasta violencias de g\u00e9nero y violencia sexual, as\u00ed como ataques contra la vida e integridad de mujeres defensoras de derechos humanos\u201d, dijeron los organismos.<\/p>\n\n\n\n<p class=\"wp-block-paragraph\">Agregaron que, en el actual contexto de emergencia sanitaria por COVID-19, las restricciones a la libertad de circulaci\u00f3n y de reuni\u00f3n pac\u00edfica plantean dificultades adicionales respecto de las formas tradicionales de organizaci\u00f3n y acci\u00f3n colectiva y, en ocasiones, trasladan las actividades de defensa y promoci\u00f3n a plataformas en l\u00ednea u otras redes de apoyo.&nbsp; En este contexto, la CIDH, RELE y ONU Derechos Humanos observan con preocupaci\u00f3n un aumento en el uso de tecnolog\u00edas de la informaci\u00f3n para desacreditar a las mujeres defensoras y su labor, as\u00ed como para incitar a ejercer abusos contra sus derechos.<\/p>\n\n\n\n<p class=\"wp-block-paragraph\">En tal sentido, la CIDH, su RELE y ONU Derechos Humanos exhortaron a los Estados de la regi\u00f3n garantizar que toda restricci\u00f3n a la libertad de expresi\u00f3n y al derecho de reuni\u00f3n pac\u00edfica, incluyendo en el contexto de la pandemia, se ajuste a los est\u00e1ndares y normas internacionales y regionales de derechos humanos.<\/p>\n\n\n\n<p class=\"wp-block-paragraph\">\u201cLas mujeres defensoras juegan un papel fundamental en el desarrollo democr\u00e1tico de la sociedad, en el acceso a la justicia y el fortalecimiento del Estado de derecho, as\u00ed como en la vigencia y el avance de los derechos humanos y la protecci\u00f3n del medio ambiente. Por ello, instan a los Estados, a cumplir con su deber de crear y proteger, en la ley y en la pr\u00e1ctica, un entorno propicio para el disfrute de estos derechos con un enfoque diferenciado para la protecci\u00f3n de las mujeres, ni\u00f1as y adolescentes que les permita participar activamente y significativamente y en condiciones de igualdad en la promoci\u00f3n y la protecci\u00f3n de los derechos humanos\u201d, manifestaron.<\/p>\n\n\n\n<p class=\"wp-block-paragraph\">Ambos organismos tienen importantes preocupaciones por la seguridad de las mujeres en situaci\u00f3n de especial vulnerabilidad que se organizan y movilizan en contextos rurales, de las mujeres ind\u00edgenas, afrodescendientes, con discapacidad, refugiadas y migrantes, de las mujeres que defienden los derechos de la poblaci\u00f3n LGBTI+, la igualdad de g\u00e9nero, los derechos sexuales y reproductivos o el medio ambiente.<\/p>\n\n\n\n<p class=\"wp-block-paragraph\">Finalmente, la CIDH, su Relator\u00eda Especial y ONU Derechos Humanos llamaron a los Estados a garantizar el derecho a la protesta de las mujeres defensoras, a adoptar medidas especializadas para erradicar los patrones estructurales de discriminaci\u00f3n por razones de g\u00e9nero y a velar para que, en las investigaciones de actos de violencia en contra de las mujeres defensoras, las autoridades judiciales refuercen la debida diligencia, as\u00ed como la incorporaci\u00f3n de un enfoque diferenciado de g\u00e9nero a lo largo de la investigaci\u00f3n, juzgamiento, sanci\u00f3n y reparaci\u00f3n de los delitos en contra de las mujeres defensoras.<\/p>\n","protected":false},"excerpt":{"rendered":"<p>La CIDH y ONU-DH llaman a los Estados de la regi\u00f3n a garantizar la libre manifestaci\u00f3n y la libertad de expresi\u00f3n de las mujeres<\/p>\n","protected":false},"author":3,"featured_media":38496,"comment_status":"open","ping_status":"open","sticky":false,"template":"","format":"standard","meta":{"_monsterinsights_skip_tracking":false,"footnotes":""},"categories":[692,51],"tags":[],"class_list":["post-38495","post","type-post","status-publish","format-standard","has-post-thumbnail","category-692","category-ejecutivo"],"_links":{"self":[{"href":"https:\/\/redsemlac.com\/semmexico\/wp-json\/wp\/v2\/posts\/38495","targetHints":{"allow":["GET"]}}],"collection":[{"href":"https:\/\/redsemlac.com\/semmexico\/wp-json\/wp\/v2\/posts"}],"about":[{"href":"https:\/\/redsemlac.com\/semmexico\/wp-json\/wp\/v2\/types\/post"}],"author":[{"embeddable":true,"href":"https:\/\/redsemlac.com\/semmexico\/wp-json\/wp\/v2\/users\/3"}],"replies":[{"embeddable":true,"href":"https:\/\/redsemlac.com\/semmexico\/wp-json\/wp\/v2\/comments?post=38495"}],"version-history":[{"count":0,"href":"https:\/\/redsemlac.com\/semmexico\/wp-json\/wp\/v2\/posts\/38495\/revisions"}],"wp:featuredmedia":[{"embeddable":true,"href":"https:\/\/redsemlac.com\/semmexico\/wp-json\/wp\/v2\/media\/38496"}],"wp:attachment":[{"href":"https:\/\/redsemlac.com\/semmexico\/wp-json\/wp\/v2\/media?parent=38495"}],"wp:term":[{"taxonomy":"category","embeddable":true,"href":"https:\/\/redsemlac.com\/semmexico\/wp-json\/wp\/v2\/categories?post=38495"},{"taxonomy":"post_tag","embeddable":true,"href":"https:\/\/redsemlac.com\/semmexico\/wp-json\/wp\/v2\/tags?post=38495"}],"curies":[{"name":"wp","href":"https:\/\/api.w.org\/{rel}","templated":true}]}}