{"id":38484,"date":"2021-07-22T15:01:34","date_gmt":"2021-07-22T21:01:34","guid":{"rendered":"https:\/\/redsemlac.com\/semmexico\/?p=38484"},"modified":"2023-07-21T17:04:35","modified_gmt":"2023-07-21T22:04:35","slug":"leyes-antiaborto-en-centroamerica-hacen-mas-vulnerables-a-mujeres-migrantes","status":"publish","type":"post","link":"https:\/\/redsemlac.com\/semmexico\/leyes-antiaborto-en-centroamerica-hacen-mas-vulnerables-a-mujeres-migrantes\/","title":{"rendered":"Leyes antiaborto en Centroam\u00e9rica hacen m\u00e1s vulnerables a mujeres migrantes"},"content":{"rendered":"\n<h2 class=\"wp-block-heading\"><strong>Especial| <\/strong>\u00a0La Interrupci\u00f3n legal del embarazo, m\u00faltiples acciones e informaciones.<\/h2>\n\n\n\n<ul class=\"wp-block-list\"><li><strong>Las y los migrantes pueden ser sometidos a torturas, violaciones, secuestros y todo tipo de violencia arbitraria<\/strong><\/li><li><strong>Estudio de <\/strong><strong>la Oficina de Naciones Unidas contra la Droga y el Delito (ONUDD).<\/strong><\/li><\/ul>\n\n\n\n<p class=\"wp-block-paragraph\"><strong>Redacci\u00f3n<\/strong><\/p>\n\n\n\n<p class=\"wp-block-paragraph\">SemM\u00e9xico, Cd. de M\u00e9xico, 22 de julio, 2021.- Mujeres y ni\u00f1as migrantes pueden sufrir violaciones y abusos sexuales al huir de sus pa\u00edses y las leyes contra el aborto en Am\u00e9rica Central agravan su vulnerabilidad y favorecen la impunidad de los responsables.<\/p>\n\n\n\n<p class=\"wp-block-paragraph\">Esta es una de las conclusiones del &nbsp;estudio \u00abSometidos a abusos y abandonados. Una perspectiva de g\u00e9nero sobre el tr\u00e1fico il\u00edcito agravado de migrantes y su respuesta\u00bb, publicado el 22 de junio en Viena por la Oficina de Naciones Unidas contra la Droga y el Delito (ONUDD), informaci\u00f3n difundida por la oficina de informaciones de Naciones Unidas.<\/p>\n\n\n\n<p class=\"wp-block-paragraph\">El documento escrito con &nbsp;perspectiva de g\u00e9nero sobre los abusos que padecen las migrantes en las rutas del Norte de \u00c1frica y de Am\u00e9rica Central por medio de entrevistas y datos de otras organizaciones.<\/p>\n\n\n\n<p class=\"wp-block-paragraph\">\u00abDescubrimos que los migrantes hombres son sometidos principalmente a trabajos forzados y violencia f\u00edsica, mientras que las mujeres est\u00e1n m\u00e1s expuestas a la violencia sexual, lo que provoca embarazos no deseados y abortos. Todos los g\u00e9neros pueden sufrir un trato inhumano y degradante\u00bb, explica Morgane Nicot, coordinadora del estudio.<\/p>\n\n\n\n<p class=\"wp-block-paragraph\">Las y los migrantes pueden ser sometidos a torturas, violaciones, secuestros y todo tipo de violencia arbitraria, aunque, seg\u00fan relata el estudio, las mujeres, las y los menores y las personas LGTB+ son m\u00e1s vulnerables a los abusos.<\/p>\n\n\n\n<p class=\"wp-block-paragraph\">El reporte tambi\u00e9n denuncia que, pese a la gravedad de estos delitos y lo extendido que est\u00e1 el uso de la violencia en las rutas migratorias, \u00e9stos quedan casi siempre impunes e incluso funcionarios de pa\u00edses de tr\u00e1nsito participan en ellos.<\/p>\n\n\n\n<h2 class=\"wp-block-heading\"><strong>Criminalizar a las v\u00edctimas<\/strong><\/h2>\n\n\n\n<p class=\"wp-block-paragraph\">Adem\u00e1s, ciertas leyes -tanto en el Norte de \u00c1frica como en Centroam\u00e9rica- exponen precisamente a los grupos especialmente vulnerables, como personas LGTB+ y mujeres.<\/p>\n\n\n\n<p class=\"wp-block-paragraph\">\u00abLa legislaci\u00f3n que criminaliza el aborto y las relaciones entre personas del mismo sexo pone en la diana a mujeres y a la comunidad LGTB+\u00bb, indica el estudio.<\/p>\n\n\n\n<p class=\"wp-block-paragraph\">Y se recuerda que en El Salvador y Honduras el aborto es un delito en todas las circunstancias y en Guatemala solo es legal cuando la vida de la madre corre peligro.<\/p>\n\n\n\n<p class=\"wp-block-paragraph\">\u00abEstas leyes presentan una discriminaci\u00f3n de g\u00e9nero inherente y obstaculizan el acceso a la justicia y la reparaci\u00f3n de las v\u00edctimas\u00bb migrantes de violencia sexual.<\/p>\n\n\n\n<p class=\"wp-block-paragraph\">La situaci\u00f3n irregular de la v\u00edctima en los pa\u00edses de tr\u00e1nsito y la existencia de una legislaci\u00f3n que puede criminalizarla si aborta, incluso en el caso de ser violada, hace que evite acudir a la justicia.<\/p>\n\n\n\n<p class=\"wp-block-paragraph\">\u00abAlgunos y algunas &nbsp;migrantes son reacios a denunciar los abusos porque pueden ser tratados como delincuentes por su situaci\u00f3n irregular o por haber abortado, mantener relaciones sexuales fuera del matrimonio o con miembros del mismo sexo, actos penados en algunos pa\u00edses\u00bb, se\u00f1ala el documento.<\/p>\n\n\n\n<p class=\"wp-block-paragraph\">La ONUDD tambi\u00e9n investig\u00f3 la motivaci\u00f3n de la violencia de los traficantes contra los migrantes, para concluir que se usa como forma de castigo, de intimidaci\u00f3n o coerci\u00f3n, o simplemente como se\u00f1al de poder.<\/p>\n\n\n\n<p class=\"wp-block-paragraph\">Por otro lado, el tipo de violencia sexual contra el colectivo LGTB+ est\u00e1 relacionada con la visi\u00f3n machista de la sociedad de los perpetradores.<\/p>\n\n\n\n<p class=\"wp-block-paragraph\">\u00abLa violencia sexual tambi\u00e9n se perpetra sin otro prop\u00f3sito que una demostraci\u00f3n de poder, misoginia, racismo o gratificaci\u00f3n sexual\u00bb, se\u00f1ala el documento.<\/p>\n\n\n\n<p class=\"wp-block-paragraph\">Otro aspecto que se revela el estudio &nbsp;es que, por distintos factores, las mujeres migrantes suelen tener menos dinero y, por ello, son m\u00e1s vulnerables a abusos sexual para pagar los costos del viaje, algo definido como \u00abviolaci\u00f3n transaccional\u00bb.<\/p>\n\n\n\n<p class=\"wp-block-paragraph\">Finalmente, el estudio llama a una mayor cooperaci\u00f3n internacional para tratar de que quienes cometan estos delitos respondan ante la justicia.<\/p>\n\n\n\n<p class=\"wp-block-paragraph\">\u00abEstamos ante un delito que no puede resolver un pa\u00eds de origen, de tr\u00e1nsito o de destino, sino que s\u00f3lo se puede afrontar con mayor cooperaci\u00f3n internacional\u00bb, resume Carlos P\u00e9rez, un experto de la ONUDD en la lucha contra el tr\u00e1fico de personas.<\/p>\n\n\n\n<h4 class=\"wp-block-heading\">Te puede interesar:<\/h4>\n\n\n\n<div class=\"wp-block-columns is-layout-flex wp-container-core-columns-is-layout-8f761849 wp-block-columns-is-layout-flex\">\n<div class=\"wp-block-column is-layout-flow wp-block-column-is-layout-flow\">\n<figure class=\"wp-block-embed is-type-wp-embed is-provider-semmexico wp-block-embed-semmexico\"><div class=\"wp-block-embed__wrapper\">\n<blockquote class=\"wp-embedded-content\" data-secret=\"HV4B4YYXq8\"><a href=\"https:\/\/redsemlac.com\/semmexico\/aborto-en-que-estados-es-legal-la-interrupcion-del-embarazo\/\">\u00bfAborto? \u00bfEn qu\u00e9 estados es legal la interrupci\u00f3n del embarazo?<\/a><\/blockquote><iframe loading=\"lazy\" class=\"wp-embedded-content\" sandbox=\"allow-scripts\" security=\"restricted\" style=\"position: absolute; visibility: hidden;\" title=\"\u00ab\u00bfAborto? \u00bfEn qu\u00e9 estados es legal la interrupci\u00f3n del embarazo?\u00bb \u2014 SemM\u00e9xico\" src=\"https:\/\/redsemlac.com\/semmexico\/aborto-en-que-estados-es-legal-la-interrupcion-del-embarazo\/embed\/#?secret=TIByRshYmH#?secret=HV4B4YYXq8\" data-secret=\"HV4B4YYXq8\" width=\"600\" height=\"338\" frameborder=\"0\" marginwidth=\"0\" marginheight=\"0\" scrolling=\"no\"><\/iframe>\n<\/div><\/figure>\n<\/div>\n\n\n\n<div class=\"wp-block-column is-layout-flow wp-block-column-is-layout-flow\">\n<figure class=\"wp-block-embed is-type-wp-embed is-provider-semmexico wp-block-embed-semmexico\"><div class=\"wp-block-embed__wrapper\">\n<blockquote class=\"wp-embedded-content\" data-secret=\"LRuR8wtOqJ\"><a href=\"https:\/\/redsemlac.com\/semmexico\/interrupcion-legal-del-embarazo-mitos-y-realidades-sobre-el-aborto\/\">Interrupci\u00f3n legal del embarazo: mitos y realidades sobre el aborto<\/a><\/blockquote><iframe loading=\"lazy\" class=\"wp-embedded-content\" sandbox=\"allow-scripts\" security=\"restricted\" style=\"position: absolute; visibility: hidden;\" title=\"\u00abInterrupci\u00f3n legal del embarazo: mitos y realidades sobre el aborto\u00bb \u2014 SemM\u00e9xico\" src=\"https:\/\/redsemlac.com\/semmexico\/interrupcion-legal-del-embarazo-mitos-y-realidades-sobre-el-aborto\/embed\/#?secret=N14e5BU9Si#?secret=LRuR8wtOqJ\" data-secret=\"LRuR8wtOqJ\" width=\"600\" height=\"338\" frameborder=\"0\" marginwidth=\"0\" marginheight=\"0\" scrolling=\"no\"><\/iframe>\n<\/div><\/figure>\n<\/div>\n<\/div>\n","protected":false},"excerpt":{"rendered":"<p>Las y los migrantes pueden ser sometidos a torturas, violaciones, secuestros y todo tipo de violencia arbitraria<\/p>\n","protected":false},"author":3,"featured_media":38485,"comment_status":"open","ping_status":"open","sticky":false,"template":"","format":"standard","meta":{"_monsterinsights_skip_tracking":false,"footnotes":""},"categories":[692,540,54],"tags":[],"class_list":["post-38484","post","type-post","status-publish","format-standard","has-post-thumbnail","category-692","category-ile-en-mexico","category-mujeres"],"_links":{"self":[{"href":"https:\/\/redsemlac.com\/semmexico\/wp-json\/wp\/v2\/posts\/38484","targetHints":{"allow":["GET"]}}],"collection":[{"href":"https:\/\/redsemlac.com\/semmexico\/wp-json\/wp\/v2\/posts"}],"about":[{"href":"https:\/\/redsemlac.com\/semmexico\/wp-json\/wp\/v2\/types\/post"}],"author":[{"embeddable":true,"href":"https:\/\/redsemlac.com\/semmexico\/wp-json\/wp\/v2\/users\/3"}],"replies":[{"embeddable":true,"href":"https:\/\/redsemlac.com\/semmexico\/wp-json\/wp\/v2\/comments?post=38484"}],"version-history":[{"count":0,"href":"https:\/\/redsemlac.com\/semmexico\/wp-json\/wp\/v2\/posts\/38484\/revisions"}],"wp:featuredmedia":[{"embeddable":true,"href":"https:\/\/redsemlac.com\/semmexico\/wp-json\/wp\/v2\/media\/38485"}],"wp:attachment":[{"href":"https:\/\/redsemlac.com\/semmexico\/wp-json\/wp\/v2\/media?parent=38484"}],"wp:term":[{"taxonomy":"category","embeddable":true,"href":"https:\/\/redsemlac.com\/semmexico\/wp-json\/wp\/v2\/categories?post=38484"},{"taxonomy":"post_tag","embeddable":true,"href":"https:\/\/redsemlac.com\/semmexico\/wp-json\/wp\/v2\/tags?post=38484"}],"curies":[{"name":"wp","href":"https:\/\/api.w.org\/{rel}","templated":true}]}}