{"id":38479,"date":"2021-07-22T14:55:02","date_gmt":"2021-07-22T20:55:02","guid":{"rendered":"https:\/\/redsemlac.com\/semmexico\/?p=38479"},"modified":"2023-07-21T17:04:35","modified_gmt":"2023-07-21T22:04:35","slug":"interrupcion-legal-del-embarazo-mitos-y-realidades-sobre-el-aborto","status":"publish","type":"post","link":"https:\/\/redsemlac.com\/semmexico\/interrupcion-legal-del-embarazo-mitos-y-realidades-sobre-el-aborto\/","title":{"rendered":"Interrupci\u00f3n legal del embarazo: mitos y realidades sobre el aborto"},"content":{"rendered":"\n<h2 class=\"wp-block-heading\"><strong>Especial| <\/strong>\u00a0La Interrupci\u00f3n legal del embarazo, m\u00faltiples acciones e informaciones.<\/h2>\n\n\n\n<ul class=\"wp-block-list\"><li><strong>Conocer informaci\u00f3n basada en datos oficiales tiene el objetivo de dejar atr\u00e1s la estigmatizaci\u00f3n de la ILE<\/strong><\/li><li><strong>L<a href=\"https:\/\/ipasmexico.org\/category\/recursos\/aborto-mitos-y-estigma\/\">a organizaci\u00f3n Ipas M\u00e9xico\u00a0 proporciona informaci\u00f3n basada en datos oficiales<\/a><\/strong><\/li><\/ul>\n\n\n\n<p class=\"wp-block-paragraph\"><strong>Fernanda Avila\/especial<\/strong><\/p>\n\n\n\n<p class=\"wp-block-paragraph\"><strong>SemM\u00e9xico\/ El Sol de M\u00e9xico, Cd. de M\u00e9xico, 22 de julio, 2021.- <\/strong>Pese a que en muchos pa\u00edses ya es legal la interrupci\u00f3n del embarazo, es verdad que hasta la fecha el aborto sigue siendo un tema pol\u00e9mico, que ha polarizado a la poblaci\u00f3n entre las personas que est\u00e1n a favor y las que est\u00e1n en contra, lo que tambi\u00e9n ha desencadenado una propagaci\u00f3n de informaci\u00f3n err\u00f3nea.<\/p>\n\n\n\n<p class=\"wp-block-paragraph\">Con el objetivo de dejar atr\u00e1s la estigmatizaci\u00f3n de dicho procedimiento,&nbsp;<a href=\"https:\/\/ipasmexico.org\/category\/recursos\/aborto-mitos-y-estigma\/\"><strong>la organizaci\u00f3n Ipas M\u00e9xico se ha dado a la tarea de proporcionar informaci\u00f3n basada en datos oficiales<\/strong><\/a>&nbsp;para desmentir aquellos mitos que circulan alrededor del aborto y fomentar en las mujeres su derecho a una decisi\u00f3n informada.<\/p>\n\n\n\n<h2 class=\"wp-block-heading\"><strong>Mito: El aborto es peligroso<\/strong>.<\/h2>\n\n\n\n<p class=\"wp-block-paragraph\"><strong>Realidad: Un aborto en situaciones de seguridad t\u00e9cnica y sanitaria con un marco legal favorable y personal de salud calificado, es el evento obst\u00e9trico m\u00e1s seguro<\/strong>&nbsp;en la vida reproductiva de las mujeres, adem\u00e1s con ello se respetan sus derechos sexuales y reproductivos.<\/p>\n\n\n\n<p class=\"wp-block-paragraph\">De acuerdo con los Centros para el Control y la Prevenci\u00f3n de Enfermedades (CDC por sus siglas en ingl\u00e9s), el aborto legalmente inducido conlleva un riesgo de muerte de 0.58 por cada 100 mil procedimientos, lo que lo hace tan seguro en t\u00e9rminos sanitarios como una inyecci\u00f3n de penicilina.<\/p>\n\n\n\n<p class=\"wp-block-paragraph\">En la Ciudad de M\u00e9xico desde la implementaci\u00f3n de&nbsp;<a href=\"http:\/\/ile.salud.cdmx.gob.mx\/\">la Interrupci\u00f3n Legal del Embarazo (ILE)<\/a>&nbsp;en 2007 y hasta 2020, dicho programa no ha registrado una sola muerte relacionada con el procedimiento dentro de las 12 semanas de gestaci\u00f3n.<\/p>\n\n\n\n<h2 class=\"wp-block-heading\"><strong>Mito: El aborto causa o aumenta el riesgo de padecer c\u00e1ncer de mama<\/strong><\/h2>\n\n\n\n<p class=\"wp-block-paragraph\"><strong>Realidad:<\/strong>\u00a0Muchos estudios con s\u00f3lidos dise\u00f1os de investigaci\u00f3n realizados a nivel mundial con millares de mujeres, concluyeron de manera un\u00e1nime que\u00a0<strong>las mujeres que han tenido un aborto, ya sea espont\u00e1neo o inducido, no corren mayor riesgo<\/strong>\u00a0de desarrollar c\u00e1ncer de mama. Estas conclusiones son apoyadas por la Organizaci\u00f3n Mundial de la Salud (OMS 2000) y por el Colegio Real de Obstetras y Ginec\u00f3logos (RCOG 2004).<\/p>\n\n\n\n<h4 class=\"wp-block-heading\">Te puede interesar: <\/h4>\n\n\n\n<figure class=\"wp-block-embed is-type-wp-embed is-provider-semmexico wp-block-embed-semmexico\"><div class=\"wp-block-embed__wrapper\">\n<blockquote class=\"wp-embedded-content\" data-secret=\"5ey7oYuc0Z\"><a href=\"https:\/\/redsemlac.com\/semmexico\/aborto-en-que-estados-es-legal-la-interrupcion-del-embarazo\/\">\u00bfAborto? \u00bfEn qu\u00e9 estados es legal la interrupci\u00f3n del embarazo?<\/a><\/blockquote><iframe loading=\"lazy\" class=\"wp-embedded-content\" sandbox=\"allow-scripts\" security=\"restricted\" style=\"position: absolute; visibility: hidden;\" title=\"\u00ab\u00bfAborto? \u00bfEn qu\u00e9 estados es legal la interrupci\u00f3n del embarazo?\u00bb \u2014 SemM\u00e9xico\" src=\"https:\/\/redsemlac.com\/semmexico\/aborto-en-que-estados-es-legal-la-interrupcion-del-embarazo\/embed\/#?secret=6smJuohHr3#?secret=5ey7oYuc0Z\" data-secret=\"5ey7oYuc0Z\" width=\"600\" height=\"338\" frameborder=\"0\" marginwidth=\"0\" marginheight=\"0\" scrolling=\"no\"><\/iframe>\n<\/div><\/figure>\n","protected":false},"excerpt":{"rendered":"<p>Conocer informaci\u00f3n basada en datos oficiales tiene el objetivo de dejar atr\u00e1s la estigmatizaci\u00f3n de la ILE<\/p>\n","protected":false},"author":3,"featured_media":38481,"comment_status":"open","ping_status":"open","sticky":false,"template":"","format":"standard","meta":{"_monsterinsights_skip_tracking":false,"footnotes":""},"categories":[692,540,54],"tags":[],"class_list":["post-38479","post","type-post","status-publish","format-standard","has-post-thumbnail","category-692","category-ile-en-mexico","category-mujeres"],"_links":{"self":[{"href":"https:\/\/redsemlac.com\/semmexico\/wp-json\/wp\/v2\/posts\/38479","targetHints":{"allow":["GET"]}}],"collection":[{"href":"https:\/\/redsemlac.com\/semmexico\/wp-json\/wp\/v2\/posts"}],"about":[{"href":"https:\/\/redsemlac.com\/semmexico\/wp-json\/wp\/v2\/types\/post"}],"author":[{"embeddable":true,"href":"https:\/\/redsemlac.com\/semmexico\/wp-json\/wp\/v2\/users\/3"}],"replies":[{"embeddable":true,"href":"https:\/\/redsemlac.com\/semmexico\/wp-json\/wp\/v2\/comments?post=38479"}],"version-history":[{"count":0,"href":"https:\/\/redsemlac.com\/semmexico\/wp-json\/wp\/v2\/posts\/38479\/revisions"}],"wp:featuredmedia":[{"embeddable":true,"href":"https:\/\/redsemlac.com\/semmexico\/wp-json\/wp\/v2\/media\/38481"}],"wp:attachment":[{"href":"https:\/\/redsemlac.com\/semmexico\/wp-json\/wp\/v2\/media?parent=38479"}],"wp:term":[{"taxonomy":"category","embeddable":true,"href":"https:\/\/redsemlac.com\/semmexico\/wp-json\/wp\/v2\/categories?post=38479"},{"taxonomy":"post_tag","embeddable":true,"href":"https:\/\/redsemlac.com\/semmexico\/wp-json\/wp\/v2\/tags?post=38479"}],"curies":[{"name":"wp","href":"https:\/\/api.w.org\/{rel}","templated":true}]}}