{"id":38474,"date":"2021-07-22T14:51:14","date_gmt":"2021-07-22T20:51:14","guid":{"rendered":"https:\/\/redsemlac.com\/semmexico\/?p=38474"},"modified":"2023-07-21T17:04:35","modified_gmt":"2023-07-21T22:04:35","slug":"aborto-en-que-estados-es-legal-la-interrupcion-del-embarazo","status":"publish","type":"post","link":"https:\/\/redsemlac.com\/semmexico\/aborto-en-que-estados-es-legal-la-interrupcion-del-embarazo\/","title":{"rendered":"\u00bfAborto? \u00bfEn qu\u00e9 estados es legal la interrupci\u00f3n del embarazo?"},"content":{"rendered":"\n<h2 class=\"wp-block-heading\">Especial| La Interrupci\u00f3n legal del embarazo, m\u00faltiples acciones e informaciones.<\/h2>\n\n\n\n<ul class=\"wp-block-list\"><li><strong>La Ciudad de M\u00e9xico se convirti\u00f3 en la primera entidad del pa\u00eds en legalizar la interrupci\u00f3n del embarazo en abril del 2007<\/strong><\/li><li><strong>Situaci\u00f3n en distintas entidades, procesos de discusi\u00f3n<\/strong><\/li><\/ul>\n\n\n\n<p class=\"wp-block-paragraph\"><strong>Karla D\u00edaz \/especial<\/strong><\/p>\n\n\n\n<p class=\"wp-block-paragraph\">SemM\u00e9xico\/ El Sol de M\u00e9xico, Cd. de M\u00e9xico, 22 de julio, 2021.- Este martes, el Congreso de Veracruz aprob\u00f3 la<a href=\"https:\/\/www.elsoldemexico.com.mx\/metropoli\/cdmx\/aborto-en-la-cdmx-retrocede-por-pandemia-6635929.html\" target=\"_blank\" rel=\"noreferrer noopener\">&nbsp;despenalizaci\u00f3n del&nbsp;<strong>aborto<\/strong><\/a>&nbsp;antes de las 12 semanas de gestaci\u00f3n, por lo que la entidad se convirti\u00f3 en la cuarta en el pa\u00eds en hacer<a href=\"https:\/\/www.elsoldemexico.com.mx\/mexico\/sociedad\/amlo-propone-consulta-ciudadana-sobre-el-aborto-y-pide-que-no-sea-tema-de-poderes-6192342.html\" target=\"_blank\" rel=\"noreferrer noopener\">&nbsp;legal la&nbsp;<strong>interrupci\u00f3n del embarazo<\/strong><\/a>, por ello, aqu\u00ed hacemos un recuento de las entidades en donde la marea verde ha llegado.<\/p>\n\n\n\n<p class=\"wp-block-paragraph\"><strong>Ciudad de M\u00e9xico y su interrupci\u00f3n legal del embarazo<\/strong><\/p>\n\n\n\n<p class=\"wp-block-paragraph\"><a href=\"https:\/\/www.elsoldemexico.com.mx\/republica\/sociedad\/congreso-de-veracruz-aprueba-la-despenalizacion-del-aborto-6982329.html\"><strong>\u00a1Es Ley! Veracruz es el cuarto estado en despenalizar el aborto<\/strong><\/a><\/p>\n\n\n\n<p class=\"wp-block-paragraph\">La Ciudad de M\u00e9xico se convirti\u00f3 en la primera entidad del pa\u00eds en legalizar la interrupci\u00f3n del embarazo, pues en abril del 2007, la Asamblea Legislativa de la capital aprob\u00f3 la despenalizaci\u00f3n del aborto hasta las 12 semanas de gestaci\u00f3n.<\/p>\n\n\n\n<div class=\"wp-block-image\"><figure class=\"alignleft size-large\"><a href=\"https:\/\/redsemlac.com\/semmexico\/wp-content\/uploads\/2021\/07\/aborto-1.jpg\"><img loading=\"lazy\" decoding=\"async\" width=\"200\" height=\"125\" src=\"https:\/\/redsemlac.com\/semmexico\/wp-content\/uploads\/2021\/07\/aborto-1.jpg\" alt=\"\" class=\"wp-image-38475\"\/><\/a><\/figure><\/div>\n\n\n\n<p class=\"wp-block-paragraph\">De esta manera, con 46 votos a favor, 19 en contra y una abstenci\u00f3n se aprob\u00f3 la reforma al art\u00edculo 144 del C\u00f3digo Penal.<\/p>\n\n\n\n<h2 class=\"wp-block-heading\"><strong>Oaxaca y la marea verde<\/strong><\/h2>\n\n\n\n<p class=\"wp-block-paragraph\">Pasaron 12 a\u00f1os para que otro estado en el pa\u00eds se sumara la marea verde, pues en octubre del 2019 Oaxaca despenaliz\u00f3 la interrupci\u00f3n del embarazo. Fue entonces cuando el Congreso local penal estatal, con lo que se aprob\u00f3 la interrupci\u00f3n del embarazo tambi\u00e9n antes de las 12 semanas.<\/p>\n\n\n\n<h2 class=\"wp-block-heading\"><strong>Hidalgo legaliza la interrupci\u00f3n del embarazo<\/strong><\/h2>\n\n\n\n<p class=\"wp-block-paragraph\">Este 2021 se puso el pa\u00f1uelo verde, pues el 30 de junio el estado de Hidalgo aprob\u00f3 con 16 votos a favor y una abstenci\u00f3n, la reforma al C\u00f3digo Penal y a la Ley de Salud con la que se permite la interrupci\u00f3n legal del embarazo hasta la semana 12 de gestaci\u00f3n.<\/p>\n\n\n\n<p class=\"wp-block-paragraph\">Los votos fueron emitidos por legisladores de Morena, aunque la abstenci\u00f3n vino de una integrante de dicho partido. El resto de los legisladores de otros partidos no emitieron su voto.<\/p>\n\n\n\n<h2 class=\"wp-block-heading\"><strong>\u00a1Es Ley! Veracruz despenaliza el aborto<\/strong><\/h2>\n\n\n\n<div class=\"wp-block-image\"><figure class=\"alignright size-large\"><a href=\"https:\/\/redsemlac.com\/semmexico\/wp-content\/uploads\/2021\/07\/abaorto-2.png\"><img loading=\"lazy\" decoding=\"async\" width=\"200\" height=\"125\" src=\"https:\/\/redsemlac.com\/semmexico\/wp-content\/uploads\/2021\/07\/abaorto-2.png\" alt=\"\" class=\"wp-image-38476\"\/><\/a><\/figure><\/div>\n\n\n\n<p class=\"wp-block-paragraph\">Con 25 votos a favor, tres en contra y una abstenci\u00f3n, este 20 de julio el congreso de Veracruz vot\u00f3 este martes a favor de despenalizar el aborto hasta la semana 12 de gestaci\u00f3n.<\/p>\n\n\n\n<p class=\"wp-block-paragraph\">Con dicha aprobaci\u00f3n se reformaron los art\u00edculos 149, 150, 151, 153 y 154, y se deroga el art\u00edculo 152 todos del C\u00f3digo Penal del Estado de Veracruz, con lo que se elimina el delito de aborto antes de la doceava semana de gestaci\u00f3n.<\/p>\n\n\n\n<h2 class=\"wp-block-heading\"><strong>Agenda legislativa en torno al aborto<\/strong><\/h2>\n\n\n\n<p class=\"wp-block-paragraph\">Pese a los grandes avances, a\u00fan existen 28 estados en los que la marea verde no ha logrado convencer a los legisladores locales de reformar la Ley.<\/p>\n\n\n\n<p class=\"wp-block-paragraph\">En entidades como Sinaloa, Yucat\u00e1n, Quer\u00e9taro, Jalisco, Nayarit, Baja California, Baja California Sur, Sonora, Nuevo Le\u00f3n, Michoac\u00e1n y Morelos, los diputados locales han indicaron que la interrupci\u00f3n legal del embarazo no est\u00e1 entre sus iniciativas.<\/p>\n\n\n\n<p class=\"wp-block-paragraph\">En algunos otros estados como el Estado de M\u00e9xico, Tamaulipas y Tabasco las iniciativas sobre la despenalizaci\u00f3n del aborto se mantienen congeladas. Se rechazaron en Baja California y en Quintana Roo.<\/p>\n\n\n\n<h2 class=\"wp-block-heading\"><strong>Requisitos para la ILE en Ciudad de M\u00e9xico<\/strong><\/h2>\n\n\n\n<p class=\"wp-block-paragraph\">De acuerdo con el gobierno de la Ciudad de M\u00e9xico y la Secretar\u00eda de Salud, adem\u00e1s de tener menos de 12 semanas de gestaci\u00f3n. Los requisitos para solicitar la Interrupci\u00f3n Legal del Embarazo (ILE) son los siguientes:<\/p>\n\n\n\n<p class=\"wp-block-paragraph\"><a href=\"https:\/\/www.elsoldemexico.com.mx\/republica\/politica\/congreso-de-bcs-desecha-iniciativa-de-legalizar-el-aborto-6905112.html\"><strong>Congreso de BCS desecha iniciativa de legalizar el aborto<\/strong><\/a><\/p>\n\n\n\n<p class=\"wp-block-paragraph\"><strong>Para residentes de la Ciudad de M\u00e9xico<\/strong><\/p>\n\n\n\n<ul class=\"wp-block-list\"><li>Identificaci\u00f3n oficial, en original y copia.<\/li><li>Comprobante de domicilio (\u00faltimo recibo de predial, luz, agua, gas, televisi\u00f3n de paga, tel\u00e9fono fijo o servicio de internet), en original y copia.<\/li><li>Hoja de Gratuidad. Una trabajadora social te ayudar\u00e1 en caso de no tenerla.<\/li><li>Un acompa\u00f1ante con identificaci\u00f3n oficial en original y copia.<\/li><li>De manera opcional en los hospitales pueden solicitarte: CURP o acta de nacimiento.<\/li><\/ul>\n\n\n\n<p class=\"wp-block-paragraph\"><strong>Requisitos para menores de edad<\/strong><\/p>\n\n\n\n<ul class=\"wp-block-list\"><li>Acta de Nacimiento en original y copia.<\/li><li>CURP<\/li><li>Credencial o documento con fotograf\u00eda reciente (credencial de la escuela o certificado de estudios) en original y copia.<\/li><li>Comprobante de domicilio en original y copia (\u00faltimo recibo de predial, luz, agua, gas, televisi\u00f3n de paga, tel\u00e9fono fijo o servicio de internet).<\/li><li>Acudir acompa\u00f1ada por madre, padre, tutor o representante legal con identificaci\u00f3n oficial y comprobante de domicilio, ambos en original y copia.<\/li><\/ul>\n\n\n\n<p class=\"wp-block-paragraph\"><strong>Requisitos para residentes de otros estados<\/strong><\/p>\n\n\n\n<ul class=\"wp-block-list\"><li>Original y copia de identificaci\u00f3n oficial<\/li><li>Comprobante de domicilio en original y copia<\/li><li>Un acompa\u00f1ante con identificaci\u00f3n oficial en original y copia<\/li><\/ul>\n\n\n\n<h4 class=\"wp-block-heading\">Te puede interesar:<\/h4>\n\n\n\n<figure class=\"wp-block-embed is-type-wp-embed is-provider-semmexico wp-block-embed-semmexico\"><div class=\"wp-block-embed__wrapper\">\n<blockquote class=\"wp-embedded-content\" data-secret=\"Ce95cBR9oa\"><a href=\"https:\/\/redsemlac.com\/semmexico\/interrupcion-legal-del-embarazo-mitos-y-realidades-sobre-el-aborto\/\">Interrupci\u00f3n legal del embarazo: mitos y realidades sobre el aborto<\/a><\/blockquote><iframe loading=\"lazy\" class=\"wp-embedded-content\" sandbox=\"allow-scripts\" security=\"restricted\" style=\"position: absolute; visibility: hidden;\" title=\"\u00abInterrupci\u00f3n legal del embarazo: mitos y realidades sobre el aborto\u00bb \u2014 SemM\u00e9xico\" src=\"https:\/\/redsemlac.com\/semmexico\/interrupcion-legal-del-embarazo-mitos-y-realidades-sobre-el-aborto\/embed\/#?secret=j8Gn6pPyGW#?secret=Ce95cBR9oa\" data-secret=\"Ce95cBR9oa\" width=\"600\" height=\"338\" frameborder=\"0\" marginwidth=\"0\" marginheight=\"0\" scrolling=\"no\"><\/iframe>\n<\/div><\/figure>\n","protected":false},"excerpt":{"rendered":"<p>La Ciudad de M\u00e9xico se convirti\u00f3 en la primera entidad del pa\u00eds en legalizar la interrupci\u00f3n del embarazo en abril del 2007<\/p>\n","protected":false},"author":3,"featured_media":38477,"comment_status":"open","ping_status":"open","sticky":false,"template":"","format":"standard","meta":{"_monsterinsights_skip_tracking":false,"footnotes":""},"categories":[692,540,54],"tags":[],"class_list":["post-38474","post","type-post","status-publish","format-standard","has-post-thumbnail","category-692","category-ile-en-mexico","category-mujeres"],"_links":{"self":[{"href":"https:\/\/redsemlac.com\/semmexico\/wp-json\/wp\/v2\/posts\/38474","targetHints":{"allow":["GET"]}}],"collection":[{"href":"https:\/\/redsemlac.com\/semmexico\/wp-json\/wp\/v2\/posts"}],"about":[{"href":"https:\/\/redsemlac.com\/semmexico\/wp-json\/wp\/v2\/types\/post"}],"author":[{"embeddable":true,"href":"https:\/\/redsemlac.com\/semmexico\/wp-json\/wp\/v2\/users\/3"}],"replies":[{"embeddable":true,"href":"https:\/\/redsemlac.com\/semmexico\/wp-json\/wp\/v2\/comments?post=38474"}],"version-history":[{"count":0,"href":"https:\/\/redsemlac.com\/semmexico\/wp-json\/wp\/v2\/posts\/38474\/revisions"}],"wp:featuredmedia":[{"embeddable":true,"href":"https:\/\/redsemlac.com\/semmexico\/wp-json\/wp\/v2\/media\/38477"}],"wp:attachment":[{"href":"https:\/\/redsemlac.com\/semmexico\/wp-json\/wp\/v2\/media?parent=38474"}],"wp:term":[{"taxonomy":"category","embeddable":true,"href":"https:\/\/redsemlac.com\/semmexico\/wp-json\/wp\/v2\/categories?post=38474"},{"taxonomy":"post_tag","embeddable":true,"href":"https:\/\/redsemlac.com\/semmexico\/wp-json\/wp\/v2\/tags?post=38474"}],"curies":[{"name":"wp","href":"https:\/\/api.w.org\/{rel}","templated":true}]}}