{"id":38471,"date":"2021-07-22T13:00:13","date_gmt":"2021-07-22T19:00:13","guid":{"rendered":"https:\/\/redsemlac.com\/semmexico\/?p=38471"},"modified":"2023-07-21T17:04:35","modified_gmt":"2023-07-21T22:04:35","slug":"analizan-estrategias-para-enfoque-de-masculinidades-en-politicas-publicas","status":"publish","type":"post","link":"https:\/\/redsemlac.com\/semmexico\/analizan-estrategias-para-enfoque-de-masculinidades-en-politicas-publicas\/","title":{"rendered":"Analizan estrategias para enfoque de masculinidades en pol\u00edticas p\u00fablicas"},"content":{"rendered":"\n<ul class=\"wp-block-list\"><li><strong>Contin\u00faa foro virtual sobre trabajo reeducativo con hombres que ejercen violencias contra las mujeres<\/strong><\/li><li><strong>Jornada de reflexi\u00f3n en la C\u00e1mara de Diputados y Diputadas<\/strong><\/li><\/ul>\n\n\n\n<p class=\"wp-block-paragraph\"><strong>Redacci\u00f3n<\/strong><\/p>\n\n\n\n<p class=\"wp-block-paragraph\">SemM\u00e9xico\/ BPNoticias, Cd. de M\u00e9xico.-22 julio 2021.- Al continuar el Foro virtual \u201cPresentaci\u00f3n y an\u00e1lisis del proyecto de Iniciativa legislativa en materia de trabajo reeducativo con hombres que ejercen violencias contra las mujeres\u201d, diputadas y especialistas analizaron las estrategias para un enfoque de masculinidades dentro de las pol\u00edticas p\u00fablicas.<\/p>\n\n\n\n<p class=\"wp-block-paragraph\">\u200bEn la segunda mesa de an\u00e1lisis de este foro, la diputada Martha Tagle Mart\u00ednez (MC) expuso que es necesario revisar c\u00f3mo se abordan los roles de g\u00e9nero en las pol\u00edticas p\u00fablicas, pues ello contribuir\u00e1 a la construcci\u00f3n de una nueva masculinidad.<\/p>\n\n\n\n<p class=\"wp-block-paragraph\">\u200bAgreg\u00f3 que la reforma propuesta busca modificar la Ley General de Acceso de las Mujeres a una Vida Libre de Violencia, con el objetivo de armonizar los criterios del trabajo reeducativo de los hombres que han ejercido violencia a trav\u00e9s de la distribuci\u00f3n de responsabilidades y competencias; coordinar y articular esfuerzos entre sectores y niveles de gobierno, as\u00ed como establecer la obligatoriedad y las condiciones institucionales y presupuestales para llevar a cabo este proceso.<\/p>\n\n\n\n<h2 class=\"wp-block-heading\"><strong>Impulsar la paridad en el sistema educativo<\/strong><\/h2>\n\n\n\n<p class=\"wp-block-paragraph\">Durante su ponencia, la diputada federal con licencia Ana Lilia Herrera Anzaldo (PRI) mencion\u00f3 que se puede trabajar desde las escuelas, invertir en la capacitaci\u00f3n de las maestras y maestros e impulsar la paridad en el sistema educativo. Asimismo, dijo que los recortes presupuestales que se han dado tienen que revertirse y ese es un tema que tendr\u00e1 que ver tambi\u00e9n con la composici\u00f3n pol\u00edtica de la C\u00e1mara de Diputados en la nueva Legislatura.<\/p>\n\n\n\n<p class=\"wp-block-paragraph\">Manifest\u00f3 que es necesario cerrar filas con la sociedad civil y con la academia. \u201cTenemos que multiplicar estas voces porque le estamos quitando, no el futuro el presente, a millones de mujeres y sus familias; le estamos quitando mucho a esta sociedad que hoy con el factor pandemia requiere m\u00e1s que nunca pol\u00edticas p\u00fablicas con perspectiva de g\u00e9nero\u201d.<\/p>\n\n\n\n<h2 class=\"wp-block-heading\"><strong>Se debe desmantelar la cultura del mandato de la violencia<\/strong><\/h2>\n\n\n\n<p class=\"wp-block-paragraph\">A su vez, la experta en pol\u00edticas de g\u00e9nero y legislaci\u00f3n, Beatriz Santamar\u00eda Monjaraz, indic\u00f3 que este an\u00e1lisis se debe enfocar en desmantelar la cultura del mandato de la violencia, es decir, colocar en el centro de la nueva narrativa las masculinidades en las pol\u00edticas p\u00fablicas.<\/p>\n\n\n\n<p class=\"wp-block-paragraph\">Agreg\u00f3 que otro factor a tomarse en cuenta es la l\u00ednea program\u00e1tica en materia de perspectiva de g\u00e9nero, pues \u201cno se pueden tener pol\u00edticas p\u00fablicas neutrales\u201d. Asimismo, propuso modificar no s\u00f3lo la ley general sino las secundarias en materia de derechos de mujeres y que se incluya la participaci\u00f3n del sector educativo y de seguridad y protecci\u00f3n ciudadana para la reeducaci\u00f3n de los hombres hacia una nueva masculinidad.<\/p>\n\n\n\n<h2 class=\"wp-block-heading\"><strong>Educaci\u00f3n b\u00e1sica, espacio para fomentar la igualdad<\/strong><\/h2>\n\n\n\n<p class=\"wp-block-paragraph\">Benno de Keijzer, profesor e investigador en g\u00e9nero y masculinidades, se\u00f1al\u00f3 que cada violencia hacia mujeres y ni\u00f1as evidencia las creencias de superioridad y expectativas de servicios por parte de los hombres; la falta de mecanismos de resoluci\u00f3n de conflictos y negociaci\u00f3n de diferencias. Mientras que cada caso de violencia en el noviazgo evidencia una socializaci\u00f3n donde ni\u00f1as y ni\u00f1os han ido incorporando los estereotipos y desigualdades.<\/p>\n\n\n\n<p class=\"wp-block-paragraph\">Dijo que el tema de la violencia tiene que irse trabajando, probablemente la educaci\u00f3n b\u00e1sica sea el espacio donde esto se pueda trabajar m\u00e1s hacia la igualdad de g\u00e9nero y una educaci\u00f3n sexual integral. \u201cEl peso de los medios de comunicaci\u00f3n es important\u00edsimo, la cantidad de violencia que vemos en las telenovelas, las pel\u00edculas de acci\u00f3n; la legitimaci\u00f3n de la violencia es tremenda\u201d.<\/p>\n\n\n\n<h2 class=\"wp-block-heading\"><strong>Instalar concepto de masculinidad en la perspectiva de g\u00e9nero<\/strong><\/h2>\n\n\n\n<p class=\"wp-block-paragraph\">Yair Maldonado, Integrante de GENDES, A.C indic\u00f3 que para mejorar la calidad de vida y un acceso libre de violencia de las mujeres se tendr\u00e1 que instalar el concepto de masculinidades en la perspectiva de g\u00e9nero, a fin de que todo el trabajo del hombre tenga como objetivo avanzar en el ejercicio de derechos de las mujeres.<\/p>\n\n\n\n<p class=\"wp-block-paragraph\">A\u00f1adi\u00f3 que en esta iniciativa se plantea instalar el enfoque de masculinidad no s\u00f3lo en las leyes generales y secundarias y l\u00ednea program\u00e1tica, sino en la agenda p\u00fablica para que la narrativa se transforme e invite a la participaci\u00f3n de los hombres a combatir la violencia contra las mujeres y ni\u00f1as.<\/p>\n","protected":false},"excerpt":{"rendered":"<p>Al continuar el Foro virtual \u201cPresentaci\u00f3n y an\u00e1lisis del proyecto de Iniciativa legislativa en materia de trabajo reeducativo con hombres que ejercen violencias contra las mujeres\u201d<\/p>\n","protected":false},"author":3,"featured_media":38472,"comment_status":"open","ping_status":"open","sticky":false,"template":"","format":"standard","meta":{"_monsterinsights_skip_tracking":false,"footnotes":""},"categories":[692,50],"tags":[],"class_list":["post-38471","post","type-post","status-publish","format-standard","has-post-thumbnail","category-692","category-congreso"],"_links":{"self":[{"href":"https:\/\/redsemlac.com\/semmexico\/wp-json\/wp\/v2\/posts\/38471","targetHints":{"allow":["GET"]}}],"collection":[{"href":"https:\/\/redsemlac.com\/semmexico\/wp-json\/wp\/v2\/posts"}],"about":[{"href":"https:\/\/redsemlac.com\/semmexico\/wp-json\/wp\/v2\/types\/post"}],"author":[{"embeddable":true,"href":"https:\/\/redsemlac.com\/semmexico\/wp-json\/wp\/v2\/users\/3"}],"replies":[{"embeddable":true,"href":"https:\/\/redsemlac.com\/semmexico\/wp-json\/wp\/v2\/comments?post=38471"}],"version-history":[{"count":0,"href":"https:\/\/redsemlac.com\/semmexico\/wp-json\/wp\/v2\/posts\/38471\/revisions"}],"wp:featuredmedia":[{"embeddable":true,"href":"https:\/\/redsemlac.com\/semmexico\/wp-json\/wp\/v2\/media\/38472"}],"wp:attachment":[{"href":"https:\/\/redsemlac.com\/semmexico\/wp-json\/wp\/v2\/media?parent=38471"}],"wp:term":[{"taxonomy":"category","embeddable":true,"href":"https:\/\/redsemlac.com\/semmexico\/wp-json\/wp\/v2\/categories?post=38471"},{"taxonomy":"post_tag","embeddable":true,"href":"https:\/\/redsemlac.com\/semmexico\/wp-json\/wp\/v2\/tags?post=38471"}],"curies":[{"name":"wp","href":"https:\/\/api.w.org\/{rel}","templated":true}]}}