{"id":38468,"date":"2021-07-22T12:45:42","date_gmt":"2021-07-22T18:45:42","guid":{"rendered":"https:\/\/redsemlac.com\/semmexico\/?p=38468"},"modified":"2023-07-21T17:04:35","modified_gmt":"2023-07-21T22:04:35","slug":"fortalece-evelyn-salgado-pineda-comunicacion-con-gabinete-de-seguridad-del-gobierno-de-mexico","status":"publish","type":"post","link":"https:\/\/redsemlac.com\/semmexico\/fortalece-evelyn-salgado-pineda-comunicacion-con-gabinete-de-seguridad-del-gobierno-de-mexico\/","title":{"rendered":"Fortalece Evelyn Salgado Pineda comunicaci\u00f3n con Gabinete de Seguridad del Gobierno de M\u00e9xico"},"content":{"rendered":"\n<ul class=\"wp-block-list\"><li><strong>La gobernadora electa se re\u00fane&nbsp; Rosa Icela Rodr\u00edguez Vel\u00e1zquez<\/strong><\/li><\/ul>\n\n\n\n<p class=\"wp-block-paragraph\"><strong>Redacci\u00f3n<\/strong><\/p>\n\n\n\n<p class=\"wp-block-paragraph\">SemM\u00e9xico\/Ceprovysa, Cd. de M\u00e9xico, 22 de julio de 2021.- Con el objetivo de atender de manera conjunta los temas de prioridad para las y los guerrerenses, la gobernadora electa de Guerrero, Evelyn salgado Pineda, se reuni\u00f3n con la titular de la Secretar\u00eda de Seguridad y Protecci\u00f3n Ciudadana (SSPC), Rosa Icela Rodr\u00edguez Vel\u00e1zquez, procurando fortalecer la comunicaci\u00f3n con el Gabinete de Seguridad del Gobierno de M\u00e9xico.<\/p>\n\n\n\n<p class=\"wp-block-paragraph\">Este mi\u00e9rcoles, Evelyn Salgado Pineda, inform\u00f3 de su reuni\u00f3n en la Ciudad de M\u00e9xico con la funcionaria federal responsable de realizar y ejecutar los programas enfocados a la prevenci\u00f3n general de los delitos.<\/p>\n\n\n\n<p class=\"wp-block-paragraph\">&nbsp;\u201cLa colaboraci\u00f3n es compromiso ineludible de los gobiernos de la 4T, por ello, celebro la reuni\u00f3n con la titular de la Secretar\u00eda de Seguridad y Protecci\u00f3n Ciudadana (SSPC), Rosa Icela Rodr\u00edguez Vel\u00e1zquez, mujer comprometida en las tareas de pacificaci\u00f3n del pa\u00eds\u201d, se lee en la publicaci\u00f3n de las redes oficiales de Salgado Pineda.<\/p>\n\n\n\n<p class=\"wp-block-paragraph\">La virtual gobernadora de Guerrero concluy\u00f3 destacando los esfuerzos conjuntos que los pr\u00f3ximos gobiernos de la Cuarta Transformaci\u00f3n est\u00e1n trazando para beneficio de la gente: \u201cDe manera decidida seguimos fortaleciendo la comunicaci\u00f3n con el gabinete federal para atender de manera conjunta los temas de prioridad para las y los guerrerenses. \u00a1Juntas y juntos construimos la paz en Guerrero!\u201d.<\/p>\n\n\n\n<p class=\"wp-block-paragraph\">En su agenda como gobernadora electa de Guerrero, Evelyn Salgado Pineda, ha tenido encuentros&nbsp; con el presidente de M\u00e9xico, Andr\u00e9s Manuel L\u00f3pez Obrador, funcionarios del gabinete federal, as\u00ed como con gobernadoras y gobernadores electos y en funciones, refrendando su compromiso de trabajar con total entrega por el pueblo guerrerense.<\/p>\n","protected":false},"excerpt":{"rendered":"<p>La gobernadora electa se re\u00fane  Rosa Icela Rodr\u00edguez Vel\u00e1zquez<\/p>\n","protected":false},"author":3,"featured_media":38469,"comment_status":"open","ping_status":"open","sticky":false,"template":"","format":"standard","meta":{"_monsterinsights_skip_tracking":false,"footnotes":""},"categories":[692,51],"tags":[],"class_list":["post-38468","post","type-post","status-publish","format-standard","has-post-thumbnail","category-692","category-ejecutivo"],"_links":{"self":[{"href":"https:\/\/redsemlac.com\/semmexico\/wp-json\/wp\/v2\/posts\/38468","targetHints":{"allow":["GET"]}}],"collection":[{"href":"https:\/\/redsemlac.com\/semmexico\/wp-json\/wp\/v2\/posts"}],"about":[{"href":"https:\/\/redsemlac.com\/semmexico\/wp-json\/wp\/v2\/types\/post"}],"author":[{"embeddable":true,"href":"https:\/\/redsemlac.com\/semmexico\/wp-json\/wp\/v2\/users\/3"}],"replies":[{"embeddable":true,"href":"https:\/\/redsemlac.com\/semmexico\/wp-json\/wp\/v2\/comments?post=38468"}],"version-history":[{"count":0,"href":"https:\/\/redsemlac.com\/semmexico\/wp-json\/wp\/v2\/posts\/38468\/revisions"}],"wp:featuredmedia":[{"embeddable":true,"href":"https:\/\/redsemlac.com\/semmexico\/wp-json\/wp\/v2\/media\/38469"}],"wp:attachment":[{"href":"https:\/\/redsemlac.com\/semmexico\/wp-json\/wp\/v2\/media?parent=38468"}],"wp:term":[{"taxonomy":"category","embeddable":true,"href":"https:\/\/redsemlac.com\/semmexico\/wp-json\/wp\/v2\/categories?post=38468"},{"taxonomy":"post_tag","embeddable":true,"href":"https:\/\/redsemlac.com\/semmexico\/wp-json\/wp\/v2\/tags?post=38468"}],"curies":[{"name":"wp","href":"https:\/\/api.w.org\/{rel}","templated":true}]}}