{"id":38460,"date":"2021-07-21T16:00:00","date_gmt":"2021-07-21T22:00:00","guid":{"rendered":"https:\/\/redsemlac.com\/semmexico\/?p=38460"},"modified":"2023-07-21T17:04:36","modified_gmt":"2023-07-21T22:04:36","slug":"no-se-despenaliza-el-aborto-en-veracruz-aclara-abogado-olmos-alfonso","status":"publish","type":"post","link":"https:\/\/redsemlac.com\/semmexico\/no-se-despenaliza-el-aborto-en-veracruz-aclara-abogado-olmos-alfonso\/","title":{"rendered":"No se despenaliza el aborto en Veracruz, aclara abogado Olmos Alfonso"},"content":{"rendered":"\n<ul class=\"wp-block-list\"><li><strong>No est\u00e1 derogado el delito del aborto, la conducta est\u00e1 sancionada, define.<\/strong><\/li><\/ul>\n\n\n\n<ul class=\"wp-block-list\"><li><strong>Al estar sancionado no puede ser impugnado por inconstitucionalidad.<\/strong><\/li><\/ul>\n\n\n\n<p class=\"wp-block-paragraph\"><strong>Nicol\u00e1s Cruz Hern\u00e1ndez<\/strong><\/p>\n\n\n\n<p class=\"wp-block-paragraph\">SemM\u00e9xico\/BPNoticias, Xalapa, Ver. 21 julio 2021.-\u201cEs mentira que se deroga el delito del aborto, la conducta antisocial que despliega una persona est\u00e1 sancionada. La pena es de 15 d\u00edas a dos meses, es irrisorio y con trabajos a la sociedad, sostuvo el abogado Valent\u00edn Olmos Alfonso, Presidente de la Federaci\u00f3n de Barras de Abogados en el Estado de Veracruz.<\/p>\n\n\n\n<p class=\"wp-block-paragraph\">En conferencia de prensa consider\u00f3 que era digno de aplaudir y reconocer que el art\u00edculo 152 si se deroga para reconocer que la interrupci\u00f3n del embarazo por alguna lesi\u00f3n que sufra la persona que se encuentre en dicho estado ya no va hacer acreedora de una sanci\u00f3n \u201cy es el \u00fanico que se deroga pero de ah\u00ed en fuera las conductas siguen aplic\u00e1ndose\u201d aclar\u00f3.<\/p>\n\n\n\n<p class=\"wp-block-paragraph\">\u201cVuelvo a repetir son irrisorias porque ahora son m\u00ednimas, la persona que vaya a desplegar esa conducta no se va a preocupar porque no va a ir a la c\u00e1rcel, nada m\u00e1s va hacer un trabajo a favor de la comunidad y van hacer 37 d\u00edas nada m\u00e1s. Nos vamos a la media aritm\u00e9tica de 15 d\u00edas a dos meses, estamos hablando de 37 d\u00edas de trabajo a favor de la comunidad y esa es la pena a la persona que realice tal interrupci\u00f3n\u201d.<\/p>\n\n\n\n<p class=\"wp-block-paragraph\">Indic\u00f3 que anteriormente era hasta dos a\u00f1os que se le cancelaba a los m\u00e9dicos la c\u00e9dula para ejercer \u201cy ahora ya no\u201d.<\/p>\n\n\n\n<p class=\"wp-block-paragraph\">Se\u00f1al\u00f3 que le caus\u00f3 sorpresa escuchar y leer que se deroga el delito del aborto, dijo que lo hicieron pensando a que si se fuera a una controversia constitucional no podr\u00eda tener grandes efectos porque la conducta la penalidad ah\u00ed est\u00e1, entonces \u201cno est\u00e1 derogado como tal\u201d.<\/p>\n\n\n\n<h2 class=\"wp-block-heading\"><strong>Sobre la posibilidad de la acci\u00f3n de anticonstitucionalidad<\/strong><\/h2>\n\n\n\n<p class=\"wp-block-paragraph\">El Presidente de la Federaci\u00f3n de Barras de Abogados en el Estado de Veracruz, explic\u00f3 que habr\u00eda que ver como la van a plantear porque, si bien es cierto que el art\u00edculo cuarto constitucional dice que el derecho a la vida se debe de respetar pero, si no est\u00e1 como una pena dentro del c\u00f3digo penal. Ah\u00ed s\u00ed habr\u00eda una controversia.<\/p>\n\n\n\n<p class=\"wp-block-paragraph\">\u201cAqu\u00ed tendr\u00edan que analizar los legisladores en cuanto esa controversia que tanto le va afectar a la sociedad esa interrupci\u00f3n del embarazo y esa vida que deben de proteger. A\u00f1adi\u00f3 que si se har\u00eda la controversia si se hubiese derogado como tal\u201d.<\/p>\n\n\n\n<p class=\"wp-block-paragraph\">\u201cPero esa conducta no est\u00e1 derogada como tal, est\u00e1 vigente en el c\u00f3digo penal, no se confundan. El aborto est\u00e1 en el c\u00f3digo penal plasmado, delegarlo no es legal porque est\u00e1 sancionado, al estar sancionado no es legal, legal ser\u00eda no tener ninguna sanci\u00f3n al desplegar esa conducta.\u201d<\/p>\n","protected":false},"excerpt":{"rendered":"<p>No est\u00e1 derogado el delito del aborto, la conducta est\u00e1 sancionada, define.<\/p>\n","protected":false},"author":3,"featured_media":38461,"comment_status":"open","ping_status":"open","sticky":false,"template":"","format":"standard","meta":{"_monsterinsights_skip_tracking":false,"footnotes":""},"categories":[692,51],"tags":[],"class_list":["post-38460","post","type-post","status-publish","format-standard","has-post-thumbnail","category-692","category-ejecutivo"],"_links":{"self":[{"href":"https:\/\/redsemlac.com\/semmexico\/wp-json\/wp\/v2\/posts\/38460","targetHints":{"allow":["GET"]}}],"collection":[{"href":"https:\/\/redsemlac.com\/semmexico\/wp-json\/wp\/v2\/posts"}],"about":[{"href":"https:\/\/redsemlac.com\/semmexico\/wp-json\/wp\/v2\/types\/post"}],"author":[{"embeddable":true,"href":"https:\/\/redsemlac.com\/semmexico\/wp-json\/wp\/v2\/users\/3"}],"replies":[{"embeddable":true,"href":"https:\/\/redsemlac.com\/semmexico\/wp-json\/wp\/v2\/comments?post=38460"}],"version-history":[{"count":0,"href":"https:\/\/redsemlac.com\/semmexico\/wp-json\/wp\/v2\/posts\/38460\/revisions"}],"wp:featuredmedia":[{"embeddable":true,"href":"https:\/\/redsemlac.com\/semmexico\/wp-json\/wp\/v2\/media\/38461"}],"wp:attachment":[{"href":"https:\/\/redsemlac.com\/semmexico\/wp-json\/wp\/v2\/media?parent=38460"}],"wp:term":[{"taxonomy":"category","embeddable":true,"href":"https:\/\/redsemlac.com\/semmexico\/wp-json\/wp\/v2\/categories?post=38460"},{"taxonomy":"post_tag","embeddable":true,"href":"https:\/\/redsemlac.com\/semmexico\/wp-json\/wp\/v2\/tags?post=38460"}],"curies":[{"name":"wp","href":"https:\/\/api.w.org\/{rel}","templated":true}]}}