{"id":38457,"date":"2021-07-21T15:45:00","date_gmt":"2021-07-21T21:45:00","guid":{"rendered":"https:\/\/redsemlac.com\/semmexico\/?p=38457"},"modified":"2023-07-21T17:04:36","modified_gmt":"2023-07-21T22:04:36","slug":"impunidad-en-agresiones-sexuales-a-las-mujeres-en-el-gobierno-de-alejandro-murat-revelan-estadisticas-consorcio-oaxaca","status":"publish","type":"post","link":"https:\/\/redsemlac.com\/semmexico\/impunidad-en-agresiones-sexuales-a-las-mujeres-en-el-gobierno-de-alejandro-murat-revelan-estadisticas-consorcio-oaxaca\/","title":{"rendered":"Impunidad en agresiones sexuales a las mujeres en el gobierno de Alejandro Murat, revelan estad\u00edsticas: Consorcio Oaxaca"},"content":{"rendered":"\n<ul class=\"wp-block-list\"><li><strong>Ni\u00f1as y adolescentes menores de 18 a\u00f1os las principales v\u00edctimas<\/strong><\/li><\/ul>\n\n\n\n<p class=\"wp-block-paragraph\"><strong>Micaela M\u00e1rquez<\/strong><\/p>\n\n\n\n<p class=\"wp-block-paragraph\">SemM\u00e9xico, Cd. de M\u00e9xico, 21 de julio 2021.-&nbsp; En el estado de Oaxaca existe impunidad para sancionar la violencia de g\u00e9nero y en particular la violencia sexual denuncio Yessica S\u00e1nchez Maya de la organizaci\u00f3n Consorcio Oaxaca tras se\u00f1alar que las principales v\u00edctimas son las ni\u00f1as y adolescentes menores de 18 a\u00f1os.<\/p>\n\n\n\n<p class=\"wp-block-paragraph\">En un recuento de los delitos sexuales que registra esta organizaci\u00f3n en la Plataforma de Violencia Feminicida, se han documentado 372 casos de delitos sexuales durante la administraci\u00f3n de Alejandro Murat Hinojosa, del 1\u00ba de diciembre del 2016 al 6 de julio del 2021.<\/p>\n\n\n\n<p class=\"wp-block-paragraph\">De acuerdo a las estad\u00edsticas que publican en las notas period\u00edsticas de la entidad, en 223 casos fueron violaci\u00f3n, es decir, el 60 por ciento del total. Abuso sexual se registran 120 casos, el 32 por ciento del total; y 27 casos fueron identificados como acoso Sexual, un 7 por ciento del total.<\/p>\n\n\n\n<p class=\"wp-block-paragraph\">La defensora de los derechos humanos resalt\u00f3 que las principales v\u00edctimas de los delitos sexuales son las ni\u00f1as y adolescentes menores de 18 a\u00f1os. Mientras que los casos de abuso y acoso sexual disminuyen conforme aumenta la edad de las v\u00edctimas. &nbsp;<\/p>\n\n\n\n<p class=\"wp-block-paragraph\">Sin embargo, afirm\u00f3 que en general en los casos de violaci\u00f3n existen v\u00edctimas de todos los rangos de edad. El rango de edades en donde se registr\u00f3 un delito sexual va desde los 2 a\u00f1os de la v\u00edctima m\u00e1s joven hasta 88 a\u00f1os en la v\u00edctima de mayor edad.<\/p>\n\n\n\n<p class=\"wp-block-paragraph\">Adem\u00e1s, dijo que \u201ceste tipo de delitos dejan fuertes secuelas en las mujeres que la padecen. Adem\u00e1s de lesiones f\u00edsicas y psicol\u00f3gicas tambi\u00e9n, por falta de informaci\u00f3n o rapidez en el procedimiento, puede terminar con embarazos no deseados, de los cuales muchas veces las mujeres se sienten culpables.<\/p>\n\n\n\n<p class=\"wp-block-paragraph\">Respecto a los agresores dijo que les fue posible identificar que la relaci\u00f3n con la v\u00edctima fue identificada como compa\u00f1ero de trabajo, colaborador, patr\u00f3n o profesor de la v\u00edctima.&nbsp; En 98 del total de casos, de este n\u00famero, el 50 por ciento ten\u00eda un v\u00ednculo de confianza o sentimental (amigo, pareja, expareja, padrastro, concubino, novio, exnovio, vecino).<\/p>\n\n\n\n<p class=\"wp-block-paragraph\">En el 26 por ciento de esos casos la relaci\u00f3n del agresor con la v\u00edctima es familiar (parentesco directo o pol\u00edtico) y en el 24 por ciento de los casos restantes, la relaci\u00f3n del agresor con la v\u00edctima es laboral o de estudios.<\/p>\n\n\n\n<p class=\"wp-block-paragraph\">Se identific\u00f3 adem\u00e1s que la ocupaci\u00f3n de los agresores cinco son las m\u00e1s frecuentes en la mayor\u00eda de los casos profesores, 15 casos; campesinos 10 casos, taxistas 9 casos y mototaxistas 7 casos y polic\u00edas 5 casos.<\/p>\n\n\n\n<p class=\"wp-block-paragraph\">S\u00e1nchez Maya destac\u00f3 que \u201cla violencia sexual es mucho m\u00e1s frecuente de lo que aparece en las estad\u00edsticas que presentamos y ello se debe a que en muchos casos las v\u00edctimas, sean ni\u00f1as, j\u00f3venes o mujeres adultas callan por verg\u00fcenza, temor o porque les hacen creer que ellas lo provocaron. Cuando piden ayuda, no les creen y cuando son instituciones sabemos que las vuelven a victimizar\u201d<\/p>\n\n\n\n<p class=\"wp-block-paragraph\">Como ejemplo menciono el caso de C\u00e9sar Ch\u00e1vez quien fue acusado penalmente por el delito de violaci\u00f3n a quien se le ejecut\u00f3 la orden de aprehensi\u00f3n en el 2016 y fue liberado en el 2018 por parte del Juez Cuarto de lo Penal, bajo argumentos estereotipados, prejuicios, burla y re victimizando a la v\u00edctima, y el litigio a\u00fan no termina.<\/p>\n","protected":false},"excerpt":{"rendered":"<p>Ni\u00f1as y adolescentes menores de 18 a\u00f1os las principales v\u00edctimas<\/p>\n","protected":false},"author":3,"featured_media":38458,"comment_status":"open","ping_status":"open","sticky":false,"template":"","format":"standard","meta":{"_monsterinsights_skip_tracking":false,"footnotes":""},"categories":[692,54],"tags":[],"class_list":["post-38457","post","type-post","status-publish","format-standard","has-post-thumbnail","category-692","category-mujeres"],"_links":{"self":[{"href":"https:\/\/redsemlac.com\/semmexico\/wp-json\/wp\/v2\/posts\/38457","targetHints":{"allow":["GET"]}}],"collection":[{"href":"https:\/\/redsemlac.com\/semmexico\/wp-json\/wp\/v2\/posts"}],"about":[{"href":"https:\/\/redsemlac.com\/semmexico\/wp-json\/wp\/v2\/types\/post"}],"author":[{"embeddable":true,"href":"https:\/\/redsemlac.com\/semmexico\/wp-json\/wp\/v2\/users\/3"}],"replies":[{"embeddable":true,"href":"https:\/\/redsemlac.com\/semmexico\/wp-json\/wp\/v2\/comments?post=38457"}],"version-history":[{"count":0,"href":"https:\/\/redsemlac.com\/semmexico\/wp-json\/wp\/v2\/posts\/38457\/revisions"}],"wp:featuredmedia":[{"embeddable":true,"href":"https:\/\/redsemlac.com\/semmexico\/wp-json\/wp\/v2\/media\/38458"}],"wp:attachment":[{"href":"https:\/\/redsemlac.com\/semmexico\/wp-json\/wp\/v2\/media?parent=38457"}],"wp:term":[{"taxonomy":"category","embeddable":true,"href":"https:\/\/redsemlac.com\/semmexico\/wp-json\/wp\/v2\/categories?post=38457"},{"taxonomy":"post_tag","embeddable":true,"href":"https:\/\/redsemlac.com\/semmexico\/wp-json\/wp\/v2\/tags?post=38457"}],"curies":[{"name":"wp","href":"https:\/\/api.w.org\/{rel}","templated":true}]}}