{"id":38454,"date":"2021-07-21T15:29:00","date_gmt":"2021-07-21T21:29:00","guid":{"rendered":"https:\/\/redsemlac.com\/semmexico\/?p=38454"},"modified":"2023-07-21T17:04:36","modified_gmt":"2023-07-21T22:04:36","slug":"vietnam-promueven-igualdad-de-genero-en-sistema-de-bienestar-y-seguro-social","status":"publish","type":"post","link":"https:\/\/redsemlac.com\/semmexico\/vietnam-promueven-igualdad-de-genero-en-sistema-de-bienestar-y-seguro-social\/","title":{"rendered":"Vietnam: Promueven igualdad de g\u00e9nero en sistema de bienestar y seguro social"},"content":{"rendered":"\n<ul class=\"wp-block-list\"><li><strong>La Uni\u00f3n de Mujeres de Vietnam (UMV) y la Organizaci\u00f3n Internacional del Trabajo (OIT) coordinaron seminario en l\u00ednea<\/strong><\/li><\/ul>\n\n\n\n<ul class=\"wp-block-list\"><li><strong>Analizan &nbsp;cuestiones de g\u00e9nero en una serie de pol\u00edticas del bienestar social en el pa\u00eds indochino<\/strong><\/li><\/ul>\n\n\n\n<p class=\"wp-block-paragraph\"><strong>Redacci\u00f3n<\/strong><\/p>\n\n\n\n<p class=\"wp-block-paragraph\">SemM\u00e9xico\/ AmecoPress, 21 de julio 2021.- <strong>AmecoPress\/Vietnam+.-\u00a0La Uni\u00f3n de Mujeres de Vietnam (UMV) y la Organizaci\u00f3n Internacional del Trabajo (OIT) coordinaron hoy la organizaci\u00f3n de un seminario en l\u00ednea sobre las cuestiones de g\u00e9nero en una serie de pol\u00edticas del bienestar social en el pa\u00eds indochino.<\/strong><\/p>\n\n\n\n<p class=\"wp-block-paragraph\">Se trata de una de las actividades en el marco de la cooperaci\u00f3n entre las dos partes en la incorporaci\u00f3n y la implementaci\u00f3n de la igualdad de g\u00e9nero en las pol\u00edticas del bienestar social de Vietnam, sobre todo el sistema de seguro social.<\/p>\n\n\n\n<p class=\"wp-block-paragraph\">Al intervenir en el simposio, la vicepresidenta de la UMV Tran Thi Huong declar\u00f3 que la garant\u00eda del derecho de cada ciudadano al bienestar social constituye el enfoque sabio y a largo plazo del Partido Comunista y Estado de Vietnam.<\/p>\n\n\n\n<p class=\"wp-block-paragraph\">El bienestar social y la seguridad humana se identifican como factores importantes durante el proceso del desarrollo nacional de la naci\u00f3n del Sudeste Asi\u00e1tico, agreg\u00f3 la funcionaria.<\/p>\n\n\n\n<p class=\"wp-block-paragraph\">En el sistema de bienestar, el&nbsp;<a href=\"https:\/\/es.vietnamplus.vn\/tags\/seguro-social.vnp\"><strong>seguro social<\/strong><\/a>&nbsp;juega un papel fundamental con su contribuci\u00f3n al desarrollo socioecon\u00f3mico de Vietnam, seg\u00fan Tran Thi Huong.<\/p>\n\n\n\n<p class=\"wp-block-paragraph\">En los \u00faltimos a\u00f1os, las pol\u00edticas del seguro social del pa\u00eds se han mejorado gradualmente, encamin\u00e1ndose hacia la ampliaci\u00f3n de su cobertura, como aportes a la implementaci\u00f3n de los Objetivos de Desarrollo Sostenible de las Naciones Unidas y la&nbsp;<a href=\"https:\/\/es.vietnamplus.vn\/tags\/igualdad-de-g%C3%A9nero.vnp\"><strong>igualdad de g\u00e9nero<\/strong><\/a>&nbsp;con la que&nbsp;<a href=\"https:\/\/es.vietnamplus.vn\/tags\/Vietnam.vnp\"><strong>Vietnam<\/strong><\/a>&nbsp;est\u00e1 comprometido.<\/p>\n\n\n\n<p class=\"wp-block-paragraph\">Sin embargo, se\u00f1al\u00f3 que los resultados de la implementaci\u00f3n de las p\u00f3lizas del seguro social muestran que la cobertura real sigue siendo baja.<\/p>\n\n\n\n<p class=\"wp-block-paragraph\">Seg\u00fan los datos gubernamentales, hasta el 31 de diciembre de 2020, solo el 31,12 por ciento de los pobladores en edad laboral ha participado en el sistema de seguro social obligatorio, una reducci\u00f3n interanual de 1,12 por ciento, y el 2,31 por ciento ha asistido al voluntario.<\/p>\n\n\n\n<p class=\"wp-block-paragraph\">Por tal motivo, el 66,5 por ciento a\u00fan no ha participado en el campo, especialmente agricultores y trabajadores en el sector informal de bajos ingresos.<\/p>\n\n\n\n<p class=\"wp-block-paragraph\">La falta de pol\u00edticas para proteger la maternidad no solo afecta a los ingresos y el tiempo de trabajo de las mujeres, sino tambi\u00e9n provoca da\u00f1os a la salud de las madres, ni\u00f1os y el desarrollo sostenible de los recursos humanos del pa\u00eds, remarc\u00f3.<\/p>\n\n\n\n<p class=\"wp-block-paragraph\">En ese sentido, la Uni\u00f3n ha revisado las pol\u00edticas actuales y coordinadas con las agencias concernientes para realizar investigaciones pr\u00e1cticas, con el objetivo de preparar las enmiendas de la Ley de Seguro Social 2014 para concretar la Resoluci\u00f3n n\u00famero 28 del Comit\u00e9 Central del Partido Comunista de Vietnam del XII mandato sobre la reforma de las pol\u00edticas relativas.<\/p>\n\n\n\n<p class=\"wp-block-paragraph\">La Resoluci\u00f3n n\u00famero 28 pretende convertir a esta herramienta en un pilar fundamental del sistema del bienestar social, al ampliar poco a poco de manera s\u00f3lida su cobertura hasta hacerlo universal y asegurar la igualdad de g\u00e9nero en el proceso de elaboraci\u00f3n de leyes.<\/p>\n\n\n\n<p class=\"wp-block-paragraph\">Por su parte, Valentina Barcucci, directora interina de la OIT en Hanoi, subray\u00f3 que para garantizar que los hombres y las mujeres tengan las mismas oportunidades a lo largo de su vida, es necesaria ajustar las pol\u00edticas al respecto desde la actual neutralidad de g\u00e9nero.<\/p>\n\n\n\n<p class=\"wp-block-paragraph\">Afirm\u00f3 que como socio a largo plazo de Vietnam, su organizaci\u00f3n continuar\u00e1 apoyando al pa\u00eds indochino en la construcci\u00f3n y fortalecimiento del sistema del bienestar social en numerosos aspectos hacia la sensibilidad de g\u00e9nero, con el fin de lograr avances en el campo.<\/p>\n","protected":false},"excerpt":{"rendered":"<p>La Uni\u00f3n de Mujeres de Vietnam (UMV) y la Organizaci\u00f3n Internacional del Trabajo (OIT) coordinaron seminario en l\u00ednea<\/p>\n","protected":false},"author":3,"featured_media":38455,"comment_status":"open","ping_status":"open","sticky":false,"template":"","format":"standard","meta":{"_monsterinsights_skip_tracking":false,"footnotes":""},"categories":[692,53],"tags":[],"class_list":["post-38454","post","type-post","status-publish","format-standard","has-post-thumbnail","category-692","category-internacional"],"_links":{"self":[{"href":"https:\/\/redsemlac.com\/semmexico\/wp-json\/wp\/v2\/posts\/38454","targetHints":{"allow":["GET"]}}],"collection":[{"href":"https:\/\/redsemlac.com\/semmexico\/wp-json\/wp\/v2\/posts"}],"about":[{"href":"https:\/\/redsemlac.com\/semmexico\/wp-json\/wp\/v2\/types\/post"}],"author":[{"embeddable":true,"href":"https:\/\/redsemlac.com\/semmexico\/wp-json\/wp\/v2\/users\/3"}],"replies":[{"embeddable":true,"href":"https:\/\/redsemlac.com\/semmexico\/wp-json\/wp\/v2\/comments?post=38454"}],"version-history":[{"count":0,"href":"https:\/\/redsemlac.com\/semmexico\/wp-json\/wp\/v2\/posts\/38454\/revisions"}],"wp:featuredmedia":[{"embeddable":true,"href":"https:\/\/redsemlac.com\/semmexico\/wp-json\/wp\/v2\/media\/38455"}],"wp:attachment":[{"href":"https:\/\/redsemlac.com\/semmexico\/wp-json\/wp\/v2\/media?parent=38454"}],"wp:term":[{"taxonomy":"category","embeddable":true,"href":"https:\/\/redsemlac.com\/semmexico\/wp-json\/wp\/v2\/categories?post=38454"},{"taxonomy":"post_tag","embeddable":true,"href":"https:\/\/redsemlac.com\/semmexico\/wp-json\/wp\/v2\/tags?post=38454"}],"curies":[{"name":"wp","href":"https:\/\/api.w.org\/{rel}","templated":true}]}}