{"id":38451,"date":"2021-07-21T15:00:00","date_gmt":"2021-07-21T21:00:00","guid":{"rendered":"https:\/\/redsemlac.com\/semmexico\/?p=38451"},"modified":"2023-07-21T17:04:36","modified_gmt":"2023-07-21T22:04:36","slug":"confinadas-de-por-vida-de-najat-el-hachmi-trabajo-ganador-del-iv-premio-de-periodismo-maria-luz-morales","status":"publish","type":"post","link":"https:\/\/redsemlac.com\/semmexico\/confinadas-de-por-vida-de-najat-el-hachmi-trabajo-ganador-del-iv-premio-de-periodismo-maria-luz-morales\/","title":{"rendered":"\u201cConfinadas de por vida\u201d, de Najat El Hachmi, trabajo ganador del IV Premio de periodismo Mar\u00eda Luz Morales"},"content":{"rendered":"\n<ul class=\"wp-block-list\"><li><strong>Premio de periodismo feminista organizado por La CIBA y el Observatorio Cultural de G\u00e9nero<\/strong><\/li><\/ul>\n\n\n\n<ul class=\"wp-block-list\"><li><strong>Busca &nbsp;incentivar trabajos&nbsp; que traten sobre el empoderamiento de las mujeres y los feminismos en cualquiera de sus vertientes<\/strong><\/li><\/ul>\n\n\n\n<p class=\"wp-block-paragraph\"><strong>Redacci\u00f3n<\/strong><\/p>\n\n\n\n<p class=\"wp-block-paragraph\">SemM\u00e9xico\/AmecoPress, Madrid, Espa\u00f1a, 21 de julio 2021.-\u00a0\u2019Confinadas de por vida\u2019, de Najat El Hachmi, ha sido el trabajo ganador de la IV edici\u00f3n del Premio de periodismo feminista Mar\u00eda Luz Morales. El certamen est\u00e1 convocado por el Observatorio Cultural de G\u00e9nero (el OCG\u00e8nere) y el Ayuntamiento de Santa Coloma, con la colaboraci\u00f3n del Diario AHORA. Al acto de entrega de los galardones asisti\u00f3 la alcaldesa de la ciudad, N\u00faria Parlon, y la directora del OCG\u00e8nere, M\u00aa \u00c1ngeles Cabr\u00e9.<\/p>\n\n\n\n<p class=\"wp-block-paragraph\">El objetivo de este premio es incentivar trabajos period\u00edsticos que traten sobre el empoderamiento de las mujeres y los feminismos en cualquiera de sus vertientes. \u00abNos gusta acoger este galard\u00f3n en La CIBA para que, en cierta forma, refleja la filosof\u00eda del espacio. Nos hemos marcado como objetivo recuperar estas genealog\u00edas, el trabajo en red\u00bb- explic\u00f3 la alcaldesa -\u00abEs importante recoger todo lo que hoy en d\u00eda se est\u00e1 haciendo para mujeres contempor\u00e1neas para reivindicar este espacio tan merecido de las mujeres desde la denuncia de determinadas situaciones vinculadas a la violencia, desde la creatividad audiovisual, la escritura&#8230; y desde los diferentes \u00e1mbitos fundamentales que permiten transformar la realidad\u00bb.<\/p>\n\n\n\n<p class=\"wp-block-paragraph\">M\u00aa \u00c1ngeles Cabr\u00e9 agradeci\u00f3 la participaci\u00f3n de las mujeres y hombres que se ha presentado en la edici\u00f3n de este a\u00f1o, en la que concursaron m\u00e1s de 200 trabajos de todo el estado. Y record\u00f3 la figura de Mar\u00eda Luz Morales, la prestigiosa escritora y periodista cultural que fue la primera mujer directora de un diario de alcance nacional en Espa\u00f1a: \u00abQueremos recuperar la figura de esta mujer que fue cr\u00edtica cultural, teatral, literaria y cinematogr\u00e1fica, muy olvidada. Una persona transgresora y pionera del periodismo en femenino\u201d.<\/p>\n\n\n\n<p class=\"wp-block-paragraph\"><strong>Los trabajos ganadores han sido:<\/strong><\/p>\n\n\n\n<p class=\"wp-block-paragraph\">PREMIO a Confinadas de por vida, de NAJAT EL HACHMI, publicado en El Pa\u00eds. Un art\u00edculo donde el confinamiento puntual consecuencia de la pandemia contrasta con las mujeres que, llegadas del Magreb, como su propia madre, han sido obligadas a quedarse en casa como una forma m\u00e1s de domesticaci\u00f3n.<\/p>\n\n\n\n<p class=\"wp-block-paragraph\">ACC\u00c9SIT a ## PERAQU\u00cdNOPASSEM, de SARA BORELLI publicado en La Directa. Un reportaje donde se muestra como el espacio digital reproduce las desigualdades de g\u00e9nero y que aborda las violencias machistas en l\u00ednea con datos de sus impactos, los ordenamientos jur\u00eddicos vigentes y las estrategias de autodefensa de las mujeres que las sufren.<\/p>\n\n\n\n<p class=\"wp-block-paragraph\">El jurado de este a\u00f1o ha estado formado por: Maribel C\u00e1rdenas, directora de pol\u00edticas de igualdad del Ayuntamiento de Santa Coloma de Gramenet; Esther Vera, directora del ARA; M\u00aa \u00c1ngeles Cabr\u00e9, del Observatorio Cultural de G\u00e9nero; Marta Corcoy, presidenta de la Asociaci\u00f3n de Mujeres Periodistas de Catalu\u00f1a; Marina Subirats, Llu\u00eds Reales y Ariadna Oltra.<\/p>\n","protected":false},"excerpt":{"rendered":"<p>Premio de periodismo feminista organizado por La CIBA y el Observatorio Cultural de G\u00e9nero<\/p>\n","protected":false},"author":3,"featured_media":38452,"comment_status":"open","ping_status":"open","sticky":false,"template":"","format":"standard","meta":{"_monsterinsights_skip_tracking":false,"footnotes":""},"categories":[692,53],"tags":[],"class_list":["post-38451","post","type-post","status-publish","format-standard","has-post-thumbnail","category-692","category-internacional"],"_links":{"self":[{"href":"https:\/\/redsemlac.com\/semmexico\/wp-json\/wp\/v2\/posts\/38451","targetHints":{"allow":["GET"]}}],"collection":[{"href":"https:\/\/redsemlac.com\/semmexico\/wp-json\/wp\/v2\/posts"}],"about":[{"href":"https:\/\/redsemlac.com\/semmexico\/wp-json\/wp\/v2\/types\/post"}],"author":[{"embeddable":true,"href":"https:\/\/redsemlac.com\/semmexico\/wp-json\/wp\/v2\/users\/3"}],"replies":[{"embeddable":true,"href":"https:\/\/redsemlac.com\/semmexico\/wp-json\/wp\/v2\/comments?post=38451"}],"version-history":[{"count":0,"href":"https:\/\/redsemlac.com\/semmexico\/wp-json\/wp\/v2\/posts\/38451\/revisions"}],"wp:featuredmedia":[{"embeddable":true,"href":"https:\/\/redsemlac.com\/semmexico\/wp-json\/wp\/v2\/media\/38452"}],"wp:attachment":[{"href":"https:\/\/redsemlac.com\/semmexico\/wp-json\/wp\/v2\/media?parent=38451"}],"wp:term":[{"taxonomy":"category","embeddable":true,"href":"https:\/\/redsemlac.com\/semmexico\/wp-json\/wp\/v2\/categories?post=38451"},{"taxonomy":"post_tag","embeddable":true,"href":"https:\/\/redsemlac.com\/semmexico\/wp-json\/wp\/v2\/tags?post=38451"}],"curies":[{"name":"wp","href":"https:\/\/api.w.org\/{rel}","templated":true}]}}