{"id":38448,"date":"2021-07-21T14:40:00","date_gmt":"2021-07-21T20:40:00","guid":{"rendered":"https:\/\/redsemlac.com\/semmexico\/?p=38448"},"modified":"2023-07-21T17:04:36","modified_gmt":"2023-07-21T22:04:36","slug":"presentacion-de-una-llamada-a-la-accion-documento-de-cima-en-el-foro-generacion-igualdad-de-paris","status":"publish","type":"post","link":"https:\/\/redsemlac.com\/semmexico\/presentacion-de-una-llamada-a-la-accion-documento-de-cima-en-el-foro-generacion-igualdad-de-paris\/","title":{"rendered":"Presentaci\u00f3n de \u2018Una llamada a la acci\u00f3n\u2019, documento de CIMA en el Foro Generaci\u00f3n Igualdad de Par\u00eds"},"content":{"rendered":"\n<ul class=\"wp-block-list\"><li><strong>La presidenta de la Asociaci\u00f3n de Mujeres Cineastas y de Medios Audiovisuales (CIMA), Cristina Andreu, present\u00f3\u00a0 un documento para lograr la igualdad en el cine y la televisi\u00f3n.<\/strong><\/li><\/ul>\n\n\n\n<p class=\"wp-block-paragraph\"><strong>Redacci\u00f3n<\/strong><\/p>\n\n\n\n<p class=\"wp-block-paragraph\">SemM\u00e9xico\/AmecoPress\/CIMA, Madrid, Espa\u00f1a, 21 de julio 2021. La presidenta de CIMA, Cristina Andreu, present\u00f3 el documento en el Foro Generaci\u00f3n Igualdad de Par\u00eds. El proyecto se desarroll\u00f3 sobre una propuesta de Isabel Ravent\u00f3s, vicepresidenta de CIMA, con la colaboraci\u00f3n de In\u00e9s Esteban y Patricia Cort\u00e9s de ONU Mujeres.<\/p>\n\n\n\n<p class=\"wp-block-paragraph\">El&nbsp;<a href=\"https:\/\/cimamujerescineastas.es\/wp-content\/uploads\/2021\/07\/Llamada-a-la-Acci%C3%B3n.-Foro-Generaci%C3%B3n-Igualdad-Par%C3%ADs.pdf\">documento<\/a>&nbsp;conocido como \u201c<em>Una<strong> llamada a la acci\u00f3n<\/strong>\u201d<\/em> consta de seis puntos para conseguir la igualdad en los pr\u00f3ximos cinco a\u00f1os:<\/p>\n\n\n\n<ul class=\"wp-block-list\"><li>Trabajar juntas y juntos en el liderazgo de las mujeres y la representaci\u00f3n equitativa en las industrias del cine y televisi\u00f3n, adem\u00e1s de apoyar a mujeres en puestos de decisi\u00f3n.<\/li><\/ul>\n\n\n\n<ul class=\"wp-block-list\"><li>Luchar por el reconocimiento del excelente trabajo de las mujeres en la industria y por la justicia econ\u00f3mica, incluyendo la igualdad salarial por el mismo trabajo y aumentar el apoyo financiero a los proyectos audiovisuales liderados por mujeres.<\/li><\/ul>\n\n\n\n<ul class=\"wp-block-list\"><li>Promover acciones educativas con perspectiva de g\u00e9nero para la juventud incluyendo el desarrollo de planes de estudio para las escuelas de cine.<\/li><\/ul>\n\n\n\n<ul class=\"wp-block-list\"><li>Trabajar para poner fin a la violencia de g\u00e9nero con \u00e9nfasis en el acoso sexual de la industria de cine y la televisi\u00f3n mediante la sensibilizaci\u00f3n y la lucha contra la impunidad.<\/li><\/ul>\n\n\n\n<ul class=\"wp-block-list\"><li>Solicitar que los festivales internacionales se comprometan con la violencia de g\u00e9nero.<\/li><\/ul>\n\n\n\n<ul class=\"wp-block-list\"><li>Exigir a las instituciones, al Gobierno y a las empresas privadas acciones positivas.<\/li><\/ul>\n\n\n\n<p class=\"wp-block-paragraph\">Se han adherido ya&nbsp;<strong>treinta asociaciones y el objetivo es unir a todas las asociaciones de mujeres de cine y televisi\u00f3n del mundo<\/strong>, y crear una red operativa para intercambiar experiencias, mejores pr\u00e1cticas, y trabajar juntas a nivel internacional, bajo el paraguas de Naciones Unidas.<\/p>\n\n\n\n<p class=\"wp-block-paragraph\">Gina Young, escritora y directora de The Disruptors, una de las organizaciones firmantes, apunta que: \u201c<em>Hoy en d\u00eda, a\u00fan es necesario defender la representaci\u00f3n de j\u00f3venes cineastas y promover todo tipo de diversidades, puesto que el 70% de productores son hombres y blancos<\/em>\u201d.<\/p>\n\n\n\n<p class=\"wp-block-paragraph\">Tambi\u00e9n se quiere conseguir que colaboren instituciones, gobiernos y entidades privadas, para que a nivel internacional se acuerden iniciativas que permitan avanzar en la igualdad.<\/p>\n","protected":false},"excerpt":{"rendered":"<p>La presidenta de la Asociaci\u00f3n de Mujeres Cineastas y de Medios Audiovisuales (CIMA), Cristina Andreu, present\u00f3  un documento para lograr la igualdad en el cine y la televisi\u00f3n.<\/p>\n","protected":false},"author":3,"featured_media":38449,"comment_status":"open","ping_status":"open","sticky":false,"template":"","format":"standard","meta":{"_monsterinsights_skip_tracking":false,"footnotes":""},"categories":[692,53],"tags":[],"class_list":["post-38448","post","type-post","status-publish","format-standard","has-post-thumbnail","category-692","category-internacional"],"_links":{"self":[{"href":"https:\/\/redsemlac.com\/semmexico\/wp-json\/wp\/v2\/posts\/38448","targetHints":{"allow":["GET"]}}],"collection":[{"href":"https:\/\/redsemlac.com\/semmexico\/wp-json\/wp\/v2\/posts"}],"about":[{"href":"https:\/\/redsemlac.com\/semmexico\/wp-json\/wp\/v2\/types\/post"}],"author":[{"embeddable":true,"href":"https:\/\/redsemlac.com\/semmexico\/wp-json\/wp\/v2\/users\/3"}],"replies":[{"embeddable":true,"href":"https:\/\/redsemlac.com\/semmexico\/wp-json\/wp\/v2\/comments?post=38448"}],"version-history":[{"count":0,"href":"https:\/\/redsemlac.com\/semmexico\/wp-json\/wp\/v2\/posts\/38448\/revisions"}],"wp:featuredmedia":[{"embeddable":true,"href":"https:\/\/redsemlac.com\/semmexico\/wp-json\/wp\/v2\/media\/38449"}],"wp:attachment":[{"href":"https:\/\/redsemlac.com\/semmexico\/wp-json\/wp\/v2\/media?parent=38448"}],"wp:term":[{"taxonomy":"category","embeddable":true,"href":"https:\/\/redsemlac.com\/semmexico\/wp-json\/wp\/v2\/categories?post=38448"},{"taxonomy":"post_tag","embeddable":true,"href":"https:\/\/redsemlac.com\/semmexico\/wp-json\/wp\/v2\/tags?post=38448"}],"curies":[{"name":"wp","href":"https:\/\/api.w.org\/{rel}","templated":true}]}}