{"id":38445,"date":"2021-07-21T14:21:00","date_gmt":"2021-07-21T20:21:00","guid":{"rendered":"https:\/\/redsemlac.com\/semmexico\/?p=38445"},"modified":"2023-07-21T17:04:36","modified_gmt":"2023-07-21T22:04:36","slug":"el-trabajo-domestico-y-de-cuidados-no-remunerado-representa-el-23-5-por-ciento-del-pib-en-mexico-y-recae-fundamentalmente-en-las-mujeres","status":"publish","type":"post","link":"https:\/\/redsemlac.com\/semmexico\/el-trabajo-domestico-y-de-cuidados-no-remunerado-representa-el-23-5-por-ciento-del-pib-en-mexico-y-recae-fundamentalmente-en-las-mujeres\/","title":{"rendered":"El trabajo dom\u00e9stico y de cuidados no remunerado representa el 23.5 por ciento del PIB en M\u00e9xico y recae fundamentalmente en las mujeres"},"content":{"rendered":"\n<ul class=\"wp-block-list\"><li><strong>Fondo Semillas la Gu\u00eda \u201cC\u00f3mo construir hogares participativos\u201d, en colaboraci\u00f3n con Facebook<\/strong><\/li><li><strong>Esta &nbsp;gu\u00eda interactiva parte de la campa\u00f1a #ElDesaf\u00edoDeSerMujeres, donde se suman Lila Downs, Er\u00e9ndira Ibarra, Alessandra Rosaldo y Marion Reimers<\/strong><\/li><\/ul>\n\n\n\n<p class=\"wp-block-paragraph\"><strong>Redacci\u00f3n<\/strong><\/p>\n\n\n\n<p class=\"wp-block-paragraph\">SemM\u00e9xico. Ciudad de M\u00e9xico, 21 de julio, 2021 &#8211; En el marco del D\u00eda Internacional del Trabajo Dom\u00e9stico No Remunerado de este &nbsp;22 de julio, Equidad de G\u00e9nero, Ciudadan\u00eda, Trabajo y Familia y Fondo Semillas lanzaron la Gu\u00eda \u201cC\u00f3mo construir hogares participativos\u201d.<\/p>\n\n\n\n<p class=\"wp-block-paragraph\">En comunicado oficial informan que esta Gu\u00eda tiene &nbsp;el objetivo de reconocer, reducir y redistribuir el trabajo dom\u00e9stico y de cuidados no remunerado que realizan mayoritariamente las mujeres.<\/p>\n\n\n\n<p class=\"wp-block-paragraph\">Trabajo que &nbsp;representa 11 billones de d\u00f3lares en todo el mundo y 23.5% del Producto Interno Bruto (PIB) en M\u00e9xico.<\/p>\n\n\n\n<p class=\"wp-block-paragraph\">Afirman las promotoras de esta iniciativa que en M\u00e9xico el 74.8 por ciento &nbsp;de las horas dedicadas al trabajo dom\u00e9stico y de cuidados no remunerado son aportadas por las mujeres, &nbsp;lo cual equivale a 63.7 horas semanales, frente a 21.5 horas que se&nbsp; asignan los hombres.<\/p>\n\n\n\n<p class=\"wp-block-paragraph\">Por ello, sostienen es tiempo de reducir esta brecha que tiene efectos en la salud y la calidad de vida de las mujeres.<\/p>\n\n\n\n<p class=\"wp-block-paragraph\">Explican que con esta Gu\u00eda, se reconocer\u00e1 la importancia de este trabajo y de que todas las personas que integran un hogar lo realicen colaborativamente, de acuerdo con su edad y capacidades, para que las mujeres tambi\u00e9n puedan tener una vida digna, con tiempo para el descanso y para desarrollar sus proyectos personales y profesionales.<\/p>\n\n\n\n<p class=\"wp-block-paragraph\">Tambi\u00e9n servir\u00e1 para &nbsp;un cambio de fondo, necesario, esto es que este trabajo se redistribuya, no s\u00f3lo en los hogares, sino mediante el compromiso del Estado, la comunidad, el sector privado.<\/p>\n\n\n\n<p class=\"wp-block-paragraph\">Y afirma que &nbsp;por ejemplo, con servicios de cuidado de calidad y universales para personas que lo requieren, y estableciendo jornadas laborales flexibles que permitan conciliar la vida en el hogar y el trabajo remunerado.<\/p>\n\n\n\n<p class=\"wp-block-paragraph\">Informan que figuras p\u00fablicas como Lila Downs, Er\u00e9ndira Ibarra, Alessandra Rosaldo y Marion Reimers, entre otras, se han sumado a la iniciativa y apoyar\u00e1n la difusi\u00f3n de esta Gu\u00eda, realizada en colaboraci\u00f3n con Facebook, para ponerla al alcance de la mayor cantidad de personas y as\u00ed aportar para la construcci\u00f3n de hogares m\u00e1s participativos.<\/p>\n\n\n\n<p class=\"wp-block-paragraph\">Adem\u00e1s, este material estar\u00e1 disponible en las p\u00e1ginas web de Equidad de G\u00e9nero, Ciudadan\u00eda, Trabajo y Familia, y Fondo Semillas, as\u00ed como en las P\u00e1ginas de Facebook de ambas organizaciones.<\/p>\n\n\n\n<p class=\"wp-block-paragraph\">Al final afirman que: Te invitamos a unirte a la conversaci\u00f3n, compartir la Gu\u00eda y construir<\/p>\n\n\n\n<p class=\"wp-block-paragraph\">#HogaresM\u00e1sParticipativos que reconozcan #ElDesaf\u00edoDeSerMujeres. Equidad de G\u00e9nero, Ciudadan\u00eda, Trabajo y Familia, es una organizaci\u00f3n de la sociedad civil con incidencia nacional e internacional, que durante 25 a\u00f1os se ha enfocado en promover la igualdad entre mujeres y hombres, a trav\u00e9s del desarrollo e incorporaci\u00f3n de pol\u00edticas p\u00fablicas con enfoque de g\u00e9nero, el fortalecimiento del liderazgo y la participaci\u00f3n ciudadana de las mujeres en todos los \u00e1mbitos.<\/p>\n\n\n\n<p class=\"wp-block-paragraph\">Fondo Semillas brinda recursos econ\u00f3micos, capacitaci\u00f3n y acompa\u00f1amiento a grupos de mujeres organizadas que trabajan por la igualdad de g\u00e9nero en todo el pa\u00eds. A lo largo de 30 a\u00f1os, ha financiado a 1,186 organizaciones, beneficiando a 883,095 ni\u00f1as, mujeres y personas trans* e intersex, e indirectamente a 3.1 millones de personas m\u00e1s. En 2011 fue reconocida con el Premio a Organizaciones Creativas y Efectivas de la Fundaci\u00f3n MacArthur y en 2012 recibi\u00f3 el Reconocimiento Hermila Galindo que entrega la Comisi\u00f3n de Derechos Humanos de la Ciudad de M\u00e9xico.<\/p>\n","protected":false},"excerpt":{"rendered":"<p>Fondo Semillas la Gu\u00eda \u201cC\u00f3mo construir hogares participativos\u201d, en colaboraci\u00f3n con Facebook<\/p>\n","protected":false},"author":3,"featured_media":38446,"comment_status":"open","ping_status":"open","sticky":false,"template":"","format":"standard","meta":{"_monsterinsights_skip_tracking":false,"footnotes":""},"categories":[692,54],"tags":[],"class_list":["post-38445","post","type-post","status-publish","format-standard","has-post-thumbnail","category-692","category-mujeres"],"_links":{"self":[{"href":"https:\/\/redsemlac.com\/semmexico\/wp-json\/wp\/v2\/posts\/38445","targetHints":{"allow":["GET"]}}],"collection":[{"href":"https:\/\/redsemlac.com\/semmexico\/wp-json\/wp\/v2\/posts"}],"about":[{"href":"https:\/\/redsemlac.com\/semmexico\/wp-json\/wp\/v2\/types\/post"}],"author":[{"embeddable":true,"href":"https:\/\/redsemlac.com\/semmexico\/wp-json\/wp\/v2\/users\/3"}],"replies":[{"embeddable":true,"href":"https:\/\/redsemlac.com\/semmexico\/wp-json\/wp\/v2\/comments?post=38445"}],"version-history":[{"count":0,"href":"https:\/\/redsemlac.com\/semmexico\/wp-json\/wp\/v2\/posts\/38445\/revisions"}],"wp:featuredmedia":[{"embeddable":true,"href":"https:\/\/redsemlac.com\/semmexico\/wp-json\/wp\/v2\/media\/38446"}],"wp:attachment":[{"href":"https:\/\/redsemlac.com\/semmexico\/wp-json\/wp\/v2\/media?parent=38445"}],"wp:term":[{"taxonomy":"category","embeddable":true,"href":"https:\/\/redsemlac.com\/semmexico\/wp-json\/wp\/v2\/categories?post=38445"},{"taxonomy":"post_tag","embeddable":true,"href":"https:\/\/redsemlac.com\/semmexico\/wp-json\/wp\/v2\/tags?post=38445"}],"curies":[{"name":"wp","href":"https:\/\/api.w.org\/{rel}","templated":true}]}}