{"id":38442,"date":"2021-07-21T14:00:00","date_gmt":"2021-07-21T20:00:00","guid":{"rendered":"https:\/\/redsemlac.com\/semmexico\/?p=38442"},"modified":"2023-07-21T17:04:36","modified_gmt":"2023-07-21T22:04:36","slug":"detenidas-dos-presuntas-responsables-en-la-desaparicion-y-muerte-de-la-activista-anticorrupcion-claudia-uruchurtu-cruz","status":"publish","type":"post","link":"https:\/\/redsemlac.com\/semmexico\/detenidas-dos-presuntas-responsables-en-la-desaparicion-y-muerte-de-la-activista-anticorrupcion-claudia-uruchurtu-cruz\/","title":{"rendered":"Detenidas dos presuntas responsables en la desaparici\u00f3n y muerte de la activista anticorrupci\u00f3n Claudia Uruchurtu Cruz"},"content":{"rendered":"\n<ul class=\"wp-block-list\"><li><strong>La activista de origen ingl\u00e9s fue &nbsp;desaparecida el 26 de marzo en&nbsp; Asunci\u00f3n Nochixtl\u00e1n, en la regi\u00f3n Mixteca<\/strong><\/li><li><strong>Uno de los detenidos era funcionario del municipio, cuya responsable est\u00e1 en juicio<\/strong><\/li><\/ul>\n\n\n\n<p class=\"wp-block-paragraph\"><strong>Patricia Brise\u00f1o<\/strong><\/p>\n\n\n\n<p class=\"wp-block-paragraph\">SemM\u00e9xico, Oaxaca, Oax.,&nbsp; 21 de julio, 2021.- Elementos de la Agencia Estatal de Investigaciones detuvieron a dos personas presuntos involucrados en la desaparici\u00f3n y muerte de la activista anticorrupci\u00f3n&nbsp; Claudia Uruchurtu Cruz, reportada el 26 de marzo del presente a\u00f1o, en el municipio de Asunci\u00f3n Nochixtl\u00e1n, en la regi\u00f3n Mixteca.<\/p>\n\n\n\n<p class=\"wp-block-paragraph\">Como resultado de las revelaciones de testigos protegidos se ejecut\u00f3 la orden de aprehensi\u00f3n en contra de una mujer, identificada como Janet V., y un masculino, R. A., El gre\u00f1as o El colas.<\/p>\n\n\n\n<p class=\"wp-block-paragraph\">Seg\u00fan versiones la hoy imputada es esposa de uno de los procesados junto con Lizbeth Victoria Huerta, ex alcaldesa se\u00f1alada del delito de desaparici\u00f3n forzada contra la activista, asimismo, al otro detenido lo acusan&nbsp; de desaparecer el cuerpo de Uruchurtu.<\/p>\n\n\n\n<p class=\"wp-block-paragraph\">Ambos detenidos se encuentran a disposici\u00f3n del Juez de Control, quien determinar\u00e1 su situaci\u00f3n legal en unas horas.<\/p>\n\n\n\n<p class=\"wp-block-paragraph\">En el curso de la investigaci\u00f3n se han realizado cinco detenciones a igual&nbsp; n\u00famero de personas presuntos responsables de desaparecer y asesinar a la activista, quien en su momento cuestion\u00f3 la administraci\u00f3n de la alcaldesa, seg\u00fan la Fiscal\u00eda General de Oaxaca.<\/p>\n\n\n\n<p class=\"wp-block-paragraph\">En la v\u00edspera, la familia de la activista desaparecida confirm\u00f3 que el&nbsp; Tribunal Superior de Justicia de Oaxaca ratific\u00f3 la vinculaci\u00f3n a proceso Victoria Huerta, al igual que a su abogado y un ch\u00f3fer.<\/p>\n\n\n\n<p class=\"wp-block-paragraph\">Los imputados recurrieron al recurso de la apelaron contra la vinculaci\u00f3n a proceso que les fue dictada en mayo pasado, por el Juez de Control del Circuito Judicial de Valles Centrales.<\/p>\n\n\n\n<p class=\"wp-block-paragraph\">Sara Uruchurtu, a trav\u00e9s del blog biling\u00fce&nbsp; \u201cWe miss Claudia\u201d explic\u00f3 que la decisi\u00f3n del Poder Judicial&nbsp; \u201csignifica que de los antecedentes de la investigaci\u00f3n existen datos de prueba suficientes para establecer que se ha cometido el delito de desaparici\u00f3n forzada, y que existe la probabilidad de que los imputados lo cometieron (en perjuicio de su hermana)\u201d.<\/p>\n\n\n\n<p class=\"wp-block-paragraph\">De igual manera agradeci\u00f3 a organizaciones y colectivos de familiares de desaparecidos por sumarse a su causa, en demanda de la b\u00fasqueda de su hermana, as\u00ed como por la verdad y la justicia.<\/p>\n","protected":false},"excerpt":{"rendered":"<p>La activista de origen ingl\u00e9s fue  desaparecida el 26 de marzo en  Asunci\u00f3n Nochixtl\u00e1n, en la regi\u00f3n Mixteca<\/p>\n","protected":false},"author":3,"featured_media":38443,"comment_status":"open","ping_status":"open","sticky":false,"template":"","format":"standard","meta":{"_monsterinsights_skip_tracking":false,"footnotes":""},"categories":[692,47,48],"tags":[],"class_list":["post-38442","post","type-post","status-publish","format-standard","has-post-thumbnail","category-692","category-no-mas-impunidad","category-no-mas-impunidad-no-mas-impunidad"],"_links":{"self":[{"href":"https:\/\/redsemlac.com\/semmexico\/wp-json\/wp\/v2\/posts\/38442","targetHints":{"allow":["GET"]}}],"collection":[{"href":"https:\/\/redsemlac.com\/semmexico\/wp-json\/wp\/v2\/posts"}],"about":[{"href":"https:\/\/redsemlac.com\/semmexico\/wp-json\/wp\/v2\/types\/post"}],"author":[{"embeddable":true,"href":"https:\/\/redsemlac.com\/semmexico\/wp-json\/wp\/v2\/users\/3"}],"replies":[{"embeddable":true,"href":"https:\/\/redsemlac.com\/semmexico\/wp-json\/wp\/v2\/comments?post=38442"}],"version-history":[{"count":0,"href":"https:\/\/redsemlac.com\/semmexico\/wp-json\/wp\/v2\/posts\/38442\/revisions"}],"wp:featuredmedia":[{"embeddable":true,"href":"https:\/\/redsemlac.com\/semmexico\/wp-json\/wp\/v2\/media\/38443"}],"wp:attachment":[{"href":"https:\/\/redsemlac.com\/semmexico\/wp-json\/wp\/v2\/media?parent=38442"}],"wp:term":[{"taxonomy":"category","embeddable":true,"href":"https:\/\/redsemlac.com\/semmexico\/wp-json\/wp\/v2\/categories?post=38442"},{"taxonomy":"post_tag","embeddable":true,"href":"https:\/\/redsemlac.com\/semmexico\/wp-json\/wp\/v2\/tags?post=38442"}],"curies":[{"name":"wp","href":"https:\/\/api.w.org\/{rel}","templated":true}]}}