{"id":38440,"date":"2021-07-21T13:40:00","date_gmt":"2021-07-21T19:40:00","guid":{"rendered":"https:\/\/redsemlac.com\/semmexico\/?p=38440"},"modified":"2023-07-21T17:04:36","modified_gmt":"2023-07-21T22:04:36","slug":"encuentran-los-cuerpos-de-dos-mujeres-y-una-menor-en-barrio-de-soledad-en-oaxaca","status":"publish","type":"post","link":"https:\/\/redsemlac.com\/semmexico\/encuentran-los-cuerpos-de-dos-mujeres-y-una-menor-en-barrio-de-soledad-en-oaxaca\/","title":{"rendered":"Encuentran los cuerpos de dos mujeres y una menor en Barrio de Soledad en Oaxaca"},"content":{"rendered":"\n<ul class=\"wp-block-list\"><li><strong>Ubican a las asesinadas en el Istmo de Tehuantepec, una de las regiones m\u00e1s violentas y feminicidas de la entidad<\/strong><\/li><\/ul>\n\n\n\n<p class=\"wp-block-paragraph\"><strong>Patricia Brise\u00f1o<\/strong><\/p>\n\n\n\n<p class=\"wp-block-paragraph\">SemM\u00e9xico, Oaxaca,&nbsp; Oax., 21 de julio, 2021.-&nbsp; Dos mujeres y un menor de edad fueron localizadas muertas, por disparos de arma de fuego, en el municipio de Barrio la Soledad, en la regi\u00f3n del Istmo de Tehuantepec, Oaxaca.<\/p>\n\n\n\n<p class=\"wp-block-paragraph\">Elementos de la Agencia Estatal de Investigaciones y personal de la Vicefiscal\u00eda regional procedieron al levantamiento de los cuerpos encontrados alrededor de la&nbsp; medianoche en el paraje R\u00edo Grande, de la misma municipalidad ind\u00edgena zapoteca.<\/p>\n\n\n\n<p class=\"wp-block-paragraph\">Las v\u00edctimas corresponden a una mujer adulta, una adolescente y un ni\u00f1o, que no han sido identificados, raz\u00f3n por la que permanecen en el descanso municipal donde se les practic\u00f3 la necropsia legal.<\/p>\n\n\n\n<p class=\"wp-block-paragraph\">Por otro lado, la Fiscal\u00eda General del estado de Oaxaca tambi\u00e9n investiga el feminicidio de Icelin N., ama de casa que fue asesinada en la puerta de su casa en la comunidad de San Marcos Nejapa, municipio de Santa Mar\u00eda Zacatepec, en la Sierra Sur.<\/p>\n\n\n\n<p class=\"wp-block-paragraph\">La instituci\u00f3n revel\u00f3 que el crimen fue perpetrado a corta distancia, y descart\u00f3 sospechas por resistencia a robo; la investigaci\u00f3n se realiza bajo el protocolo de feminicidio.<\/p>\n\n\n\n<p class=\"wp-block-paragraph\">Organizaciones feministas&nbsp; lamentaron los asesinatos de mujeres, que elev\u00f3 a 42 muertes violentas ocurridas en este a\u00f1o.<\/p>\n\n\n\n<p class=\"wp-block-paragraph\">El recuento hemerogr\u00e1fico independiente de las colectivas reporta que&nbsp; las regiones m\u00e1s violentas son el Istmo de Tehuantepec, Valles Centrales, Costa y Papaloapan, en contraste, la Sierra Norte, tiene cero incidencia de delitos por feminicidio.<\/p>\n\n\n\n<p class=\"wp-block-paragraph\">En cuanto a la forma de muerte en su mayor\u00eda son por impactos de bala, arma blanca y machete.<\/p>\n","protected":false},"excerpt":{"rendered":"<p>Organizaciones feministas  lamentaron los asesinatos de mujeres, que elev\u00f3 a 42 muertes violentas ocurridas en este a\u00f1o.<\/p>\n","protected":false},"author":3,"featured_media":21087,"comment_status":"open","ping_status":"open","sticky":false,"template":"","format":"standard","meta":{"_monsterinsights_skip_tracking":false,"footnotes":""},"categories":[692,47,48],"tags":[],"class_list":["post-38440","post","type-post","status-publish","format-standard","has-post-thumbnail","category-692","category-no-mas-impunidad","category-no-mas-impunidad-no-mas-impunidad"],"_links":{"self":[{"href":"https:\/\/redsemlac.com\/semmexico\/wp-json\/wp\/v2\/posts\/38440","targetHints":{"allow":["GET"]}}],"collection":[{"href":"https:\/\/redsemlac.com\/semmexico\/wp-json\/wp\/v2\/posts"}],"about":[{"href":"https:\/\/redsemlac.com\/semmexico\/wp-json\/wp\/v2\/types\/post"}],"author":[{"embeddable":true,"href":"https:\/\/redsemlac.com\/semmexico\/wp-json\/wp\/v2\/users\/3"}],"replies":[{"embeddable":true,"href":"https:\/\/redsemlac.com\/semmexico\/wp-json\/wp\/v2\/comments?post=38440"}],"version-history":[{"count":0,"href":"https:\/\/redsemlac.com\/semmexico\/wp-json\/wp\/v2\/posts\/38440\/revisions"}],"wp:featuredmedia":[{"embeddable":true,"href":"https:\/\/redsemlac.com\/semmexico\/wp-json\/wp\/v2\/media\/21087"}],"wp:attachment":[{"href":"https:\/\/redsemlac.com\/semmexico\/wp-json\/wp\/v2\/media?parent=38440"}],"wp:term":[{"taxonomy":"category","embeddable":true,"href":"https:\/\/redsemlac.com\/semmexico\/wp-json\/wp\/v2\/categories?post=38440"},{"taxonomy":"post_tag","embeddable":true,"href":"https:\/\/redsemlac.com\/semmexico\/wp-json\/wp\/v2\/tags?post=38440"}],"curies":[{"name":"wp","href":"https:\/\/api.w.org\/{rel}","templated":true}]}}