{"id":38433,"date":"2021-07-21T13:01:43","date_gmt":"2021-07-21T19:01:43","guid":{"rendered":"https:\/\/redsemlac.com\/semmexico\/?p=38433"},"modified":"2023-07-21T17:04:36","modified_gmt":"2023-07-21T22:04:36","slug":"aumentan-feminicidios-y-violaciones-durante-el-primer-semestre-de-2021-sspc","status":"publish","type":"post","link":"https:\/\/redsemlac.com\/semmexico\/aumentan-feminicidios-y-violaciones-durante-el-primer-semestre-de-2021-sspc\/","title":{"rendered":"Aumentan feminicidios y violaciones durante el primer semestre de 2021: SSPC"},"content":{"rendered":"\n<ul class=\"wp-block-list\"><li><strong>La secretaria de Seguridad y Protecci\u00f3n Ciudadana, Rosa Icela Rodr\u00edguez Vel\u00e1zquez, dijo que el problema dentro de los hogares, est\u00e1 en la sociedad<\/strong><\/li><li><strong>Disminuy\u00f3 el secuestro, asegur\u00f3 durante la Conferencia Ma\u00f1anera de este mi\u00e9rcoles<\/strong><\/li><\/ul>\n\n\n\n<p class=\"wp-block-paragraph\"><strong>Sara Lovera<\/strong><\/p>\n\n\n\n<p class=\"wp-block-paragraph\">SemM\u00e9xico, Cd. de M\u00e9xico, 21 de julio, 2021.- La secretaria de Seguridad y Protecci\u00f3n Ciudadana, Rosa Icela Rodr\u00edguez Vel\u00e1zquez afirm\u00f3 esta ma\u00f1ana que la violaci\u00f3n \u00a0creci\u00f3 en 32 por ciento en el \u00faltimo semestre y los feminicidios en 3 por ciento, en el sal\u00f3n de la Tesorer\u00eda de Palacio Nacional.<\/p>\n\n\n\n<p class=\"wp-block-paragraph\">Vestida de azul plumbago, segura de s\u00ed misma, atribuy\u00f3 la creciente incidencia en delitos contra las mujeres a la sociedad, y dijo que se est\u00e1n buscando las formas de detenerlos, pero las mujeres ahora siguen sufriendo de asesinatos y violaciones sexuales en todo el pa\u00eds.<\/p>\n\n\n\n<p class=\"wp-block-paragraph\">La secretaria de Seguridad y Protecci\u00f3n Ciudadana, al reconocer que hubo un incremento en los delitos feminicidios, violaciones y violencia familiar, se\u00f1al\u00f3 que los datos se compararon con el mismo periodo del a\u00f1o pasado.<\/p>\n\n\n\n<p class=\"wp-block-paragraph\">Notific\u00f3 de&nbsp; 508 v\u00edctimas por feminicidio, asesinatos por razones de g\u00e9nero o violencia machista, frente a las 492 de la primera mitad de 2020.<\/p>\n\n\n\n<p class=\"wp-block-paragraph\">Al rendir &nbsp;informe de seguridad correspondiente al mes de junio advirti\u00f3 de un incremento anual en las violaciones sexuales, con 10 mil 458, es decir m\u00e1s de una diaria, denunciada, algo preocupante, porque no se ha encontrado la manera de que los cuerpos policiacos, militares o de la guardia nacional intervengan en los hogares y en la vida de relaci\u00f3n de hombres y mujeres. Con una elocuente reacci\u00f3n, Rosa Icela Rodr\u00edguez Vel\u00e1zquez, mostr\u00f3 su preocupaci\u00f3n. \u201cNo sabemos \u00bfc\u00f3mo? aunque en las \u00faltimas semanas disminuy\u00f3 la violencia familia, fue leve y sigue creciendo.<\/p>\n\n\n\n<p class=\"wp-block-paragraph\">Por otro lado &nbsp;se\u00f1al\u00f3 que hay un aumento del 4.9 por ciento en los delitos del fuero federal durante los primeros seis meses del 2021, debido a la denuncia de delitos electorales antes y despu\u00e9s de las Elecciones 2021, realizadas el pasado 6 de junio.<\/p>\n\n\n\n<p class=\"wp-block-paragraph\">\u201cSe registr\u00f3 un aumento del 4.9 en delitos del fuero federal en este semestre, comparado con el mismo de 2020, debido al incremento a delitos electorales que se levantaron carpetas en mayo y junio\u201d, coment\u00f3.<\/p>\n\n\n\n<p class=\"wp-block-paragraph\">La encargada de la Secretar\u00eda de Seguridad y Protecci\u00f3n Ciudadana (SSPC) aclar\u00f3 que en el primer semestre de 2021 se logr\u00f3 una reducci\u00f3n del 24.6 por ciento de los delitos del fuero federal con respecto al mismo periodo de 2019.<\/p>\n\n\n\n<p class=\"wp-block-paragraph\">Sobre los homicidios dolosos destac\u00f3 que se han contenido de enero a junio de 2021, al presentar una disminuci\u00f3n del 3.5 por ciento respecto al mismo periodo del a\u00f1o anterior.<\/p>\n\n\n\n<p class=\"wp-block-paragraph\">&nbsp;\u201cEl homicidio doloso se ha contenido, sigue conteni\u00e9ndose, y de enero a junio a de 2021 disminuy\u00f3 3,5 por ciento respecto al mismo periodo del a\u00f1o anterior\u201d, expres\u00f3 la secretaria de Seguridad.<\/p>\n\n\n\n<p class=\"wp-block-paragraph\">Se\u00f1al\u00f3 que seis estados concentran el 50.2 por ciento de las v\u00edctimas de homicidio doloso en M\u00e9xico: Guanajuato, Baja California, Jalisco, Estado de M\u00e9xico, Michoac\u00e1n y Chihuahua.<\/p>\n\n\n\n<p class=\"wp-block-paragraph\">Solo en junio, M\u00e9xico registr\u00f3 2 mil 660 v\u00edctimas de homicidio doloso, una ca\u00edda de 7,57 por ciento anual frente a junio de 2020 y un decremento mensual de 11,24 por ciento respecto a mayo, el mes m\u00e1s violento de lo que va de 2021 con 2.997 asesinatos.<\/p>\n\n\n\n<p class=\"wp-block-paragraph\">Tambi\u00e9n inform\u00f3 que &nbsp;hay un incremento del 10 por ciento en robo a transe\u00fante y 19 por ciento &nbsp;en el robo a transporte individual.<\/p>\n\n\n\n<p class=\"wp-block-paragraph\">Entonces afirm\u00f3, en vivo desde Palacio Nacional, que &nbsp;la dependencia federal trabaja en contener los delitos de violencia familiar, agresiones que han ido al alza.<\/p>\n\n\n\n<p class=\"wp-block-paragraph\">Y reconoci\u00f3 que \u201cEn violencia familiar seguimos trabajando, aunque aqu\u00ed claramente tambi\u00e9n se ve que ha ido al alza en este mes; en este \u00faltimo trimestre hemos estado a la baja, pero falta m\u00e1s trabajo no solamente de las autoridades sino tambi\u00e9n de la propia sociedad, entonces, vamos a seguir en el tema de la violencia familiar trabajando con m\u00e1s ah\u00ednco\u201d, afirm\u00f3 la funcionaria.<\/p>\n\n\n\n<p class=\"wp-block-paragraph\">El Gobierno, indic\u00f3, &nbsp;en mayo pasado la violencia familiar alcanz\u00f3 un m\u00e1ximo hist\u00f3rico con 23 mil 907 denuncias, que en junio bajaron a 22 mil 411, cerca de 100 denuncias diarias, preocupante.<\/p>\n\n\n\n<p class=\"wp-block-paragraph\">Las especialistas como Wendy Figueroa de la Red Nacional de Refugios, sostiene que para abatir la violencia en los hogares, se necesita una pol\u00edtica integral, con una mirada de g\u00e9nero, no s\u00f3lo con medidas punitivas. En ese sentido en la C\u00e1mara de Diputados se estudia la necesidad de crear un programa nacional de reeducaci\u00f3n&nbsp; a los hombres, algo dif\u00edcil porque en los \u00faltimos 3 a\u00f1os, de esta administraci\u00f3n, se hicieron recortes presupuestarios hasta del 75 por ciento para atender la pol\u00edtica de g\u00e9nero.<\/p>\n","protected":false},"excerpt":{"rendered":"<p>La secretaria de Seguridad y Protecci\u00f3n Ciudadana, Rosa Icela Rodr\u00edguez Vel\u00e1zquez, dijo que el problema dentro de los hogares, est\u00e1 en la sociedad<\/p>\n","protected":false},"author":3,"featured_media":38434,"comment_status":"open","ping_status":"open","sticky":false,"template":"","format":"standard","meta":{"_monsterinsights_skip_tracking":false,"footnotes":""},"categories":[692,51],"tags":[],"class_list":["post-38433","post","type-post","status-publish","format-standard","has-post-thumbnail","category-692","category-ejecutivo"],"_links":{"self":[{"href":"https:\/\/redsemlac.com\/semmexico\/wp-json\/wp\/v2\/posts\/38433","targetHints":{"allow":["GET"]}}],"collection":[{"href":"https:\/\/redsemlac.com\/semmexico\/wp-json\/wp\/v2\/posts"}],"about":[{"href":"https:\/\/redsemlac.com\/semmexico\/wp-json\/wp\/v2\/types\/post"}],"author":[{"embeddable":true,"href":"https:\/\/redsemlac.com\/semmexico\/wp-json\/wp\/v2\/users\/3"}],"replies":[{"embeddable":true,"href":"https:\/\/redsemlac.com\/semmexico\/wp-json\/wp\/v2\/comments?post=38433"}],"version-history":[{"count":0,"href":"https:\/\/redsemlac.com\/semmexico\/wp-json\/wp\/v2\/posts\/38433\/revisions"}],"wp:featuredmedia":[{"embeddable":true,"href":"https:\/\/redsemlac.com\/semmexico\/wp-json\/wp\/v2\/media\/38434"}],"wp:attachment":[{"href":"https:\/\/redsemlac.com\/semmexico\/wp-json\/wp\/v2\/media?parent=38433"}],"wp:term":[{"taxonomy":"category","embeddable":true,"href":"https:\/\/redsemlac.com\/semmexico\/wp-json\/wp\/v2\/categories?post=38433"},{"taxonomy":"post_tag","embeddable":true,"href":"https:\/\/redsemlac.com\/semmexico\/wp-json\/wp\/v2\/tags?post=38433"}],"curies":[{"name":"wp","href":"https:\/\/api.w.org\/{rel}","templated":true}]}}