{"id":38424,"date":"2021-07-20T19:59:39","date_gmt":"2021-07-21T01:59:39","guid":{"rendered":"https:\/\/redsemlac.com\/semmexico\/?p=38424"},"modified":"2023-07-21T17:04:37","modified_gmt":"2023-07-21T22:04:37","slug":"este-miercoles-entra-en-vigor-la-despenalizacion-del-aborto-en-veracruz-gaceta-oficial","status":"publish","type":"post","link":"https:\/\/redsemlac.com\/semmexico\/este-miercoles-entra-en-vigor-la-despenalizacion-del-aborto-en-veracruz-gaceta-oficial\/","title":{"rendered":"Este mi\u00e9rcoles entra en vigor la despenalizaci\u00f3n del aborto en Veracruz, Gaceta Oficial"},"content":{"rendered":"\n<p class=\"wp-block-paragraph\"><strong>Elda Montiel<\/strong><\/p>\n\n\n\n<p class=\"wp-block-paragraph\">SemM\u00e9xico, Cd. de M\u00e9xico, 20 de julio 2021.-&nbsp; La Gaceta Oficial del gobierno de Veracruz publica hoy el decreto por el cual se despenaliza el aborto hasta la doceava semana de gestaci\u00f3n a escasas horas de haber sido aprobado por la LXV Legislatura por lo que entra en vigor este mi\u00e9rcoles 21 de julio, por lo que se permite el aborto legal hasta las 12 semanas o tres meses de gestaci\u00f3n.<\/p>\n\n\n\n<p class=\"wp-block-paragraph\">Se&nbsp;reforman los art\u00edculos 149, 150, 151, 153, 154 y deroga el 152 del C\u00f3digo Penal de Veracruz, con el prop\u00f3sito de garantizar el derecho a la salud sexual y reproductiva, y a una vida libre de violencia para las veracruzanas.<\/p>\n\n\n\n<p class=\"wp-block-paragraph\">De acuerdo al art\u00edculo 149 se considera delito el aborto <strong>despu\u00e9s de la<\/strong> <strong>d\u00e9cima segunda semana de gestaci\u00f3n<\/strong>, y de acuerdo al art\u00edculo 150 se penalizar\u00e1 a la mujer que consienta un aborto <strong>despu\u00e9s de la d\u00e9cima segunda semana de gestaci\u00f3n.<\/strong><\/p>\n\n\n\n<p class=\"wp-block-paragraph\">En el art\u00edculo 151 se considera delito el aborto forzado a quien interrumpa el embarazo de una mujer sin su consentimiento en cualquier momento de la gestaci\u00f3n, y se penalizara con prisi\u00f3n.<\/p>\n\n\n\n<p class=\"wp-block-paragraph\">El art\u00edculo 152 se deroga y el articulo 153 sanciona al personal m\u00e9dico que hiciere abortar a una mujer sin su consentimiento con suspensi\u00f3n en el ejercicio de su profesi\u00f3n.<\/p>\n\n\n\n<p class=\"wp-block-paragraph\">El art\u00edculo 154 especifica los casos que son excluyentes de responsabilidad penal del aborto cuando sea producto de una violaci\u00f3n, inseminaci\u00f3n artificial no consentida, cuando la mujer embarazada est\u00e9 en peligro de muerte o a juicio del doctor exista diagn\u00f3stico de alteraci\u00f3n de trastorno f\u00edsico o mental grave del producto, siempre que se practique con el consentimiento de la mujer embarazada.<\/p>\n\n\n\n<p class=\"wp-block-paragraph\">A partir del 21 de julio del 2021 son cuatro los estados del pa\u00eds; Ciudad de M\u00e9xico, Oaxaca, Hidalgo y ahora Veracruz d\u00f3nde se permite el aborto legal sin importar su causa hasta las 12 semanas o tres meses de gestaci\u00f3n.<\/p>\n","protected":false},"excerpt":{"rendered":"<p>La Gaceta Oficial del gobierno de Veracruz publica hoy el decreto por el cual se despenaliza el aborto hasta la doceava semana de gestaci\u00f3n a escasas horas de haber sido aprobado por la LXV Legislatura<\/p>\n","protected":false},"author":3,"featured_media":38425,"comment_status":"open","ping_status":"open","sticky":false,"template":"","format":"standard","meta":{"_monsterinsights_skip_tracking":false,"footnotes":""},"categories":[692,51],"tags":[],"class_list":["post-38424","post","type-post","status-publish","format-standard","has-post-thumbnail","category-692","category-ejecutivo"],"_links":{"self":[{"href":"https:\/\/redsemlac.com\/semmexico\/wp-json\/wp\/v2\/posts\/38424","targetHints":{"allow":["GET"]}}],"collection":[{"href":"https:\/\/redsemlac.com\/semmexico\/wp-json\/wp\/v2\/posts"}],"about":[{"href":"https:\/\/redsemlac.com\/semmexico\/wp-json\/wp\/v2\/types\/post"}],"author":[{"embeddable":true,"href":"https:\/\/redsemlac.com\/semmexico\/wp-json\/wp\/v2\/users\/3"}],"replies":[{"embeddable":true,"href":"https:\/\/redsemlac.com\/semmexico\/wp-json\/wp\/v2\/comments?post=38424"}],"version-history":[{"count":0,"href":"https:\/\/redsemlac.com\/semmexico\/wp-json\/wp\/v2\/posts\/38424\/revisions"}],"wp:featuredmedia":[{"embeddable":true,"href":"https:\/\/redsemlac.com\/semmexico\/wp-json\/wp\/v2\/media\/38425"}],"wp:attachment":[{"href":"https:\/\/redsemlac.com\/semmexico\/wp-json\/wp\/v2\/media?parent=38424"}],"wp:term":[{"taxonomy":"category","embeddable":true,"href":"https:\/\/redsemlac.com\/semmexico\/wp-json\/wp\/v2\/categories?post=38424"},{"taxonomy":"post_tag","embeddable":true,"href":"https:\/\/redsemlac.com\/semmexico\/wp-json\/wp\/v2\/tags?post=38424"}],"curies":[{"name":"wp","href":"https:\/\/api.w.org\/{rel}","templated":true}]}}