{"id":38419,"date":"2021-07-20T16:10:29","date_gmt":"2021-07-20T22:10:29","guid":{"rendered":"https:\/\/redsemlac.com\/semmexico\/?p=38419"},"modified":"2023-07-21T17:04:37","modified_gmt":"2023-07-21T22:04:37","slug":"aprueban-ley-de-identidad-de-genero-en-el-edomex","status":"publish","type":"post","link":"https:\/\/redsemlac.com\/semmexico\/aprueban-ley-de-identidad-de-genero-en-el-edomex\/","title":{"rendered":"Aprueban Ley de Identidad de G\u00e9nero en el Edomex"},"content":{"rendered":"\n<ul class=\"wp-block-list\"><li><strong>Es la entidad n\u00famero 16 en contar con esa reforma<\/strong><\/li><\/ul>\n\n\n\n<p class=\"wp-block-paragraph\"><strong>Violeta Huerta |\u00a0El Sol de Toluca<\/strong><\/p>\n\n\n\n<p class=\"wp-block-paragraph\">SemM\u00e9xico\/El Sol de M\u00e9xico. Toluca, Edomex. 20 de julio 2021.- Las y los diputados del Estado de M\u00e9xico aprobaron la\u00a0<strong>Ley de Identidad de G\u00e9nero<\/strong>\u00a0, con el cual se podr\u00e1 rectificar el nombre y sexo en las actas de nacimiento.\u00a0Es la entidad n\u00famero 16 en aprobarla.<\/p>\n\n\n\n<p class=\"wp-block-paragraph\">A m\u00e1s de siete meses de que la iniciativa fue dictaminada en comisiones, este martes fue votada en el pleno donde la mayor\u00eda decidi\u00f3 ir a favor y solo Imelda L\u00f3pez del PT vot\u00f3 en contra, mientras que la bancada del PAN se abstuvo.<\/p>\n\n\n\n<p class=\"wp-block-paragraph\">La reforma podr\u00e1 que una persona que decida cambiar de g\u00e9nero pueda rectificar su acta de nacimiento ante el Registro Civil para que se le anote un nombre y g\u00e9nero acorde a su identidad.<\/p>\n\n\n\n<figure class=\"wp-block-embed is-type-rich is-provider-twitter wp-block-embed-twitter\"><div class=\"wp-block-embed__wrapper\">\n<blockquote class=\"twitter-tweet\" data-width=\"550\" data-dnt=\"true\"><p lang=\"es\" dir=\"ltr\"><a href=\"https:\/\/twitter.com\/hashtag\/%C3%BAltimaHora?src=hash&amp;ref_src=twsrc%5Etfw\">#\u00faltimaHora<\/a> | La @Legismex acaba de aprobar la Ley de Identidad de G\u00e9nero del Edomex con el rechazo de una legisladora del PT y la abstenci\u00f3n del <a href=\"https:\/\/twitter.com\/GPPAN_Edomex?ref_src=twsrc%5Etfw\">@GPPAN_Edomex<\/a>.<br><br>V\u00eda <a href=\"https:\/\/twitter.com\/VioletaHuertaL?ref_src=twsrc%5Etfw\">@VioletaHuertaL<\/a> <a href=\"https:\/\/t.co\/1biF5QePO9\">https:\/\/t.co\/1biF5QePO9<\/a> <a href=\"https:\/\/t.co\/Jc0YaGVPm4\">pic.twitter.com\/Jc0YaGVPm4<\/a><\/p>&mdash; El Sol de Toluca (@SOLTOLUCA) <a href=\"https:\/\/twitter.com\/SOLTOLUCA\/status\/1417581036947623938?ref_src=twsrc%5Etfw\">July 20, 2021<\/a><\/blockquote><script async src=\"https:\/\/platform.twitter.com\/widgets.js\" charset=\"utf-8\"><\/script>\n<\/div><\/figure>\n\n\n\n<p class=\"wp-block-paragraph\">Las reformas al C\u00f3digo Civil son producto de las propuestas de Liliana Gollas Trejo, de Morena, y de la bancada del PRD, quienes durante la sesi\u00f3n destacaron que esa reforma permiti\u00f3 a la&nbsp;<strong>comunidad trans<\/strong>&nbsp;acceder a servicios, ser visibilizada y no discriminada.<\/p>\n\n\n\n<p class=\"wp-block-paragraph\">Al iniciar el \u00faltimo per\u00edodo ordinario de la actual Legislatura, la mayor\u00eda en el Congreso local cumpli\u00f3 con su compromiso de aprobar estas reformas al C\u00f3digo Civil del Estado de M\u00e9xico, que permiti\u00f3 tramitar la rectificaci\u00f3n del acta de nacimiento, sin que eso impl\u00edcita desconocer hechos o actos realizados con la identidad anterior, ni la extinci\u00f3n, o modificaci\u00f3n de las obligaciones de la persona.<\/p>\n\n\n\n<figure class=\"wp-block-embed is-type-rich is-provider-twitter wp-block-embed-twitter\"><div class=\"wp-block-embed__wrapper\">\n<blockquote class=\"twitter-tweet\" data-width=\"550\" data-dnt=\"true\"><p lang=\"es\" dir=\"ltr\">La <a href=\"https:\/\/twitter.com\/hashtag\/LXLegislaturaMexiquense?src=hash&amp;ref_src=twsrc%5Etfw\">#LXLegislaturaMexiquense<\/a> aprueba reformas al C\u00f3digo Civil del Estado de M\u00e9xico para permitir la rectificaci\u00f3n del Acta de Nacimiento a fin de que corresponda con la identidad de g\u00e9nero. \ud83e\uddf5 1\/2 <a href=\"https:\/\/t.co\/uSBCsGh92p\">pic.twitter.com\/uSBCsGh92p<\/a><\/p>&mdash; Congreso del Estado de M\u00e9xico (@CongresoEdomex) <a href=\"https:\/\/twitter.com\/CongresoEdomex\/status\/1417575842234847232?ref_src=twsrc%5Etfw\">July 20, 2021<\/a><\/blockquote><script async src=\"https:\/\/platform.twitter.com\/widgets.js\" charset=\"utf-8\"><\/script>\n<\/div><\/figure>\n\n\n\n<p class=\"wp-block-paragraph\">El Estado de M\u00e9xico es la entidad n\u00famero 16 en permitir el cambio de identidad de g\u00e9nero en las actas de nacimiento, pues 14 tienen reformas similares, entre ellas: Ciudad de M\u00e9xico, Coahuila, Colima, Chihuahua, Hidalgo, Jalisco, Michoac\u00e1n, Oaxaca, Quintana Roo, San Luis Potos\u00ed, Nayarit, Sonora y Tlaxcala;\u00a0mientras Jalisco lo hizo a trav\u00e9s de un decreto del gobernador.<\/p>\n\n\n\n<p class=\"wp-block-paragraph\">Las reformas permiten dar la atribuci\u00f3n al Registro Civil de expedir el acta de rectificaci\u00f3n, previa anotaci\u00f3n al acta primigenia.<\/p>\n\n\n\n<p class=\"wp-block-paragraph\">Se precisa el procedimiento donde la persona interesada deber\u00e1 acudir a esa instituci\u00f3n y cumplir con los requisitos como: ser mexicana, mayor de edad, presentar su solicitud al oficial del Registro Civil requisitada con copia certificada de su acta primigenia original, una copia fotost\u00e1tica y un comprobante de domicilio.<\/p>\n\n\n\n<p class=\"wp-block-paragraph\">Ah\u00ed deber\u00e1 expresar su nombre y datos asentados en el acta primigenia, as\u00ed como los nuevos que solicita.&nbsp;El acta de nacimiento primigenia ser\u00e1 resguardada y no se publicar\u00e1, ni se expedir\u00e1 constancia, salvo un mandato judicial.<\/p>\n\n\n\n<p class=\"wp-block-paragraph\">Una vez concluido el tr\u00e1mite el Registro Civil enviar\u00e1 un exhorto a dependencias p\u00fablicas y privadas para que se realicen modificaciones a los documentos personales de la o el solicitante.<\/p>\n\n\n\n<p class=\"wp-block-paragraph\">Esta es la segunda reforma a favor de la comunidad LGBT +, pues esta Legislatura tambi\u00e9n aprob\u00f3 prohibir las terapias de conversi\u00f3n sexual, aunque a\u00fan tiene pendiente reconocer en el C\u00f3digo Civil los matrimonios igualitarios.<\/p>\n","protected":false},"excerpt":{"rendered":"<p> Las y los diputados del Estado de M\u00e9xico aprobaron la Ley de Identidad de G\u00e9nero , con el cual se podr\u00e1 rectificar el nombre y sexo en las actas de nacimiento. Es la entidad n\u00famero 16 en aprobarla.<\/p>\n","protected":false},"author":3,"featured_media":38420,"comment_status":"open","ping_status":"open","sticky":false,"template":"","format":"standard","meta":{"_monsterinsights_skip_tracking":false,"footnotes":""},"categories":[692,50],"tags":[],"class_list":["post-38419","post","type-post","status-publish","format-standard","has-post-thumbnail","category-692","category-congreso"],"_links":{"self":[{"href":"https:\/\/redsemlac.com\/semmexico\/wp-json\/wp\/v2\/posts\/38419","targetHints":{"allow":["GET"]}}],"collection":[{"href":"https:\/\/redsemlac.com\/semmexico\/wp-json\/wp\/v2\/posts"}],"about":[{"href":"https:\/\/redsemlac.com\/semmexico\/wp-json\/wp\/v2\/types\/post"}],"author":[{"embeddable":true,"href":"https:\/\/redsemlac.com\/semmexico\/wp-json\/wp\/v2\/users\/3"}],"replies":[{"embeddable":true,"href":"https:\/\/redsemlac.com\/semmexico\/wp-json\/wp\/v2\/comments?post=38419"}],"version-history":[{"count":0,"href":"https:\/\/redsemlac.com\/semmexico\/wp-json\/wp\/v2\/posts\/38419\/revisions"}],"wp:featuredmedia":[{"embeddable":true,"href":"https:\/\/redsemlac.com\/semmexico\/wp-json\/wp\/v2\/media\/38420"}],"wp:attachment":[{"href":"https:\/\/redsemlac.com\/semmexico\/wp-json\/wp\/v2\/media?parent=38419"}],"wp:term":[{"taxonomy":"category","embeddable":true,"href":"https:\/\/redsemlac.com\/semmexico\/wp-json\/wp\/v2\/categories?post=38419"},{"taxonomy":"post_tag","embeddable":true,"href":"https:\/\/redsemlac.com\/semmexico\/wp-json\/wp\/v2\/tags?post=38419"}],"curies":[{"name":"wp","href":"https:\/\/api.w.org\/{rel}","templated":true}]}}