{"id":38383,"date":"2021-07-19T16:39:41","date_gmt":"2021-07-19T22:39:41","guid":{"rendered":"https:\/\/redsemlac.com\/semmexico\/?p=38383"},"modified":"2023-07-21T17:04:39","modified_gmt":"2023-07-21T22:04:39","slug":"de-nuevo-las-fiestas-de-la-vendimia","status":"publish","type":"post","link":"https:\/\/redsemlac.com\/semmexico\/de-nuevo-las-fiestas-de-la-vendimia\/","title":{"rendered":"De nuevo: las Fiestas de la Vendimia"},"content":{"rendered":"<p><span style=\"font-weight: 400;\">MUJER Y PODER<\/span><\/p>\n<p><span style=\"font-weight: 400;\">La prioridad deber\u00e1 ser atender de la mejor manera al visitante<\/span><\/p>\n<p>&nbsp;<\/p>\n<p><span style=\"font-weight: 400;\">*Natalia Vidales de Bitterlin<\/span><\/p>\n<p><span style=\"font-weight: 400;\">SemM\u00e9xico, Hermosillo, Sonora, 19 de julio, 2021.- El jueves 29 de este mes de julio inician en este bello puerto de Ensenada las Fiestas de la Vendimia que se reanudan, con gran entusiasmo, despu\u00e9s del receso por Covid.<\/span><\/p>\n<p><span style=\"font-weight: 400;\">Se celebran de nuevo\u2026 y el Valle de Guadalupe se vestir\u00e1 de gala para el 30\u00ba aniversario de estas famosas fiestas&nbsp; que llenan de j\u00fabilo a los bajacalifornianos en general y a los amantes del buen vino no solo de nuestro pa\u00eds sino de otros continentes ya que el prestigio del evento se ha extendido a otras latitudes y las fiestas de la vid son esperadas con ansias dentro y fuera del pa\u00eds.&nbsp;&nbsp;<\/span><\/p>\n<p><span style=\"font-weight: 400;\">Ellos esperan disfrutar de las Fiestas pero el residente espera, con esperanza, su visita ya que la derrama econ\u00f3mica que genera es significativa sobre todo porque los ensenadenses viven del turismo.&nbsp;<\/span><\/p>\n<p><span style=\"font-weight: 400;\">Por ello, el entusiasmo est\u00e1 a flor de piel para de nuevo disfrutar de estas maravillosas fiestas que se celebrar\u00e1n del 29 de julio al 22 de agosto<\/span><\/p>\n<p><span style=\"font-weight: 400;\">Casi un mes de diversos eventos como conciertos, cenas, catas, concursos, el deleite de disfrutar del Valle y sus atardeceres, las visitas a las cavas, la degustaci\u00f3n de excelentes platillos y vinos, la tradicional pisada de la uva. Y muchos m\u00e1s atractivos\u2026<\/span><\/p>\n<p><span style=\"font-weight: 400;\">En una de las espectaculares terrazas del hotel Coral y Marina tendr\u00e1n lugar la inauguraci\u00f3n de este evento con una cena de seis tiempos a cargo de reconocidos chefs locales, organizada por el Comit\u00e9 Provino en coordinaci\u00f3n con personal del prestigiado hotel. &nbsp; Y de ah\u00ed en adelante inicia el programa que incluye cenas con maridaje, muestras de vino, eventos en bodegas y vi\u00f1edos del Valle, concurso de paellas y otras actividades m\u00e1s.<\/span><\/p>\n<p><span style=\"font-weight: 400;\">La fecha ya est\u00e1 aqu\u00ed y lo que falta a empresarios, prestadores de servicios y autoridades gubernamentales (sobre todo del \u00e1rea de seguridad) es asegurarse de que&nbsp; el turista reciba la mejor atenci\u00f3n posible, sea tratado con cordialidad, calidez y respeto, teniendo presente -siempre- que de ello depender\u00e1 el \u00e9xito no solo de estas fiestas que est\u00e1n en puerta sino tambi\u00e9n de las que se organicen posteriormente.<\/span><\/p>\n<p><span style=\"font-weight: 400;\">Ensenada puede ser ejemplo de ese trato al turista que brindan en otros puertos y centros de recreaci\u00f3n en el pa\u00eds que en base&nbsp; a capacitaci\u00f3n del personal han logrado la excelencia.&nbsp; Debe haber polic\u00edas educados, dispuestos a apoyar al visitante; empresarios del ramo hotelero, restaurantero y de servicios que brinden la atenci\u00f3n que se merece quien viene al puerto y al valle a pasarla bien; que las tarifas no se excedan y que todos, absolutamente todos, cuiden el protocolo de Covid porque este virus no se ha desterrado por completo y habr\u00e1 que tenerlo presente.<\/span><\/p>\n<p><span style=\"font-weight: 400;\">Con estas -y otras acciones- sin duda al finalizar las Fiestas de la Vendimia, todos estaremos satisfechos y seguros de que los comentarios de los visitantes en sus lugares de origen ser\u00e1n positivos&nbsp; y repercutir\u00e1n en una nueva visita a este puerto donde tendr\u00e1n la seguridad de que ser\u00e1n bien atendidos. Como lo merecen.<\/span><\/p>\n<p>&nbsp;<\/p>\n","protected":false},"excerpt":{"rendered":"<p>MUJER Y PODER La prioridad deber\u00e1 ser atender de la mejor manera al visitante &nbsp; *Natalia Vidales de Bitterlin SemM\u00e9xico, Hermosillo, Sonora, 19 de julio, 2021.- El jueves 29 de este mes de julio inician en este bello puerto de Ensenada las Fiestas de la Vendimia que se reanudan, con gran entusiasmo, despu\u00e9s del receso [&hellip;]<\/p>\n","protected":false},"author":3,"featured_media":29883,"comment_status":"open","ping_status":"open","sticky":false,"template":"","format":"standard","meta":{"_monsterinsights_skip_tracking":false,"footnotes":""},"categories":[692,36,100,72,35],"tags":[],"class_list":["post-38383","post","type-post","status-publish","format-standard","has-post-thumbnail","category-692","category-columnistas","category-mujer-y-poder","category-natalia-vidales","category-opinion"],"_links":{"self":[{"href":"https:\/\/redsemlac.com\/semmexico\/wp-json\/wp\/v2\/posts\/38383","targetHints":{"allow":["GET"]}}],"collection":[{"href":"https:\/\/redsemlac.com\/semmexico\/wp-json\/wp\/v2\/posts"}],"about":[{"href":"https:\/\/redsemlac.com\/semmexico\/wp-json\/wp\/v2\/types\/post"}],"author":[{"embeddable":true,"href":"https:\/\/redsemlac.com\/semmexico\/wp-json\/wp\/v2\/users\/3"}],"replies":[{"embeddable":true,"href":"https:\/\/redsemlac.com\/semmexico\/wp-json\/wp\/v2\/comments?post=38383"}],"version-history":[{"count":0,"href":"https:\/\/redsemlac.com\/semmexico\/wp-json\/wp\/v2\/posts\/38383\/revisions"}],"wp:featuredmedia":[{"embeddable":true,"href":"https:\/\/redsemlac.com\/semmexico\/wp-json\/wp\/v2\/media\/29883"}],"wp:attachment":[{"href":"https:\/\/redsemlac.com\/semmexico\/wp-json\/wp\/v2\/media?parent=38383"}],"wp:term":[{"taxonomy":"category","embeddable":true,"href":"https:\/\/redsemlac.com\/semmexico\/wp-json\/wp\/v2\/categories?post=38383"},{"taxonomy":"post_tag","embeddable":true,"href":"https:\/\/redsemlac.com\/semmexico\/wp-json\/wp\/v2\/tags?post=38383"}],"curies":[{"name":"wp","href":"https:\/\/api.w.org\/{rel}","templated":true}]}}