{"id":38381,"date":"2021-07-19T16:36:02","date_gmt":"2021-07-19T22:36:02","guid":{"rendered":"https:\/\/redsemlac.com\/semmexico\/?p=38381"},"modified":"2023-07-21T17:04:39","modified_gmt":"2023-07-21T22:04:39","slug":"desde-la-mano-izquierda-un-legado-a-proteger-y-vigilar","status":"publish","type":"post","link":"https:\/\/redsemlac.com\/semmexico\/desde-la-mano-izquierda-un-legado-a-proteger-y-vigilar\/","title":{"rendered":"Desde la Mano Izquierda:  Un legado a proteger y vigilar\u00a0"},"content":{"rendered":"<p>*<span style=\"font-weight: 400;\"> \u00bfSaben las feministas si en sus Estados los Congresos locales han realizado las modificaciones respectivas? \u00bfExisten propuestas para invertir recursos en la implementaci\u00f3n de la reforma?<\/span><\/p>\n<p>&nbsp;<\/p>\n<p><span style=\"font-weight: 400;\">Claudia Almaguer&nbsp;<\/span><\/p>\n<p><span style=\"font-weight: 400;\">SemM\u00e9xico, San Luis Potos\u00ed, SLP, 19 de julio, 2021.- El pasado 1 de febrero la Ley General de Acceso de las Mujeres a una Vida Libre de Violencia cumpli\u00f3 catorce a\u00f1os, si quisi\u00e9ramos demostrar que las feministas efectivamente han incidido en la vindicaci\u00f3n de los derechos de las mujeres en M\u00e9xico, esta es una prueba irrefutable.&nbsp;<\/span><\/p>\n<p><span style=\"font-weight: 400;\">En el libro <\/span><i><span style=\"font-weight: 400;\">El Feminismo en mi Vida. Hitos, claves y top\u00edas<\/span><\/i><span style=\"font-weight: 400;\"> de la Dra. Marcela Lagarde y de los R\u00edos ella describi\u00f3 claramente su intenci\u00f3n pol\u00edtica:&nbsp;<\/span><\/p>\n<p><span style=\"font-weight: 400;\">\u201cUn grupo de legisladoras elaboramos la Ley General de Acceso de las Mujeres a una Vida Libre de Violencia <\/span><b>desde una perspectiva feminista<\/b><span style=\"font-weight: 400;\"> y nos propusimos adem\u00e1s que su nombre no fuera como el de otras leyes \u201ccontra la violencia\u201d sino que expresara la alternativa. <\/span><b>La Ley lleva en su nombre el derecho humano de las mujeres a la vida<\/b><span style=\"font-weight: 400;\"> y resalta la vida sin violencia\u201d.<\/span><\/p>\n<p><span style=\"font-weight: 400;\">Cuando alude a otras leyes se refiere a las que por entonces dominaban la escena, enfocadas en la prevenci\u00f3n y en \u201cla familia\u201d, pero, adem\u00e1s, en la lectura en menci\u00f3n, indica que el avance en la pol\u00edtica encaminada a la articulaci\u00f3n de las convenciones en la materia, as\u00ed como la implementaci\u00f3n de diversos objetivos protectores, ha sido gracias a las mujeres.&nbsp;&nbsp;<\/span><\/p>\n<p><span style=\"font-weight: 400;\">Al respecto desde su primera versi\u00f3n la Ley integr\u00f3 en su art\u00edculo 5 varias definiciones afines, entre estas los Derechos Humanos de las Mujeres entendidos como aquellos de car\u00e1cter inalienable contenidos en instrumentos como la Convenci\u00f3n sobre la Eliminaci\u00f3n de Todas las Formas de Discriminaci\u00f3n contra la Mujer (CEDAW) o la Convenci\u00f3n Interamericana para Prevenir, Sancionar y Erradicar la Violencia contra la Mujer (Belem Do Par\u00e1).&nbsp;<\/span><\/p>\n<p><span style=\"font-weight: 400;\">De este modo se reconoci\u00f3 la existencia de la violencia psicol\u00f3gica, f\u00edsica, patrimonial, econ\u00f3mica y sexual pero tambi\u00e9n la misoginia: conductas de odio hacia la mujer que se manifiesta en actos violentos contra ella por el mero hecho de serlo. As\u00ed mismo se a\u00f1adi\u00f3 adem\u00e1s de la violencia familiar, la de tipo laboral y docente, la que viene de la comunidad, la institucional y la de car\u00e1cter feminicida cuya existencia activa la Alerta de Violencia de G\u00e9nero contra las Mujeres.&nbsp;<\/span><\/p>\n<p><span style=\"font-weight: 400;\">Hasta aqu\u00ed quedar\u00eda claro, como legado, <\/span><b>la Ley General de Acceso es un logro feminista<\/b><span style=\"font-weight: 400;\">. Pero \u00bfPor qu\u00e9 necesitar\u00eda ser vigilada por el movimiento?&nbsp;<\/span><\/p>\n<p><span style=\"font-weight: 400;\">A pesar de no tener un gran n\u00famero de reformas, siendo la esencia la protecci\u00f3n de derechos, siendo espec\u00edfica para mujeres y ni\u00f1as, en un sistema de poder patriarcal y autoritario, las formas para debilitar lo que se ha conseguido son un riesgo permanente.&nbsp;<\/span><\/p>\n<p><span style=\"font-weight: 400;\">Por ejemplo, <\/span><b>el 18 de marzo de este 2021, se public\u00f3 una reforma importante<\/b><span style=\"font-weight: 400;\">, en tanto modific\u00f3 de ra\u00edz el cap\u00edtulo relativo a las \u00f3rdenes de protecci\u00f3n que hasta enero a\u00fan se divid\u00edan en las de emergencia, preventivas y de naturaleza civil, siendo actualmente solo de dos tipos: administrativas y de naturaleza jurisdiccional. As\u00ed fueron cambiados por completo de los art\u00edculos 28 a 34, a\u00f1adiendo a este \u00faltimo, otras 14 disposiciones.&nbsp;<\/span><\/p>\n<p><span style=\"font-weight: 400;\">En lo general se ha modificado el concepto de las \u00f3rdenes designando como autoridades al Ministerio P\u00fablico, \u201cautoridades administrativas\u201d y \u00f3rganos jurisdiccionales. De las \u00f3rdenes que se hallaban en la versi\u00f3n anterior de la ley apenas se conservaron algunas, no obstante, se a\u00f1adieron otras debido a las cuales se requerir\u00e1 de la colaboraci\u00f3n de instituciones de muy diversa \u00edndole.&nbsp;<\/span><\/p>\n<p><span style=\"font-weight: 400;\">La vigilancia entonces deber\u00eda generarse por entidad federativa, \u00bfsaben las feministas si en sus Estados los Congresos locales han realizado las modificaciones respectivas? \u00bfExisten propuestas para invertir recursos en la implementaci\u00f3n de la reforma? Todo esto es importante <\/span><b>porque no se destin\u00f3 dinero para semejante transformaci\u00f3n jur\u00eddica y es muy f\u00e1cil el abandono de esta pol\u00edtica<\/b><span style=\"font-weight: 400;\"> en aras de una supuesta voluntad de \u201causteridad\u201d, m\u00e1xime cuando la protecci\u00f3n de las mujeres no les es relevante. Debemos estar atentas. A m\u00e1s ver.<\/span><\/p>\n","protected":false},"excerpt":{"rendered":"<p>* \u00bfSaben las feministas si en sus Estados los Congresos locales han realizado las modificaciones respectivas? \u00bfExisten propuestas para invertir recursos en la implementaci\u00f3n de la reforma? &nbsp; Claudia Almaguer&nbsp; SemM\u00e9xico, San Luis Potos\u00ed, SLP, 19 de julio, 2021.- El pasado 1 de febrero la Ley General de Acceso de las Mujeres a una Vida [&hellip;]<\/p>\n","protected":false},"author":3,"featured_media":30045,"comment_status":"open","ping_status":"open","sticky":false,"template":"","format":"standard","meta":{"_monsterinsights_skip_tracking":false,"footnotes":""},"categories":[692,131,36,35],"tags":[],"class_list":["post-38381","post","type-post","status-publish","format-standard","has-post-thumbnail","category-692","category-claudia-almaguer","category-columnistas","category-opinion"],"_links":{"self":[{"href":"https:\/\/redsemlac.com\/semmexico\/wp-json\/wp\/v2\/posts\/38381","targetHints":{"allow":["GET"]}}],"collection":[{"href":"https:\/\/redsemlac.com\/semmexico\/wp-json\/wp\/v2\/posts"}],"about":[{"href":"https:\/\/redsemlac.com\/semmexico\/wp-json\/wp\/v2\/types\/post"}],"author":[{"embeddable":true,"href":"https:\/\/redsemlac.com\/semmexico\/wp-json\/wp\/v2\/users\/3"}],"replies":[{"embeddable":true,"href":"https:\/\/redsemlac.com\/semmexico\/wp-json\/wp\/v2\/comments?post=38381"}],"version-history":[{"count":0,"href":"https:\/\/redsemlac.com\/semmexico\/wp-json\/wp\/v2\/posts\/38381\/revisions"}],"wp:featuredmedia":[{"embeddable":true,"href":"https:\/\/redsemlac.com\/semmexico\/wp-json\/wp\/v2\/media\/30045"}],"wp:attachment":[{"href":"https:\/\/redsemlac.com\/semmexico\/wp-json\/wp\/v2\/media?parent=38381"}],"wp:term":[{"taxonomy":"category","embeddable":true,"href":"https:\/\/redsemlac.com\/semmexico\/wp-json\/wp\/v2\/categories?post=38381"},{"taxonomy":"post_tag","embeddable":true,"href":"https:\/\/redsemlac.com\/semmexico\/wp-json\/wp\/v2\/tags?post=38381"}],"curies":[{"name":"wp","href":"https:\/\/api.w.org\/{rel}","templated":true}]}}