{"id":38312,"date":"2021-07-18T08:52:00","date_gmt":"2021-07-18T14:52:00","guid":{"rendered":"https:\/\/redsemlac.com\/semmexico\/?p=38312"},"modified":"2023-07-21T17:04:40","modified_gmt":"2023-07-21T22:04:40","slug":"tatiana-huezo-sanchez-triunfa-en-cannes-con-noche-de-fuego","status":"publish","type":"post","link":"https:\/\/redsemlac.com\/semmexico\/tatiana-huezo-sanchez-triunfa-en-cannes-con-noche-de-fuego\/","title":{"rendered":"Tatiana Huezo S\u00e1nchez\u00a0 triunfa en Cannes con \u201cNoche de fuego\u201d"},"content":{"rendered":"<p><span style=\"font-weight: 400;\">*Recibe menci\u00f3n especial, por una historia sobre los riesgos de ser mujer y ni\u00f1a en un territorio controlado por el crimen organizado&nbsp;<\/span><\/p>\n<p><!--more--><\/p>\n<p><span style=\"font-weight: 400;\">Ovacionada y reconocida por tener otra mirada y otro \u00e1ngulo, para narrar la vida de las ni\u00f1as en las monta\u00f1as y sierras mexicanas<\/span><\/p>\n<p><span style=\"font-weight: 400;\">&nbsp;Lo protagoniza la veracruzana Mayra Batalla.<\/span><\/p>\n<p><span style=\"font-weight: 400;\">SemM\u00e9xico\/Agencias, Cannes, 17 julio 2021.- \u2018Noche de Fuego\u2019 de la realizadora mexicana-salvadore\u00f1a &nbsp; Tatiana Huezo, es una pel\u00edcula que recrea la crisis de inseguridad en M\u00e9xico, donde los narcotraficantes controlan territorio y vida de toda la poblaci\u00f3n. Es una narraci\u00f3n de las dificultades de las mujeres para sobrevivir en ese ambiente.<\/span><\/p>\n<p><span style=\"font-weight: 400;\">Este, el primer largo metraje de Tatiana Huezo,&nbsp; fue ovacionado por 10 minutos&nbsp; este jueves tras la proyecci\u00f3n&nbsp; en la sala Debussy, donde se proyectan las piezas considerada como \u201cuna cierta mirada\u201d o \u201cdesde otro \u00e1ngulo\u201d, considerando su valor y originalidad, ello en la edici\u00f3n 74 del Festival de Cine de Cannes y anoche recibi\u00f3&nbsp; la menci\u00f3n especial en la categor\u00eda &nbsp;Certain Regard, en ingl\u00e9s eso de categor\u00eda especial&nbsp; por tener mucho valor social y cinematogr\u00e1fico.&nbsp;<\/span><\/p>\n<p><span style=\"font-weight: 400;\">As\u00ed&nbsp; Noche de fuego, en el&nbsp; apartado Un Certain Regard, se ubic\u00f3&nbsp; en la recta final de Cannes.&nbsp;&nbsp;<\/span><\/p>\n<p><span style=\"font-weight: 400;\">Daniela Creamer, desde Cannes, para el portal el Universo narra la entrevista con la directora, mientras muchas notas internacionales destacan el contenido del largo metraje que informa el Instituto Mexicano de Cinematograf\u00eda (Imcine), es una producci\u00f3n de Pimienta Films y tiene apoyo de Eficine en producci\u00f3n y distribuci\u00f3n.<\/span><\/p>\n<p><a href=\"https:\/\/redsemlac.com\/semmexico\/wp-content\/uploads\/2021\/07\/image1.jpeg\"><img loading=\"lazy\" decoding=\"async\" class=\"alignnone size-full wp-image-38316\" src=\"https:\/\/redsemlac.com\/semmexico\/wp-content\/uploads\/2021\/07\/image1.jpeg\" alt=\"\" width=\"696\" height=\"464\"><\/a><\/p>\n<p><span style=\"font-weight: 400;\">La obra de la cineasta mexicana es una adaptaci\u00f3n de la novela&nbsp;<\/span><i><span style=\"font-weight: 400;\">Ladydi<\/span><\/i><span style=\"font-weight: 400;\">&nbsp;de&nbsp;Jennifer Clement, libro que gira en torno a las dificultades con las que viven las mujeres en las&nbsp;sierras mexicanas.&nbsp;El contexto est\u00e1 plagado de&nbsp;violencia&nbsp;relacionada a diversos&nbsp;cr\u00edmenes de narcotr\u00e1fico, pues la regi\u00f3n tiene&nbsp;zona minera&nbsp;y un&nbsp;campo de amapolas.<\/span><\/p>\n<p><span style=\"font-weight: 400;\">Sobre este primer largometraje de Tatiana Huezo hablan el diario El Pa\u00eds de Espa\u00f1a, portales de Francia, y en M\u00e9xico Billie Parker Noticias destaca que una de las protagonistas es veracruzana, pero&nbsp; otros medios, aplauden y narran&nbsp; el debut de esta&nbsp; pel\u00edcula mexicana, sobre c\u00f3mo ser mujer en medio de la violencia.<\/span><\/p>\n<p><span style=\"font-weight: 400;\">Daniela escribe: El filme, protagonizado por Mayra Batalla y Guillermo Villegas, es una historia de amistad, amor y lealtad desarrollada dentro de un contexto de violencia, y protagonizada por ni\u00f1as (seleccionadas entre 800 candidatas).<\/span><\/p>\n<p><span style=\"font-weight: 400;\">&nbsp;Rodada en Neblinas y Landa de Matamoros, un peque\u00f1o poblado en la Sierra Gorda de Quer\u00e9taro (M\u00e9xico), la pel\u00edcula narra la historia de amistad entre tres ni\u00f1as que viven en un lugar en el que es peligroso crecer siendo mujer. Es una de las pocas presencias latinoamericanas en Cannes.<\/span><\/p>\n<p><span style=\"font-weight: 400;\">Qui\u00e9n.com narr\u00f3 la noche del 15 de julio,&nbsp; durante 10 minutos, el p\u00fablico asistente en la Sala Debussy, ovacion\u00f3 a la cinta mexicana Noche de Fuego, el debut en la ficci\u00f3n, de la documentalista Tatiana Huezo, tras su proyecci\u00f3n como parte de la secci\u00f3n Un Certain Regard del Festival de Cine de Cannes, del universo de los documentales a la ficci\u00f3n, considerado con mucho valor.<\/span><\/p>\n<p><span style=\"font-weight: 400;\">En un video compartido en la red social Twitter, se aprecia al p\u00fablico de pie aplaudiendo el trabajo. La cineasta recibi\u00f3 la ovaci\u00f3n junto al productor Nicol\u00e1s Celis y las actrices Maryra Batalia y Mar\u00eda Membreno.<\/span><\/p>\n<p><span style=\"font-weight: 400;\">.<\/span><span style=\"font-weight: 400;\">Tatiana Huezo&nbsp;S\u00e1nchez, naci\u00f3 en San Salvador, el 9 de enero de 1972,&nbsp; es una directora de cine mexico\/salvadore\u00f1a, residente en nuestro pa\u00eds. Su primera pel\u00edcula, El lugar m\u00e1s peque\u00f1o (2011) es un documental sobre la guerra civil en El Salvador, la cu\u00e1l&nbsp; ha sido premiada internacionalmente.<\/span><\/p>\n<p><b>Tania habla para El Universo<\/b><\/p>\n<p><b>Noche de fuego<\/b><span style=\"font-weight: 400;\">, en Un Certain Regard, \u00bfc\u00f3mo te sientes en este Cannes pos pand\u00e9mico?<\/span><\/p>\n<p><span style=\"font-weight: 400;\">Muy privilegiada y profundamente agradecida. Haber llegado a Cannes despu\u00e9s de esta situaci\u00f3n es como un milagro, un enorme regalo de la vida. Y tambi\u00e9n la cosecha de un arduo trabajo de tres a\u00f1os de no parar, de estar todo el tiempo sumergida en este proyecto, un trabajo brutal, con un equipo que me acompa\u00f1\u00f3 y me respald\u00f3 en todo momento.<\/span><\/p>\n<p><span style=\"font-weight: 400;\">\u00bfTres a\u00f1os dedicados a la investigaci\u00f3n?<\/span><\/p>\n<p><span style=\"font-weight: 400;\">De proceso creativo, sin parar. Primero fue la escritura del guion. Luego el proceso de casting que dur\u00f3 casi un a\u00f1o. En realidad el casting comenz\u00f3 un poco antes, buscando a las ni\u00f1as protagonistas que son seis. Pero ten\u00edan un nivel de dificultad muy importante porque son tres protagonistas de 8 a\u00f1os y luego hay un paso de tiempo de cinco a\u00f1os, y son ellas mismas pero a los 13. Cinco a\u00f1os despu\u00e9s. Entonces hab\u00eda que buscar a las tres peque\u00f1as y a sus clones adolescentes, que deb\u00edan ser id\u00e9nticas. Y para m\u00ed era muy importante que fueran del \u00e1mbito rural, ni\u00f1as del campo. Yo quer\u00eda que anduvieran descalzas, que se treparan en los \u00e1rboles, que se aventaran al r\u00edo helado.<\/span><\/p>\n<p><span style=\"font-weight: 400;\">Muy genuinas\u2026<\/span><\/p>\n<p><span style=\"font-weight: 400;\">Exacto. Que pertenecieran a este \u00e1mbito rural, que tuvieran contacto con el ganado y no les diera miedo. No ve\u00eda la manera de trabajar con ni\u00f1as actrices de la ciudad. Entonces empezamos a buscar en muchos pueblos de M\u00e9xico, en muchas monta\u00f1as, hasta que las encontramos. Luego hubo un trabajo muy fuerte de preparaci\u00f3n, con un taller que dur\u00f3 casi tres meses, en donde tuve la fortuna que me acompa\u00f1ara F\u00e1tima Toledo como una chamana, como una bruja hermosa, de la que aprend\u00ed much\u00edsimo y que las prepar\u00f3 f\u00edsica y psicol\u00f3gicamente para resistir un rodaje de nueve semanas, nada f\u00e1cil. Hac\u00eda mucho calor, en un lugar muy lejano, fuera de sus casas.<\/span><\/p>\n<p><a href=\"https:\/\/redsemlac.com\/semmexico\/wp-content\/uploads\/2021\/07\/OT4XICZF7RELJIYYBIWKYX3I6Q.jpeg\"><img loading=\"lazy\" decoding=\"async\" class=\"alignnone size-large wp-image-38315\" src=\"https:\/\/redsemlac.com\/semmexico\/wp-content\/uploads\/2021\/07\/OT4XICZF7RELJIYYBIWKYX3I6Q-768x1024.jpeg\" alt=\"\" width=\"640\" height=\"853\"><\/a><\/p>\n<p><span style=\"font-weight: 400;\">En efecto, la direcci\u00f3n actoral suele ser complicada. \u00bfC\u00f3mo fue trabajar con estas muchachas tan j\u00f3venes?<\/span><\/p>\n<p><span style=\"font-weight: 400;\">Fue un reto. Porque es una producci\u00f3n enorme, muy compleja, con efectos visuales especiales. \u00c9ramos m\u00e1s de cien personas de crew, en el fondo esto me daba terror. Yo sab\u00eda. Pero me dec\u00eda siempre que no importa que se caiga el mundo, lo \u00fanico que no se me puede ir de las manos es la interpretaci\u00f3n.&nbsp;<\/span><\/p>\n<p><span style=\"font-weight: 400;\">El coraz\u00f3n de esta pel\u00edcula est\u00e1 ah\u00ed en estas ni\u00f1as, en su mirada, en su forma de sentir y de transmitir. Estuve muy concentrada en eso. El taller fue muy importante. No hubo nunca una lectura de guion, por ejemplo. El casting en este sentido fue fundamental, era una entrevista, que es algo en lo que soy experta. Yo necesitaba saber qui\u00e9nes eran, su vida cotidiana, sus afectos, sus pesadillas.&nbsp;<\/span><\/p>\n<p><span style=\"font-weight: 400;\">Trabajamos con juegos, ensayos en el taller y gener\u00e1bamos ciertas situaciones de la pel\u00edcula a partir de experiencias personales de ellas. Nunca supieron qu\u00e9 hab\u00eda detr\u00e1s de cada escena, sobre todo las peque\u00f1as. No era necesario, tampoco lo iban a entender. Y para m\u00ed era m\u00e1s importante partir de sus propias identidades. Iban a ser infinitamente m\u00e1s ricas as\u00ed a que yo les indicara c\u00f3mo eran sus personajes y las situaciones por las que iban a transitar. Las hubiese limitado. Sent\u00eda que eso hubiese empobrecido mucho a los personajes.&nbsp;<\/span><\/p>\n<p><span style=\"font-weight: 400;\">Fue un proceso muy libre, muy sensorial, muy emocional. Fue fundamental que llegaran los actores profesionales. Por ejemplo, Mayra Batalla, que es el personaje protag\u00f3nico \u2013la mam\u00e1 de Ana-, Tere S\u00e1nchez, Guillermo Villegas, Norma Pablos. Un equipo de actores profesionales de primer nivel que entregaron su alma y que abrazaron el proceso creativo por el que estaban circulando. El trabajo de los actores fue impresionante y todos ten\u00edan que reaccionar de forma inmediata, con su instinto. Siento que de eso est\u00e1 llena la interpretaci\u00f3n de esta pel\u00edcula. Cuando llegamos al pueblo, recuerdo que Mayra me dec\u00eda que quer\u00eda leer el guion para prepararse. Pero le dije que su trabajo iba a ser de investigaci\u00f3n: m\u00e9tete con tu vecina local, come con ella, hazte su mejor amiga, f\u00edjate c\u00f3mo habla con su marido, que est\u00e1 en otro lado, porque esto es Pueblas.<\/span><\/p>\n<p><span style=\"font-weight: 400;\">\u00bfEs decir, hubo mucho aporte por parte de los actores?<\/span><\/p>\n<p><span style=\"font-weight: 400;\">S\u00ed, su personaje termin\u00f3 de construirse all\u00ed. Ella se mimetiz\u00f3, se volvi\u00f3 parte de esta comunidad. Hizo un trabajo muy fuerte en este sentido. As\u00ed que siento que todos estos elementos forman un gran universo que se ve en la pel\u00edcula. Tambi\u00e9n eso de estar aislados por nueve semanas en este pueblo en medio de la nada, sin hoteles, sin internet, sin cobertura telef\u00f3nica. Aunque fue una locura, me sent\u00eda como Herzog, cruzando un barco gigante. Todas estas dificultades nos hicieron pegarnos un clavado de lleno en la pel\u00edcula y quiero saber que eso se ve, que est\u00e1 en la pantalla.<\/span><\/p>\n<p><span style=\"font-weight: 400;\">Se siente siempre una angustia, un miedo latente durante toda la pel\u00edcula. \u00bfC\u00f3mo ha sido tu transici\u00f3n del documental a la ficci\u00f3n? \u00bfHacia qu\u00e9 g\u00e9nero te vas a enrumbar a partir de esta experiencia?<\/span><\/p>\n<p><span style=\"font-weight: 400;\">Me siento muy feliz de haber hecho esta pel\u00edcula. Sal\u00ed muy fortalecida despu\u00e9s de este proceso y me siento muy libre para poder transitar entre un g\u00e9nero y otro. Yo amo hacer el documental y necesito muchas veces pisar tierra y entrar en la vida de los otros. De eso me nutro, ese es mi alimento, de observar la vida con sus peque\u00f1os detalles.&nbsp;<\/span><\/p>\n<p><span style=\"font-weight: 400;\">Desde ah\u00ed le entr\u00e9 a esta nueva forma cinematogr\u00e1fica para m\u00ed desde lo que conozco. Fue un gran desaf\u00edo, con una crew de 100 personas cuando son 15 a\u00f1os que trabajo solo con siete, que han sido mi equipo desde mis dos pel\u00edculas anteriores y mis cortos. Aqu\u00ed hay muchos departamentos nuevos y muy especializados, como el de maquillaje, de vestuario, direcci\u00f3n de arte, que para m\u00ed eran como un ej\u00e9rcito, comandados por \u00d3scar Tello, que fue tambi\u00e9n el director de arte en Roma. Un equipo de quince personas como carpinteros, utileros, pintores que crearon minuciosamente cada detalle. Muchos escenarios se crearon desde cero, tiramos muros y levantamos paredes. El Jaripeo, que es esta fiesta enorme que hay en la pel\u00edcula, est\u00e1 creada de la nada.&nbsp;<\/span><\/p>\n<p><span style=\"font-weight: 400;\">Como el campo de amapolas, cada planta est\u00e1 sembrada, generada en este lugar. Fue un viaje fascinante y me enamor\u00e9. Me veo haciendo documental y ficci\u00f3n a la par, sin ning\u00fan problema.<\/span><\/p>\n<p><span style=\"font-weight: 400;\">Ya est\u00e1s trabajando en tu siguiente proyecto, \u00bfser\u00e1 ficci\u00f3n o documental?<\/span><\/p>\n<p><span style=\"font-weight: 400;\">Estoy empezando una nueva pel\u00edcula documental que se llama El eco, que tambi\u00e9n se ubica en el universo de la infancia, en un pueblo lejano. Soy adicta a ellos, no s\u00e9 por qu\u00e9. Sigo indagando qu\u00e9 significa crecer y c\u00f3mo es el eco de los padres en los hijos, lo que han sembrado en nosotros para toda la vida, m\u00e1s a\u00fan en este momento tan particular de la vida. Es un rodaje con personajes que est\u00e1n tambi\u00e9n envueltos en un entorno f\u00edsico, por el paisaje, por el clima, el cambio de las estaciones que est\u00e1 muy marcado. Son elementos fundamentales que est\u00e1n muy marcados en esta historia. Y tambi\u00e9n estoy comenzando a dibujar el siguiente guion de ficci\u00f3n. Es decir, la pandemia, que nos ha cambiado tanto, me ha ayudado a centrarme totalmente y a trabajar fuert\u00edsimo. Estoy con estos dos proyectos a la vez.<\/span><\/p>\n<p><span style=\"font-weight: 400;\">\u00bfLa pandemia te ha llevado a sentir m\u00e1s inspiraci\u00f3n art\u00edstica?<\/span><\/p>\n<p><span style=\"font-weight: 400;\">S\u00ed. Ha sido un tiempo muy duro que nos detuvo en seco a todos. Hemos todos perdido a gente muy querida, ha sido un golpe al alma, a nuestra vida cotidiana, por un lado. Por otro lado, a m\u00ed me oblig\u00f3 a parar en casa. Llevaba a\u00f1os sin hacerlo. Esta ha sido una pel\u00edcula con muchos coproductores, y durante los \u00faltimos meses la coproducci\u00f3n estuvimos varios meses en Brasil. Y, de repente, en seco, hubo que estar en casa, con la familia, con mi hija y con mi compa\u00f1ero, con quienes hac\u00eda mucho tiempo que no est\u00e1bamos juntos. A podar el jard\u00edn, me puse a sembrar plantas con mi hija. Fue un viaje tambi\u00e9n muy bonito hacia la familia, hacia lo \u00edntimo.<\/span><\/p>\n<p><span style=\"font-weight: 400;\">Una especie de inyecci\u00f3n de humanidad\u2026<\/span><\/p>\n<p><span style=\"font-weight: 400;\">Totalmente. Y me abri\u00f3 un espacio muy generoso para ponerme a trabajar en el papel. Y a imaginar y a volar con lo que sigue.&nbsp;<\/span><\/p>\n<p><b>La pel\u00edcula<\/b><\/p>\n<p><span style=\"font-weight: 400;\">La obra de la cineasta mexicana es una adaptaci\u00f3n de la novela Ladydi de Jennifer Clement.<\/span><\/p>\n<p><b><i>Noche de fuego<\/i><\/b><span style=\"font-weight: 400;\">&nbsp;ilustra la vida de tres ni\u00f1as que habitan uno de esos pueblos. En la pel\u00edcula se puede ver el miedo que sienten las protagonistas y a la vez su desarrollo al llegar a la edad adulta, pues tienen que aprender a cuidarse para evitar que se las lleven sin dejar de lado la ternura y su humanidad.<\/span><\/p>\n<p><span style=\"font-weight: 400;\">La direcci\u00f3n y el guion de este largometraje estuvieron a cargo de Tatiana Huezo, la fotograf\u00eda la realiz\u00f3&nbsp;Dariela Ludlow&nbsp;y, de acuerdo con Filmaffinity, est\u00e1 en el g\u00e9nero de drama y adolescencia, t\u00e9rmino conocido como&nbsp;<\/span><i><span style=\"font-weight: 400;\">coming of age<\/span><\/i><span style=\"font-weight: 400;\">&nbsp;en ingl\u00e9s.<\/span><\/p>\n<p><span style=\"font-weight: 400;\">En la edici\u00f3n de 2021 de este festival franc\u00e9s otras dos actrices mexicanas tambi\u00e9n fueron reconocidas; por una parte,&nbsp;Arcelia Ram\u00edrez&nbsp;fue ovacionada por cerca de ocho minutos al finalizar la proyecci\u00f3n de la producci\u00f3n mexicana-belga-rumana llamada&nbsp;<\/span><i><span style=\"font-weight: 400;\">La Civil.&nbsp;<\/span><\/i><span style=\"font-weight: 400;\">Mientras que<\/span><i><span style=\"font-weight: 400;\">&nbsp;<\/span><\/i><span style=\"font-weight: 400;\">Salma Hayek<\/span><span style=\"font-weight: 400;\">&nbsp;recibi\u00f3 el galard\u00f3n&nbsp;<\/span><i><span style=\"font-weight: 400;\">Women in Motion<\/span><\/i><span style=\"font-weight: 400;\">&nbsp;(mujeres en movimiento) por su trayectoria.&nbsp;<\/span><\/p>\n<p><a href=\"https:\/\/redsemlac.com\/semmexico\/wp-content\/uploads\/2021\/07\/FAGNIGYD2FFSJKSJTIPRKLMGHI.jpeg\"><img loading=\"lazy\" decoding=\"async\" class=\"alignnone size-large wp-image-38314\" src=\"https:\/\/redsemlac.com\/semmexico\/wp-content\/uploads\/2021\/07\/FAGNIGYD2FFSJKSJTIPRKLMGHI-768x1024.jpeg\" alt=\"\" width=\"640\" height=\"853\"><\/a><\/p>\n","protected":false},"excerpt":{"rendered":"<p>*Recibe menci\u00f3n especial, por una historia sobre los riesgos de ser mujer y ni\u00f1a en un territorio controlado por el crimen organizado&nbsp;<\/p>\n","protected":false},"author":3,"featured_media":38313,"comment_status":"open","ping_status":"open","sticky":false,"template":"","format":"standard","meta":{"_monsterinsights_skip_tracking":false,"footnotes":""},"categories":[692,46],"tags":[529],"class_list":["post-38312","post","type-post","status-publish","format-standard","has-post-thumbnail","category-692","category-cultura-cultura","tag-cannes"],"_links":{"self":[{"href":"https:\/\/redsemlac.com\/semmexico\/wp-json\/wp\/v2\/posts\/38312","targetHints":{"allow":["GET"]}}],"collection":[{"href":"https:\/\/redsemlac.com\/semmexico\/wp-json\/wp\/v2\/posts"}],"about":[{"href":"https:\/\/redsemlac.com\/semmexico\/wp-json\/wp\/v2\/types\/post"}],"author":[{"embeddable":true,"href":"https:\/\/redsemlac.com\/semmexico\/wp-json\/wp\/v2\/users\/3"}],"replies":[{"embeddable":true,"href":"https:\/\/redsemlac.com\/semmexico\/wp-json\/wp\/v2\/comments?post=38312"}],"version-history":[{"count":0,"href":"https:\/\/redsemlac.com\/semmexico\/wp-json\/wp\/v2\/posts\/38312\/revisions"}],"wp:featuredmedia":[{"embeddable":true,"href":"https:\/\/redsemlac.com\/semmexico\/wp-json\/wp\/v2\/media\/38313"}],"wp:attachment":[{"href":"https:\/\/redsemlac.com\/semmexico\/wp-json\/wp\/v2\/media?parent=38312"}],"wp:term":[{"taxonomy":"category","embeddable":true,"href":"https:\/\/redsemlac.com\/semmexico\/wp-json\/wp\/v2\/categories?post=38312"},{"taxonomy":"post_tag","embeddable":true,"href":"https:\/\/redsemlac.com\/semmexico\/wp-json\/wp\/v2\/tags?post=38312"}],"curies":[{"name":"wp","href":"https:\/\/api.w.org\/{rel}","templated":true}]}}